{"id":17451,"date":"2024-04-17T13:00:00","date_gmt":"2024-04-17T16:00:00","guid":{"rendered":"https:\/\/vetanco.com\/br\/?p=17451"},"modified":"2024-09-17T15:35:36","modified_gmt":"2024-09-17T18:35:36","slug":"promover-a-saude-animal-anunciamos-gefferson-almeida-no-time","status":"publish","type":"post","link":"https:\/\/vetanco.com\/br\/promover-a-saude-animal-anunciamos-gefferson-almeida-no-time\/","title":{"rendered":"Promover a sa\u00fade animal: anunciamos Gefferson Almeida no time"},"content":{"rendered":"\n<p>Para refor\u00e7ar o time de Su\u00ednos na miss\u00e3o de promover a sa\u00fade animal, a Vetanco comunica a contrata\u00e7\u00e3o de Gefferson Almeida da Silva como Consultor T\u00e9cnico LATAM.<\/p>\n<p>Gefferson tem gradua\u00e7\u00e3o em Medicina Veterin\u00e1ria pela UFPR \u2013 Setor Palotina (2014) e mestrado em Ci\u00eancia Animal \u2013 Sanidade Su\u00edna tamb\u00e9m pela UFPR (2015\/2016). Al\u00e9m disso, possui MBA em Gest\u00e3o de Neg\u00f3cios pela USP Esalq (2023\/2024) e uma ampla experi\u00eancia no setor da suinocultura.<\/p>\n<p>Durante sua trajet\u00f3ria, ele prestou servi\u00e7os t\u00e9cnicos na \u00e1rea de gen\u00e9tica su\u00edna para grandes cooperativas e agroind\u00fastrias do Paran\u00e1 e tamb\u00e9m em n\u00edvel nacional.<\/p>\n<p>Entre 2020 e 2023, ocupou a presid\u00eancia da <a href=\"https:\/\/www.abraves.com.br\/\" target=\"_blank\" rel=\"noopener\">Abraves<\/a> PR. Desde 2019, leciona como professor de Produ\u00e7\u00e3o de Su\u00ednos no Programa de P\u00f3s-Gradua\u00e7\u00e3o da Universidade de Vi\u00e7osa\/MG.<\/p>\n<h1>Promo\u00e7\u00e3o da sa\u00fade animal<\/h1>\n<p>Gefferson vem para somar esfor\u00e7os \u00e0 equipe de Su\u00ednos da Vetanco Brasil. Dessa forma, ele ir\u00e1 contribuir com a miss\u00e3o de promover a sa\u00fade animal e a seguran\u00e7a alimentar. Sempre visando a sa\u00fade \u00fanica e a sustentabilidade do agroneg\u00f3cio.<\/p>\n<p>O Gerente Comercial \u2013 Su\u00ednos da Vetanco, Lucas Piroca, comenta sobre a contrata\u00e7\u00e3o. Acima de tudo, ele ressalta a gera\u00e7\u00e3o de valor \u00e0 suinocultura e a continuidade do crescimento da equipe de profissionais que comp\u00f5em a companhia.<\/p>\n<p>\u201cTemos adicionado talentos ao time da Vetanco e com o Gefferson n\u00e3o \u00e9 diferente. Estamos muito felizes em t\u00ea-lo conosco. N\u00e3o temos d\u00favidas de que, com sua expertise e experi\u00eancia, ele vai poder auxiliar tanto a equipe quanto os nossos clientes e parceiros\u201d, conclui Lucas.<\/p>\n\n","protected":false},"excerpt":{"rendered":"","protected":false},"author":7,"featured_media":17475,"comment_status":"open","ping_status":"open","sticky":false,"template":"","format":"standard","meta":{"footnotes":""},"categories":[52,43],"tags":[385,507,51],"class_list":["post-17451","post","type-post","status-publish","format-standard","has-post-thumbnail","hentry","category-geral","category-novidades","tag-contratacao","tag-saude-animal-2","tag-vetanco"],"yoast_head":"<!-- This site is optimized with the Yoast SEO plugin v27.3 - https:\/\/yoast.com\/product\/yoast-seo-wordpress\/ -->\n<title>Promover a sa\u00fade animal: anunciamos Gefferson Almeida no time - Vetanco Brasil<\/title>\n<meta name=\"description\" content=\"Para refor\u00e7ar o time de Su\u00ednos na miss\u00e3o de promover a sa\u00fade animal,\u00a0a Vetanco comunica a contrata\u00e7\u00e3o de Gefferson Almeida da Silva.\" \/>\n<meta name=\"robots\" content=\"index, follow, max-snippet:-1, max-image-preview:large, max-video-preview:-1\" \/>\n<link rel=\"canonical\" href=\"https:\/\/vetanco.com\/br\/promover-a-saude-animal-anunciamos-gefferson-almeida-no-time\/\" \/>\n<meta property=\"og:locale\" content=\"pt_BR\" \/>\n<meta property=\"og:type\" content=\"article\" \/>\n<meta property=\"og:title\" content=\"Promover a sa\u00fade animal: anunciamos Gefferson Almeida no time - Vetanco Brasil\" \/>\n<meta property=\"og:description\" content=\"Para refor\u00e7ar o time de Su\u00ednos na miss\u00e3o de promover a sa\u00fade animal,\u00a0a Vetanco comunica a contrata\u00e7\u00e3o de Gefferson Almeida da Silva.\" \/>\n<meta property=\"og:url\" content=\"https:\/\/vetanco.com\/br\/promover-a-saude-animal-anunciamos-gefferson-almeida-no-time\/\" \/>\n<meta property=\"og:site_name\" content=\"Vetanco Brasil\" \/>\n<meta property=\"article:published_time\" content=\"2024-04-17T16:00:00+00:00\" \/>\n<meta property=\"article:modified_time\" content=\"2024-09-17T18:35:36+00:00\" \/>\n<meta property=\"og:image\" content=\"https:\/\/vetanco.com\/br\/wp-content\/uploads\/2024\/09\/gefferson-silva-coordenador-tecnico-suinos-vetanco.jpg\" \/>\n\t<meta property=\"og:image:width\" content=\"800\" \/>\n\t<meta property=\"og:image:height\" content=\"450\" \/>\n\t<meta property=\"og:image:type\" content=\"image\/jpeg\" \/>\n<meta name=\"author\" content=\"Simone\" \/>\n<meta name=\"twitter:card\" content=\"summary_large_image\" \/>\n<meta name=\"twitter:label1\" content=\"Escrito por\" \/>\n\t<meta name=\"twitter:data1\" content=\"Simone\" \/>\n\t<meta name=\"twitter:label2\" content=\"Est. tempo de leitura\" \/>\n\t<meta name=\"twitter:data2\" content=\"2 minutos\" \/>\n<script type=\"application\/ld+json\" class=\"yoast-schema-graph\">{\"@context\":\"https:\\\/\\\/schema.org\",\"@graph\":[{\"@type\":\"Article\",\"@id\":\"https:\\\/\\\/vetanco.com\\\/br\\\/promover-a-saude-animal-anunciamos-gefferson-almeida-no-time\\\/#article\",\"isPartOf\":{\"@id\":\"https:\\\/\\\/vetanco.com\\\/br\\\/promover-a-saude-animal-anunciamos-gefferson-almeida-no-time\\\/\"},\"author\":{\"name\":\"Simone\",\"@id\":\"https:\\\/\\\/vetanco.com\\\/br\\\/#\\\/schema\\\/person\\\/2f1ec2742b3d4f850572c66972a797de\"},\"headline\":\"Promover a sa\u00fade animal: anunciamos Gefferson Almeida no time\",\"datePublished\":\"2024-04-17T16:00:00+00:00\",\"dateModified\":\"2024-09-17T18:35:36+00:00\",\"mainEntityOfPage\":{\"@id\":\"https:\\\/\\\/vetanco.com\\\/br\\\/promover-a-saude-animal-anunciamos-gefferson-almeida-no-time\\\/\"},\"wordCount\":293,\"commentCount\":0,\"image\":{\"@id\":\"https:\\\/\\\/vetanco.com\\\/br\\\/promover-a-saude-animal-anunciamos-gefferson-almeida-no-time\\\/#primaryimage\"},\"thumbnailUrl\":\"https:\\\/\\\/vetanco.com\\\/br\\\/wp-content\\\/uploads\\\/2024\\\/09\\\/gefferson-silva-coordenador-tecnico-suinos-vetanco.jpg\",\"keywords\":[\"contrata\u00e7\u00e3o\",\"sa\u00fade animal\",\"Vetanco\"],\"articleSection\":[\"Geral\",\"Novidades\"],\"inLanguage\":\"pt-BR\",\"potentialAction\":[{\"@type\":\"CommentAction\",\"name\":\"Comment\",\"target\":[\"https:\\\/\\\/vetanco.com\\\/br\\\/promover-a-saude-animal-anunciamos-gefferson-almeida-no-time\\\/#respond\"]}]},{\"@type\":\"WebPage\",\"@id\":\"https:\\\/\\\/vetanco.com\\\/br\\\/promover-a-saude-animal-anunciamos-gefferson-almeida-no-time\\\/\",\"url\":\"https:\\\/\\\/vetanco.com\\\/br\\\/promover-a-saude-animal-anunciamos-gefferson-almeida-no-time\\\/\",\"name\":\"Promover a sa\u00fade animal: anunciamos Gefferson Almeida no time - Vetanco Brasil\",\"isPartOf\":{\"@id\":\"https:\\\/\\\/vetanco.com\\\/br\\\/#website\"},\"primaryImageOfPage\":{\"@id\":\"https:\\\/\\\/vetanco.com\\\/br\\\/promover-a-saude-animal-anunciamos-gefferson-almeida-no-time\\\/#primaryimage\"},\"image\":{\"@id\":\"https:\\\/\\\/vetanco.com\\\/br\\\/promover-a-saude-animal-anunciamos-gefferson-almeida-no-time\\\/#primaryimage\"},\"thumbnailUrl\":\"https:\\\/\\\/vetanco.com\\\/br\\\/wp-content\\\/uploads\\\/2024\\\/09\\\/gefferson-silva-coordenador-tecnico-suinos-vetanco.jpg\",\"datePublished\":\"2024-04-17T16:00:00+00:00\",\"dateModified\":\"2024-09-17T18:35:36+00:00\",\"author\":{\"@id\":\"https:\\\/\\\/vetanco.com\\\/br\\\/#\\\/schema\\\/person\\\/2f1ec2742b3d4f850572c66972a797de\"},\"description\":\"Para refor\u00e7ar o time de Su\u00ednos na miss\u00e3o de promover a sa\u00fade animal,\u00a0a Vetanco comunica a contrata\u00e7\u00e3o de Gefferson Almeida da Silva.\",\"breadcrumb\":{\"@id\":\"https:\\\/\\\/vetanco.com\\\/br\\\/promover-a-saude-animal-anunciamos-gefferson-almeida-no-time\\\/#breadcrumb\"},\"inLanguage\":\"pt-BR\",\"potentialAction\":[{\"@type\":\"ReadAction\",\"target\":[\"https:\\\/\\\/vetanco.com\\\/br\\\/promover-a-saude-animal-anunciamos-gefferson-almeida-no-time\\\/\"]}]},{\"@type\":\"ImageObject\",\"inLanguage\":\"pt-BR\",\"@id\":\"https:\\\/\\\/vetanco.com\\\/br\\\/promover-a-saude-animal-anunciamos-gefferson-almeida-no-time\\\/#primaryimage\",\"url\":\"https:\\\/\\\/vetanco.com\\\/br\\\/wp-content\\\/uploads\\\/2024\\\/09\\\/gefferson-silva-coordenador-tecnico-suinos-vetanco.jpg\",\"contentUrl\":\"https:\\\/\\\/vetanco.com\\\/br\\\/wp-content\\\/uploads\\\/2024\\\/09\\\/gefferson-silva-coordenador-tecnico-suinos-vetanco.jpg\",\"width\":800,\"height\":450},{\"@type\":\"BreadcrumbList\",\"@id\":\"https:\\\/\\\/vetanco.com\\\/br\\\/promover-a-saude-animal-anunciamos-gefferson-almeida-no-time\\\/#breadcrumb\",\"itemListElement\":[{\"@type\":\"ListItem\",\"position\":1,\"name\":\"In\u00edcio\",\"item\":\"https:\\\/\\\/vetanco.com\\\/br\\\/\"},{\"@type\":\"ListItem\",\"position\":2,\"name\":\"Promover a sa\u00fade animal: anunciamos Gefferson Almeida no time\"}]},{\"@type\":\"WebSite\",\"@id\":\"https:\\\/\\\/vetanco.com\\\/br\\\/#website\",\"url\":\"https:\\\/\\\/vetanco.com\\\/br\\\/\",\"name\":\"Vetanco Brasil\",\"description\":\"Produtos Seguros para Alimentos Seguros\",\"potentialAction\":[{\"@type\":\"SearchAction\",\"target\":{\"@type\":\"EntryPoint\",\"urlTemplate\":\"https:\\\/\\\/vetanco.com\\\/br\\\/?s={search_term_string}\"},\"query-input\":{\"@type\":\"PropertyValueSpecification\",\"valueRequired\":true,\"valueName\":\"search_term_string\"}}],\"inLanguage\":\"pt-BR\"},{\"@type\":\"Person\",\"@id\":\"https:\\\/\\\/vetanco.com\\\/br\\\/#\\\/schema\\\/person\\\/2f1ec2742b3d4f850572c66972a797de\",\"name\":\"Simone\",\"image\":{\"@type\":\"ImageObject\",\"inLanguage\":\"pt-BR\",\"@id\":\"https:\\\/\\\/vetanco.com\\\/br\\\/wp-content\\\/uploads\\\/2024\\\/09\\\/simone-100x100.jpg\",\"url\":\"https:\\\/\\\/vetanco.com\\\/br\\\/wp-content\\\/uploads\\\/2024\\\/09\\\/simone-100x100.jpg\",\"contentUrl\":\"https:\\\/\\\/vetanco.com\\\/br\\\/wp-content\\\/uploads\\\/2024\\\/09\\\/simone-100x100.jpg\",\"caption\":\"Simone\"},\"url\":\"https:\\\/\\\/vetanco.com\\\/br\\\/author\\\/sijantsch\\\/\"}]}<\/script>\n<!-- \/ Yoast SEO plugin. -->","yoast_head_json":{"title":"Promover a sa\u00fade animal: anunciamos Gefferson Almeida no time - Vetanco Brasil","description":"Para refor\u00e7ar o time de Su\u00ednos na miss\u00e3o de promover a sa\u00fade animal,\u00a0a Vetanco comunica a contrata\u00e7\u00e3o de Gefferson Almeida da Silva.","robots":{"index":"index","follow":"follow","max-snippet":"max-snippet:-1","max-image-preview":"max-image-preview:large","max-video-preview":"max-video-preview:-1"},"canonical":"https:\/\/vetanco.com\/br\/promover-a-saude-animal-anunciamos-gefferson-almeida-no-time\/","og_locale":"pt_BR","og_type":"article","og_title":"Promover a sa\u00fade animal: anunciamos Gefferson Almeida no time - Vetanco Brasil","og_description":"Para refor\u00e7ar o time de Su\u00ednos na miss\u00e3o de promover a sa\u00fade animal,\u00a0a Vetanco comunica a contrata\u00e7\u00e3o de Gefferson Almeida da Silva.","og_url":"https:\/\/vetanco.com\/br\/promover-a-saude-animal-anunciamos-gefferson-almeida-no-time\/","og_site_name":"Vetanco Brasil","article_published_time":"2024-04-17T16:00:00+00:00","article_modified_time":"2024-09-17T18:35:36+00:00","og_image":[{"width":800,"height":450,"url":"https:\/\/vetanco.com\/br\/wp-content\/uploads\/2024\/09\/gefferson-silva-coordenador-tecnico-suinos-vetanco.jpg","type":"image\/jpeg"}],"author":"Simone","twitter_card":"summary_large_image","twitter_misc":{"Escrito por":"Simone","Est. tempo de leitura":"2 minutos"},"schema":{"@context":"https:\/\/schema.org","@graph":[{"@type":"Article","@id":"https:\/\/vetanco.com\/br\/promover-a-saude-animal-anunciamos-gefferson-almeida-no-time\/#article","isPartOf":{"@id":"https:\/\/vetanco.com\/br\/promover-a-saude-animal-anunciamos-gefferson-almeida-no-time\/"},"author":{"name":"Simone","@id":"https:\/\/vetanco.com\/br\/#\/schema\/person\/2f1ec2742b3d4f850572c66972a797de"},"headline":"Promover a sa\u00fade animal: anunciamos Gefferson Almeida no time","datePublished":"2024-04-17T16:00:00+00:00","dateModified":"2024-09-17T18:35:36+00:00","mainEntityOfPage":{"@id":"https:\/\/vetanco.com\/br\/promover-a-saude-animal-anunciamos-gefferson-almeida-no-time\/"},"wordCount":293,"commentCount":0,"image":{"@id":"https:\/\/vetanco.com\/br\/promover-a-saude-animal-anunciamos-gefferson-almeida-no-time\/#primaryimage"},"thumbnailUrl":"https:\/\/vetanco.com\/br\/wp-content\/uploads\/2024\/09\/gefferson-silva-coordenador-tecnico-suinos-vetanco.jpg","keywords":["contrata\u00e7\u00e3o","sa\u00fade animal","Vetanco"],"articleSection":["Geral","Novidades"],"inLanguage":"pt-BR","potentialAction":[{"@type":"CommentAction","name":"Comment","target":["https:\/\/vetanco.com\/br\/promover-a-saude-animal-anunciamos-gefferson-almeida-no-time\/#respond"]}]},{"@type":"WebPage","@id":"https:\/\/vetanco.com\/br\/promover-a-saude-animal-anunciamos-gefferson-almeida-no-time\/","url":"https:\/\/vetanco.com\/br\/promover-a-saude-animal-anunciamos-gefferson-almeida-no-time\/","name":"Promover a sa\u00fade animal: anunciamos Gefferson Almeida no time - Vetanco Brasil","isPartOf":{"@id":"https:\/\/vetanco.com\/br\/#website"},"primaryImageOfPage":{"@id":"https:\/\/vetanco.com\/br\/promover-a-saude-animal-anunciamos-gefferson-almeida-no-time\/#primaryimage"},"image":{"@id":"https:\/\/vetanco.com\/br\/promover-a-saude-animal-anunciamos-gefferson-almeida-no-time\/#primaryimage"},"thumbnailUrl":"https:\/\/vetanco.com\/br\/wp-content\/uploads\/2024\/09\/gefferson-silva-coordenador-tecnico-suinos-vetanco.jpg","datePublished":"2024-04-17T16:00:00+00:00","dateModified":"2024-09-17T18:35:36+00:00","author":{"@id":"https:\/\/vetanco.com\/br\/#\/schema\/person\/2f1ec2742b3d4f850572c66972a797de"},"description":"Para refor\u00e7ar o time de Su\u00ednos na miss\u00e3o de promover a sa\u00fade animal,\u00a0a Vetanco comunica a contrata\u00e7\u00e3o de Gefferson Almeida da Silva.","breadcrumb":{"@id":"https:\/\/vetanco.com\/br\/promover-a-saude-animal-anunciamos-gefferson-almeida-no-time\/#breadcrumb"},"inLanguage":"pt-BR","potentialAction":[{"@type":"ReadAction","target":["https:\/\/vetanco.com\/br\/promover-a-saude-animal-anunciamos-gefferson-almeida-no-time\/"]}]},{"@type":"ImageObject","inLanguage":"pt-BR","@id":"https:\/\/vetanco.com\/br\/promover-a-saude-animal-anunciamos-gefferson-almeida-no-time\/#primaryimage","url":"https:\/\/vetanco.com\/br\/wp-content\/uploads\/2024\/09\/gefferson-silva-coordenador-tecnico-suinos-vetanco.jpg","contentUrl":"https:\/\/vetanco.com\/br\/wp-content\/uploads\/2024\/09\/gefferson-silva-coordenador-tecnico-suinos-vetanco.jpg","width":800,"height":450},{"@type":"BreadcrumbList","@id":"https:\/\/vetanco.com\/br\/promover-a-saude-animal-anunciamos-gefferson-almeida-no-time\/#breadcrumb","itemListElement":[{"@type":"ListItem","position":1,"name":"In\u00edcio","item":"https:\/\/vetanco.com\/br\/"},{"@type":"ListItem","position":2,"name":"Promover a sa\u00fade animal: anunciamos Gefferson Almeida no time"}]},{"@type":"WebSite","@id":"https:\/\/vetanco.com\/br\/#website","url":"https:\/\/vetanco.com\/br\/","name":"Vetanco Brasil","description":"Produtos Seguros para Alimentos Seguros","potentialAction":[{"@type":"SearchAction","target":{"@type":"EntryPoint","urlTemplate":"https:\/\/vetanco.com\/br\/?s={search_term_string}"},"query-input":{"@type":"PropertyValueSpecification","valueRequired":true,"valueName":"search_term_string"}}],"inLanguage":"pt-BR"},{"@type":"Person","@id":"https:\/\/vetanco.com\/br\/#\/schema\/person\/2f1ec2742b3d4f850572c66972a797de","name":"Simone","image":{"@type":"ImageObject","inLanguage":"pt-BR","@id":"https:\/\/vetanco.com\/br\/wp-content\/uploads\/2024\/09\/simone-100x100.jpg","url":"https:\/\/vetanco.com\/br\/wp-content\/uploads\/2024\/09\/simone-100x100.jpg","contentUrl":"https:\/\/vetanco.com\/br\/wp-content\/uploads\/2024\/09\/simone-100x100.jpg","caption":"Simone"},"url":"https:\/\/vetanco.com\/br\/author\/sijantsch\/"}]}},"_links":{"self":[{"href":"https:\/\/vetanco.com\/br\/wp-json\/wp\/v2\/posts\/17451","targetHints":{"allow":["GET"]}}],"collection":[{"href":"https:\/\/vetanco.com\/br\/wp-json\/wp\/v2\/posts"}],"about":[{"href":"https:\/\/vetanco.com\/br\/wp-json\/wp\/v2\/types\/post"}],"author":[{"embeddable":true,"href":"https:\/\/vetanco.com\/br\/wp-json\/wp\/v2\/users\/7"}],"replies":[{"embeddable":true,"href":"https:\/\/vetanco.com\/br\/wp-json\/wp\/v2\/comments?post=17451"}],"version-history":[{"count":9,"href":"https:\/\/vetanco.com\/br\/wp-json\/wp\/v2\/posts\/17451\/revisions"}],"predecessor-version":[{"id":17491,"href":"https:\/\/vetanco.com\/br\/wp-json\/wp\/v2\/posts\/17451\/revisions\/17491"}],"wp:featuredmedia":[{"embeddable":true,"href":"https:\/\/vetanco.com\/br\/wp-json\/wp\/v2\/media\/17475"}],"wp:attachment":[{"href":"https:\/\/vetanco.com\/br\/wp-json\/wp\/v2\/media?parent=17451"}],"wp:term":[{"taxonomy":"category","embeddable":true,"href":"https:\/\/vetanco.com\/br\/wp-json\/wp\/v2\/categories?post=17451"},{"taxonomy":"post_tag","embeddable":true,"href":"https:\/\/vetanco.com\/br\/wp-json\/wp\/v2\/tags?post=17451"}],"curies":[{"name":"wp","href":"https:\/\/api.w.org\/{rel}","templated":true}]}}