{"id":20439,"date":"2023-07-28T10:50:00","date_gmt":"2023-07-28T13:50:00","guid":{"rendered":"https:\/\/vetanco.com\/br\/?p=20439"},"modified":"2025-06-12T15:47:48","modified_gmt":"2025-06-12T18:47:48","slug":"vetancid-day-abre-programacao-da-reuniao-nacional-de-avicultura","status":"publish","type":"post","link":"https:\/\/vetanco.com\/br\/vetancid-day-abre-programacao-da-reuniao-nacional-de-avicultura\/","title":{"rendered":"Vetancid Day abre programa\u00e7\u00e3o da Reuni\u00e3o Nacional de Avicultura"},"content":{"rendered":"\n<p>A <a href=\"https:\/\/vetanco.com\/br\/institucional\/\" target=\"_blank\" rel=\"noopener\">Vetanco<\/a> realizou, na \u00faltima semana, sua primeira Reuni\u00e3o Nacional de Avicultura, tendo o Vetancid Day na abertura da programa\u00e7\u00e3o. A atividade contou com os times Aves Sul e Norte, al\u00e9m da Dire\u00e7\u00e3o, Ger\u00eancia de Biol\u00f3gicos, Ger\u00eancia de Marketing e Departamento T\u00e9cnico da empresa.<span style=\"font-size: 14.4px\">\u00a0<\/span><\/p>\n<p>O encontro surgiu com a proposta de incentivar ainda mais a uni\u00e3o entre as equipes. E, ao mesmo tempo, promover um debate mais aprofundado sobre determinado produto e sua respectiva plataforma, com foco cont\u00ednuo em melhorias na biosseguridade, na sa\u00fade e no bem-estar animal.<\/p>\n<p>\u201cTodos os talentos foram levados em considera\u00e7\u00e3o para um debate amplo, com foco no nosso aprimoramento profissional. Um momento singular dentro da Vetanco, aonde os esfor\u00e7os foram somados para buscar os resultados esperados, alinhado ao que a companhia nos traz como metas\u201d, avalia Mauro Renan Felin, Gerente Comercial \u2013 Aves Sul da Vetanco.<\/p>\n<h1>Vetancid Day<\/h1>\n<p>Como j\u00e1 mencionado, o Vetancid Day deu in\u00edcio \u00e0 programa\u00e7\u00e3o, colocando em destaque um dos principais produtos da Vetanco: o Vetancid. Esse produto integra a Plataforma Vetancid, que tem como pilares a biosseguridade, a sa\u00fade e o bem-estar animal \u2014 abordados anteriormente.<\/p>\n<p>Destacam-se, nesse contexto, os profissionais Alison Turcatel e Roney Santos, especialistas da Vetanco que atuam diretamente na Plataforma Vetancid. Eles se dedicam continuamente \u00e0 busca por inova\u00e7\u00f5es e ao aprimoramento dos processos envolvidos.<\/p>\n<p>\u201cUma excelente oportunidade para trocar experi\u00eancias e para o relacionamento com a equipe e profissionais de outras regi\u00f5es, pelas diferentes realidades, especialmente nesse momento de tantos desafios para a avicultura brasileira\u201d, comenta Bruno Milagres, Gerente Comercial &#8211; Aves Norte da Vetanco.<\/p>\n<p>Em sequ\u00eancia ao Vetancid Day, as equipes Aves Sul e Aves Norte se reuniram para debater suas regionais.<\/p>\n<h1>A solu\u00e7\u00e3o mais completa do mercado<\/h1>\n<p>A Plataforma Vetancid \u00e9 a associa\u00e7\u00e3o de produtos, servi\u00e7os e processos mais completa do mercado para o controle de cascudinhos \u2013\u00a0o <em>Alphitobius diaperinus<\/em>.<\/p>\n<p>Inserida em um rigoroso programa de biosseguridade nas propriedades av\u00edcolas, ela assegura um produto final de alta qualidade. Al\u00e9m disso, promove a seguran\u00e7a alimentar, o bem-estar animal e a sustentabilidade \u2013 pilares do conceito One Health (Sa\u00fade \u00danica).<\/p>\n<p>A Plataforma Vetancid se tornou destaque pelos resultados obtidos a campo. Esse sucesso se deve \u00e0 sua estrutura completa, que re\u00fane uma equipe especializada de assistentes t\u00e9cnicos, o App Vetancid, o Programa Vetancid Nocaute, al\u00e9m de equipamentos espec\u00edficos para aplica\u00e7\u00e3o, itens de prote\u00e7\u00e3o individual e treinamentos customizados.<\/p>\n\n","protected":false},"excerpt":{"rendered":"","protected":false},"author":7,"featured_media":20442,"comment_status":"open","ping_status":"open","sticky":false,"template":"","format":"standard","meta":{"footnotes":""},"categories":[45,57],"tags":[48,50,643,51,186],"class_list":["post-20439","post","type-post","status-publish","format-standard","has-post-thumbnail","hentry","category-noticias","category-palestras-tecnicas","tag-avicultura","tag-vetancid","tag-vetancid-day","tag-vetanco","tag-vetanco-brasil"],"yoast_head":"<!-- This site is optimized with the Yoast SEO plugin v27.3 - https:\/\/yoast.com\/product\/yoast-seo-wordpress\/ -->\n<title>Vetancid Day abre programa\u00e7\u00e3o da Reuni\u00e3o Nacional de Avicultura - Vetanco Brasil<\/title>\n<meta name=\"description\" content=\"A Vetanco realizou sua primeira Reuni\u00e3o Nacional de Avicultura, tendo o Vetancid Day como abertura da programa\u00e7\u00e3o.\" \/>\n<meta name=\"robots\" content=\"index, follow, max-snippet:-1, max-image-preview:large, max-video-preview:-1\" \/>\n<link rel=\"canonical\" href=\"https:\/\/vetanco.com\/br\/vetancid-day-abre-programacao-da-reuniao-nacional-de-avicultura\/\" \/>\n<meta property=\"og:locale\" content=\"pt_BR\" \/>\n<meta property=\"og:type\" content=\"article\" \/>\n<meta property=\"og:title\" content=\"Vetancid Day abre programa\u00e7\u00e3o da Reuni\u00e3o Nacional de Avicultura - Vetanco Brasil\" \/>\n<meta property=\"og:description\" content=\"A Vetanco realizou sua primeira Reuni\u00e3o Nacional de Avicultura, tendo o Vetancid Day como abertura da programa\u00e7\u00e3o.\" \/>\n<meta property=\"og:url\" content=\"https:\/\/vetanco.com\/br\/vetancid-day-abre-programacao-da-reuniao-nacional-de-avicultura\/\" \/>\n<meta property=\"og:site_name\" content=\"Vetanco Brasil\" \/>\n<meta property=\"article:published_time\" content=\"2023-07-28T13:50:00+00:00\" \/>\n<meta property=\"article:modified_time\" content=\"2025-06-12T18:47:48+00:00\" \/>\n<meta property=\"og:image\" content=\"https:\/\/vetanco.com\/br\/wp-content\/uploads\/2024\/11\/vetancid-day-vetanco-avicultura.png\" \/>\n\t<meta property=\"og:image:width\" content=\"800\" \/>\n\t<meta property=\"og:image:height\" content=\"450\" \/>\n\t<meta property=\"og:image:type\" content=\"image\/png\" \/>\n<meta name=\"author\" content=\"Simone\" \/>\n<meta name=\"twitter:card\" content=\"summary_large_image\" \/>\n<meta name=\"twitter:label1\" content=\"Escrito por\" \/>\n\t<meta name=\"twitter:data1\" content=\"Simone\" \/>\n\t<meta name=\"twitter:label2\" content=\"Est. tempo de leitura\" \/>\n\t<meta name=\"twitter:data2\" content=\"3 minutos\" \/>\n<script type=\"application\/ld+json\" class=\"yoast-schema-graph\">{\"@context\":\"https:\\\/\\\/schema.org\",\"@graph\":[{\"@type\":\"Article\",\"@id\":\"https:\\\/\\\/vetanco.com\\\/br\\\/vetancid-day-abre-programacao-da-reuniao-nacional-de-avicultura\\\/#article\",\"isPartOf\":{\"@id\":\"https:\\\/\\\/vetanco.com\\\/br\\\/vetancid-day-abre-programacao-da-reuniao-nacional-de-avicultura\\\/\"},\"author\":{\"name\":\"Simone\",\"@id\":\"https:\\\/\\\/vetanco.com\\\/br\\\/#\\\/schema\\\/person\\\/2f1ec2742b3d4f850572c66972a797de\"},\"headline\":\"Vetancid Day abre programa\u00e7\u00e3o da Reuni\u00e3o Nacional de Avicultura\",\"datePublished\":\"2023-07-28T13:50:00+00:00\",\"dateModified\":\"2025-06-12T18:47:48+00:00\",\"mainEntityOfPage\":{\"@id\":\"https:\\\/\\\/vetanco.com\\\/br\\\/vetancid-day-abre-programacao-da-reuniao-nacional-de-avicultura\\\/\"},\"wordCount\":428,\"commentCount\":0,\"image\":{\"@id\":\"https:\\\/\\\/vetanco.com\\\/br\\\/vetancid-day-abre-programacao-da-reuniao-nacional-de-avicultura\\\/#primaryimage\"},\"thumbnailUrl\":\"https:\\\/\\\/vetanco.com\\\/br\\\/wp-content\\\/uploads\\\/2024\\\/11\\\/vetancid-day-vetanco-avicultura.png\",\"keywords\":[\"Avicultura\",\"Vetancid\",\"Vetancid Day\",\"Vetanco\",\"VETANCO BRASIL\"],\"articleSection\":[\"Not\u00edcias\",\"Palestras t\u00e9cnicas\"],\"inLanguage\":\"pt-BR\",\"potentialAction\":[{\"@type\":\"CommentAction\",\"name\":\"Comment\",\"target\":[\"https:\\\/\\\/vetanco.com\\\/br\\\/vetancid-day-abre-programacao-da-reuniao-nacional-de-avicultura\\\/#respond\"]}]},{\"@type\":\"WebPage\",\"@id\":\"https:\\\/\\\/vetanco.com\\\/br\\\/vetancid-day-abre-programacao-da-reuniao-nacional-de-avicultura\\\/\",\"url\":\"https:\\\/\\\/vetanco.com\\\/br\\\/vetancid-day-abre-programacao-da-reuniao-nacional-de-avicultura\\\/\",\"name\":\"Vetancid Day abre programa\u00e7\u00e3o da Reuni\u00e3o Nacional de Avicultura - Vetanco Brasil\",\"isPartOf\":{\"@id\":\"https:\\\/\\\/vetanco.com\\\/br\\\/#website\"},\"primaryImageOfPage\":{\"@id\":\"https:\\\/\\\/vetanco.com\\\/br\\\/vetancid-day-abre-programacao-da-reuniao-nacional-de-avicultura\\\/#primaryimage\"},\"image\":{\"@id\":\"https:\\\/\\\/vetanco.com\\\/br\\\/vetancid-day-abre-programacao-da-reuniao-nacional-de-avicultura\\\/#primaryimage\"},\"thumbnailUrl\":\"https:\\\/\\\/vetanco.com\\\/br\\\/wp-content\\\/uploads\\\/2024\\\/11\\\/vetancid-day-vetanco-avicultura.png\",\"datePublished\":\"2023-07-28T13:50:00+00:00\",\"dateModified\":\"2025-06-12T18:47:48+00:00\",\"author\":{\"@id\":\"https:\\\/\\\/vetanco.com\\\/br\\\/#\\\/schema\\\/person\\\/2f1ec2742b3d4f850572c66972a797de\"},\"description\":\"A Vetanco realizou sua primeira Reuni\u00e3o Nacional de Avicultura, tendo o Vetancid Day como abertura da programa\u00e7\u00e3o.\",\"breadcrumb\":{\"@id\":\"https:\\\/\\\/vetanco.com\\\/br\\\/vetancid-day-abre-programacao-da-reuniao-nacional-de-avicultura\\\/#breadcrumb\"},\"inLanguage\":\"pt-BR\",\"potentialAction\":[{\"@type\":\"ReadAction\",\"target\":[\"https:\\\/\\\/vetanco.com\\\/br\\\/vetancid-day-abre-programacao-da-reuniao-nacional-de-avicultura\\\/\"]}]},{\"@type\":\"ImageObject\",\"inLanguage\":\"pt-BR\",\"@id\":\"https:\\\/\\\/vetanco.com\\\/br\\\/vetancid-day-abre-programacao-da-reuniao-nacional-de-avicultura\\\/#primaryimage\",\"url\":\"https:\\\/\\\/vetanco.com\\\/br\\\/wp-content\\\/uploads\\\/2024\\\/11\\\/vetancid-day-vetanco-avicultura.png\",\"contentUrl\":\"https:\\\/\\\/vetanco.com\\\/br\\\/wp-content\\\/uploads\\\/2024\\\/11\\\/vetancid-day-vetanco-avicultura.png\",\"width\":800,\"height\":450},{\"@type\":\"BreadcrumbList\",\"@id\":\"https:\\\/\\\/vetanco.com\\\/br\\\/vetancid-day-abre-programacao-da-reuniao-nacional-de-avicultura\\\/#breadcrumb\",\"itemListElement\":[{\"@type\":\"ListItem\",\"position\":1,\"name\":\"In\u00edcio\",\"item\":\"https:\\\/\\\/vetanco.com\\\/br\\\/\"},{\"@type\":\"ListItem\",\"position\":2,\"name\":\"Vetancid Day abre programa\u00e7\u00e3o da Reuni\u00e3o Nacional de Avicultura\"}]},{\"@type\":\"WebSite\",\"@id\":\"https:\\\/\\\/vetanco.com\\\/br\\\/#website\",\"url\":\"https:\\\/\\\/vetanco.com\\\/br\\\/\",\"name\":\"Vetanco Brasil\",\"description\":\"Produtos Seguros para Alimentos Seguros\",\"potentialAction\":[{\"@type\":\"SearchAction\",\"target\":{\"@type\":\"EntryPoint\",\"urlTemplate\":\"https:\\\/\\\/vetanco.com\\\/br\\\/?s={search_term_string}\"},\"query-input\":{\"@type\":\"PropertyValueSpecification\",\"valueRequired\":true,\"valueName\":\"search_term_string\"}}],\"inLanguage\":\"pt-BR\"},{\"@type\":\"Person\",\"@id\":\"https:\\\/\\\/vetanco.com\\\/br\\\/#\\\/schema\\\/person\\\/2f1ec2742b3d4f850572c66972a797de\",\"name\":\"Simone\",\"image\":{\"@type\":\"ImageObject\",\"inLanguage\":\"pt-BR\",\"@id\":\"https:\\\/\\\/vetanco.com\\\/br\\\/wp-content\\\/uploads\\\/2024\\\/09\\\/simone-100x100.jpg\",\"url\":\"https:\\\/\\\/vetanco.com\\\/br\\\/wp-content\\\/uploads\\\/2024\\\/09\\\/simone-100x100.jpg\",\"contentUrl\":\"https:\\\/\\\/vetanco.com\\\/br\\\/wp-content\\\/uploads\\\/2024\\\/09\\\/simone-100x100.jpg\",\"caption\":\"Simone\"},\"url\":\"https:\\\/\\\/vetanco.com\\\/br\\\/author\\\/sijantsch\\\/\"}]}<\/script>\n<!-- \/ Yoast SEO plugin. -->","yoast_head_json":{"title":"Vetancid Day abre programa\u00e7\u00e3o da Reuni\u00e3o Nacional de Avicultura - Vetanco Brasil","description":"A Vetanco realizou sua primeira Reuni\u00e3o Nacional de Avicultura, tendo o Vetancid Day como abertura da programa\u00e7\u00e3o.","robots":{"index":"index","follow":"follow","max-snippet":"max-snippet:-1","max-image-preview":"max-image-preview:large","max-video-preview":"max-video-preview:-1"},"canonical":"https:\/\/vetanco.com\/br\/vetancid-day-abre-programacao-da-reuniao-nacional-de-avicultura\/","og_locale":"pt_BR","og_type":"article","og_title":"Vetancid Day abre programa\u00e7\u00e3o da Reuni\u00e3o Nacional de Avicultura - Vetanco Brasil","og_description":"A Vetanco realizou sua primeira Reuni\u00e3o Nacional de Avicultura, tendo o Vetancid Day como abertura da programa\u00e7\u00e3o.","og_url":"https:\/\/vetanco.com\/br\/vetancid-day-abre-programacao-da-reuniao-nacional-de-avicultura\/","og_site_name":"Vetanco Brasil","article_published_time":"2023-07-28T13:50:00+00:00","article_modified_time":"2025-06-12T18:47:48+00:00","og_image":[{"width":800,"height":450,"url":"https:\/\/vetanco.com\/br\/wp-content\/uploads\/2024\/11\/vetancid-day-vetanco-avicultura.png","type":"image\/png"}],"author":"Simone","twitter_card":"summary_large_image","twitter_misc":{"Escrito por":"Simone","Est. tempo de leitura":"3 minutos"},"schema":{"@context":"https:\/\/schema.org","@graph":[{"@type":"Article","@id":"https:\/\/vetanco.com\/br\/vetancid-day-abre-programacao-da-reuniao-nacional-de-avicultura\/#article","isPartOf":{"@id":"https:\/\/vetanco.com\/br\/vetancid-day-abre-programacao-da-reuniao-nacional-de-avicultura\/"},"author":{"name":"Simone","@id":"https:\/\/vetanco.com\/br\/#\/schema\/person\/2f1ec2742b3d4f850572c66972a797de"},"headline":"Vetancid Day abre programa\u00e7\u00e3o da Reuni\u00e3o Nacional de Avicultura","datePublished":"2023-07-28T13:50:00+00:00","dateModified":"2025-06-12T18:47:48+00:00","mainEntityOfPage":{"@id":"https:\/\/vetanco.com\/br\/vetancid-day-abre-programacao-da-reuniao-nacional-de-avicultura\/"},"wordCount":428,"commentCount":0,"image":{"@id":"https:\/\/vetanco.com\/br\/vetancid-day-abre-programacao-da-reuniao-nacional-de-avicultura\/#primaryimage"},"thumbnailUrl":"https:\/\/vetanco.com\/br\/wp-content\/uploads\/2024\/11\/vetancid-day-vetanco-avicultura.png","keywords":["Avicultura","Vetancid","Vetancid Day","Vetanco","VETANCO BRASIL"],"articleSection":["Not\u00edcias","Palestras t\u00e9cnicas"],"inLanguage":"pt-BR","potentialAction":[{"@type":"CommentAction","name":"Comment","target":["https:\/\/vetanco.com\/br\/vetancid-day-abre-programacao-da-reuniao-nacional-de-avicultura\/#respond"]}]},{"@type":"WebPage","@id":"https:\/\/vetanco.com\/br\/vetancid-day-abre-programacao-da-reuniao-nacional-de-avicultura\/","url":"https:\/\/vetanco.com\/br\/vetancid-day-abre-programacao-da-reuniao-nacional-de-avicultura\/","name":"Vetancid Day abre programa\u00e7\u00e3o da Reuni\u00e3o Nacional de Avicultura - Vetanco Brasil","isPartOf":{"@id":"https:\/\/vetanco.com\/br\/#website"},"primaryImageOfPage":{"@id":"https:\/\/vetanco.com\/br\/vetancid-day-abre-programacao-da-reuniao-nacional-de-avicultura\/#primaryimage"},"image":{"@id":"https:\/\/vetanco.com\/br\/vetancid-day-abre-programacao-da-reuniao-nacional-de-avicultura\/#primaryimage"},"thumbnailUrl":"https:\/\/vetanco.com\/br\/wp-content\/uploads\/2024\/11\/vetancid-day-vetanco-avicultura.png","datePublished":"2023-07-28T13:50:00+00:00","dateModified":"2025-06-12T18:47:48+00:00","author":{"@id":"https:\/\/vetanco.com\/br\/#\/schema\/person\/2f1ec2742b3d4f850572c66972a797de"},"description":"A Vetanco realizou sua primeira Reuni\u00e3o Nacional de Avicultura, tendo o Vetancid Day como abertura da programa\u00e7\u00e3o.","breadcrumb":{"@id":"https:\/\/vetanco.com\/br\/vetancid-day-abre-programacao-da-reuniao-nacional-de-avicultura\/#breadcrumb"},"inLanguage":"pt-BR","potentialAction":[{"@type":"ReadAction","target":["https:\/\/vetanco.com\/br\/vetancid-day-abre-programacao-da-reuniao-nacional-de-avicultura\/"]}]},{"@type":"ImageObject","inLanguage":"pt-BR","@id":"https:\/\/vetanco.com\/br\/vetancid-day-abre-programacao-da-reuniao-nacional-de-avicultura\/#primaryimage","url":"https:\/\/vetanco.com\/br\/wp-content\/uploads\/2024\/11\/vetancid-day-vetanco-avicultura.png","contentUrl":"https:\/\/vetanco.com\/br\/wp-content\/uploads\/2024\/11\/vetancid-day-vetanco-avicultura.png","width":800,"height":450},{"@type":"BreadcrumbList","@id":"https:\/\/vetanco.com\/br\/vetancid-day-abre-programacao-da-reuniao-nacional-de-avicultura\/#breadcrumb","itemListElement":[{"@type":"ListItem","position":1,"name":"In\u00edcio","item":"https:\/\/vetanco.com\/br\/"},{"@type":"ListItem","position":2,"name":"Vetancid Day abre programa\u00e7\u00e3o da Reuni\u00e3o Nacional de Avicultura"}]},{"@type":"WebSite","@id":"https:\/\/vetanco.com\/br\/#website","url":"https:\/\/vetanco.com\/br\/","name":"Vetanco Brasil","description":"Produtos Seguros para Alimentos Seguros","potentialAction":[{"@type":"SearchAction","target":{"@type":"EntryPoint","urlTemplate":"https:\/\/vetanco.com\/br\/?s={search_term_string}"},"query-input":{"@type":"PropertyValueSpecification","valueRequired":true,"valueName":"search_term_string"}}],"inLanguage":"pt-BR"},{"@type":"Person","@id":"https:\/\/vetanco.com\/br\/#\/schema\/person\/2f1ec2742b3d4f850572c66972a797de","name":"Simone","image":{"@type":"ImageObject","inLanguage":"pt-BR","@id":"https:\/\/vetanco.com\/br\/wp-content\/uploads\/2024\/09\/simone-100x100.jpg","url":"https:\/\/vetanco.com\/br\/wp-content\/uploads\/2024\/09\/simone-100x100.jpg","contentUrl":"https:\/\/vetanco.com\/br\/wp-content\/uploads\/2024\/09\/simone-100x100.jpg","caption":"Simone"},"url":"https:\/\/vetanco.com\/br\/author\/sijantsch\/"}]}},"_links":{"self":[{"href":"https:\/\/vetanco.com\/br\/wp-json\/wp\/v2\/posts\/20439","targetHints":{"allow":["GET"]}}],"collection":[{"href":"https:\/\/vetanco.com\/br\/wp-json\/wp\/v2\/posts"}],"about":[{"href":"https:\/\/vetanco.com\/br\/wp-json\/wp\/v2\/types\/post"}],"author":[{"embeddable":true,"href":"https:\/\/vetanco.com\/br\/wp-json\/wp\/v2\/users\/7"}],"replies":[{"embeddable":true,"href":"https:\/\/vetanco.com\/br\/wp-json\/wp\/v2\/comments?post=20439"}],"version-history":[{"count":8,"href":"https:\/\/vetanco.com\/br\/wp-json\/wp\/v2\/posts\/20439\/revisions"}],"predecessor-version":[{"id":25294,"href":"https:\/\/vetanco.com\/br\/wp-json\/wp\/v2\/posts\/20439\/revisions\/25294"}],"wp:featuredmedia":[{"embeddable":true,"href":"https:\/\/vetanco.com\/br\/wp-json\/wp\/v2\/media\/20442"}],"wp:attachment":[{"href":"https:\/\/vetanco.com\/br\/wp-json\/wp\/v2\/media?parent=20439"}],"wp:term":[{"taxonomy":"category","embeddable":true,"href":"https:\/\/vetanco.com\/br\/wp-json\/wp\/v2\/categories?post=20439"},{"taxonomy":"post_tag","embeddable":true,"href":"https:\/\/vetanco.com\/br\/wp-json\/wp\/v2\/tags?post=20439"}],"curies":[{"name":"wp","href":"https:\/\/api.w.org\/{rel}","templated":true}]}}