{"id":20821,"date":"2022-03-18T18:06:00","date_gmt":"2022-03-18T21:06:00","guid":{"rendered":"https:\/\/vetanco.com\/br\/?p=20821"},"modified":"2025-09-15T14:05:44","modified_gmt":"2025-09-15T17:05:44","slug":"vetanco-reafirma-apoio-junto-ao-tradicional-encontro-regional-da-abraves-pr","status":"publish","type":"post","link":"https:\/\/vetanco.com\/br\/vetanco-reafirma-apoio-junto-ao-tradicional-encontro-regional-da-abraves-pr\/","title":{"rendered":"Vetanco reafirma apoio ao Encontro Regional da Abraves-PR"},"content":{"rendered":"\n<p>Nos dias 16 e 17 de mar\u00e7o, a <a href=\"https:\/\/abravespr.com.br\/\" target=\"_blank\" rel=\"noopener\">Associa\u00e7\u00e3o Brasileira de Veterin\u00e1rios Especialistas em Su\u00ednos Regional do Paran\u00e1<\/a> (Abraves-PR) realizou o j\u00e1 tradicional Encontro Regional da Abraves-PR, em Toledo. Este ano, o evento chegou \u00e0 sua 16\u00aa edi\u00e7\u00e3o. Al\u00e9m disso, o encontro contou com o patroc\u00ednio da Vetanco.<\/p>\n<p>\u201c\u00c9 um encontro que agrega conhecimento t\u00e9cnico e gera\u00e7\u00e3o de valores, por isso, torna-se importante estarmos presentes. O Abraves-PR tem se destacado na suinocultura pela qualidade da programa\u00e7\u00e3o. Contamos com a presen\u00e7a de palestrantes renomados durante esses dois dias e discuss\u00f5es extremamente relevantes para melhoria e capacita\u00e7\u00e3o do setor\u201d, ressalta Luciana Diniz dos Santos, Coordenadora de Territ\u00f3rio \u2013 Su\u00ednos.\u00a0<\/p>\n<p>Para Eduardo Miotto Ternus, consultor t\u00e9cnico LATAM \u2013 Su\u00ednos, o Encontro Regional da Abraves destaca-se como um evento bastante completo, do in\u00edcio ao fim. \u201cUm pr\u00e9-evento estrat\u00e9gico abordando toda a problem\u00e1tica gerada pelo Senecav\u00edrus; um primeiro dia de evento bastante pol\u00eamico focado principalmente na destina\u00e7\u00e3o dos animais mortos nas granjas. Chegando ao \u00faltimo dia com temas motivacionais e temas direcionados ao cuidado das pessoas, que s\u00e3o o nosso maior valor dentro das companhias\u201d, comenta.<\/p>\n<p>Este ano, o Encontro Regional contou com o tema \u201cSuperando desafios\u201d, reafirmando sua tradi\u00e7\u00e3o como evento t\u00e9cnico e cient\u00edfico da suinocultura paranaense.<\/p>\n<h1>Sobre a Vetanco<\/h1>\n<p>A <a href=\"https:\/\/vetanco.com\/br\/institucional\/\" target=\"_blank\" rel=\"noopener\">Vetanco<\/a> \u00e9 um laborat\u00f3rio veterin\u00e1rio internacional que, desde 1987, desenvolve, fabrica e comercializa produtos inovadores para a sa\u00fade animal.<\/p>\n<p>Atualmente, estamos presentes em mais de 40 pa\u00edses. Por isso, oferecemos produtos internacionalmente comprovados, controlados e seguros para a melhoria da produtividade e da seguran\u00e7a agroalimentar. Tudo isso dentro dos mais altos padr\u00f5es de qualidade, exigidos pelos mercados mais criteriosos.<\/p>\n<p><strong>Vetanco: produtos seguros para alimentos seguros.<\/strong><\/p>\n\n","protected":false},"excerpt":{"rendered":"","protected":false},"author":7,"featured_media":20824,"comment_status":"open","ping_status":"open","sticky":false,"template":"","format":"standard","meta":{"footnotes":""},"categories":[1,52,45],"tags":[213,701,498,51,186],"class_list":["post-20821","post","type-post","status-publish","format-standard","has-post-thumbnail","hentry","category-eventos","category-geral","category-noticias","tag-abraves","tag-encontro-regional-abraves","tag-suinos","tag-vetanco","tag-vetanco-brasil"],"yoast_head":"<!-- This site is optimized with the Yoast SEO plugin v27.3 - https:\/\/yoast.com\/product\/yoast-seo-wordpress\/ -->\n<title>Vetanco reafirma apoio ao Encontro Regional da Abraves-PR - Vetanco Brasil<\/title>\n<meta name=\"description\" content=\"A Vetanco patrocinou o 16\u00ba Encontro Regional da Abraves-PR, que reuniu especialistas em su\u00ednos para troca de conhecimento e experi\u00eancias.\" \/>\n<meta name=\"robots\" content=\"index, follow, max-snippet:-1, max-image-preview:large, max-video-preview:-1\" \/>\n<link rel=\"canonical\" href=\"https:\/\/vetanco.com\/br\/vetanco-reafirma-apoio-junto-ao-tradicional-encontro-regional-da-abraves-pr\/\" \/>\n<meta property=\"og:locale\" content=\"pt_BR\" \/>\n<meta property=\"og:type\" content=\"article\" \/>\n<meta property=\"og:title\" content=\"Vetanco reafirma apoio ao Encontro Regional da Abraves-PR - Vetanco Brasil\" \/>\n<meta property=\"og:description\" content=\"A Vetanco patrocinou o 16\u00ba Encontro Regional da Abraves-PR, que reuniu especialistas em su\u00ednos para troca de conhecimento e experi\u00eancias.\" \/>\n<meta property=\"og:url\" content=\"https:\/\/vetanco.com\/br\/vetanco-reafirma-apoio-junto-ao-tradicional-encontro-regional-da-abraves-pr\/\" \/>\n<meta property=\"og:site_name\" content=\"Vetanco Brasil\" \/>\n<meta property=\"article:published_time\" content=\"2022-03-18T21:06:00+00:00\" \/>\n<meta property=\"article:modified_time\" content=\"2025-09-15T17:05:44+00:00\" \/>\n<meta property=\"og:image\" content=\"https:\/\/vetanco.com\/br\/wp-content\/uploads\/2024\/11\/encontro-regional-abraves-parana-vetanco.png\" \/>\n\t<meta property=\"og:image:width\" content=\"800\" \/>\n\t<meta property=\"og:image:height\" content=\"450\" \/>\n\t<meta property=\"og:image:type\" content=\"image\/png\" \/>\n<meta name=\"author\" content=\"Simone\" \/>\n<meta name=\"twitter:card\" content=\"summary_large_image\" \/>\n<meta name=\"twitter:label1\" content=\"Escrito por\" \/>\n\t<meta name=\"twitter:data1\" content=\"Simone\" \/>\n\t<meta name=\"twitter:label2\" content=\"Est. tempo de leitura\" \/>\n\t<meta name=\"twitter:data2\" content=\"2 minutos\" \/>\n<script type=\"application\/ld+json\" class=\"yoast-schema-graph\">{\"@context\":\"https:\\\/\\\/schema.org\",\"@graph\":[{\"@type\":\"Article\",\"@id\":\"https:\\\/\\\/vetanco.com\\\/br\\\/vetanco-reafirma-apoio-junto-ao-tradicional-encontro-regional-da-abraves-pr\\\/#article\",\"isPartOf\":{\"@id\":\"https:\\\/\\\/vetanco.com\\\/br\\\/vetanco-reafirma-apoio-junto-ao-tradicional-encontro-regional-da-abraves-pr\\\/\"},\"author\":{\"name\":\"Simone\",\"@id\":\"https:\\\/\\\/vetanco.com\\\/br\\\/#\\\/schema\\\/person\\\/2f1ec2742b3d4f850572c66972a797de\"},\"headline\":\"Vetanco reafirma apoio ao Encontro Regional da Abraves-PR\",\"datePublished\":\"2022-03-18T21:06:00+00:00\",\"dateModified\":\"2025-09-15T17:05:44+00:00\",\"mainEntityOfPage\":{\"@id\":\"https:\\\/\\\/vetanco.com\\\/br\\\/vetanco-reafirma-apoio-junto-ao-tradicional-encontro-regional-da-abraves-pr\\\/\"},\"wordCount\":304,\"commentCount\":0,\"image\":{\"@id\":\"https:\\\/\\\/vetanco.com\\\/br\\\/vetanco-reafirma-apoio-junto-ao-tradicional-encontro-regional-da-abraves-pr\\\/#primaryimage\"},\"thumbnailUrl\":\"https:\\\/\\\/vetanco.com\\\/br\\\/wp-content\\\/uploads\\\/2024\\\/11\\\/encontro-regional-abraves-parana-vetanco.png\",\"keywords\":[\"Abraves\",\"Encontro Regional Abraves\",\"su\u00ednos\",\"Vetanco\",\"VETANCO BRASIL\"],\"articleSection\":[\"Eventos\",\"Geral\",\"Not\u00edcias\"],\"inLanguage\":\"pt-BR\",\"potentialAction\":[{\"@type\":\"CommentAction\",\"name\":\"Comment\",\"target\":[\"https:\\\/\\\/vetanco.com\\\/br\\\/vetanco-reafirma-apoio-junto-ao-tradicional-encontro-regional-da-abraves-pr\\\/#respond\"]}]},{\"@type\":\"WebPage\",\"@id\":\"https:\\\/\\\/vetanco.com\\\/br\\\/vetanco-reafirma-apoio-junto-ao-tradicional-encontro-regional-da-abraves-pr\\\/\",\"url\":\"https:\\\/\\\/vetanco.com\\\/br\\\/vetanco-reafirma-apoio-junto-ao-tradicional-encontro-regional-da-abraves-pr\\\/\",\"name\":\"Vetanco reafirma apoio ao Encontro Regional da Abraves-PR - Vetanco Brasil\",\"isPartOf\":{\"@id\":\"https:\\\/\\\/vetanco.com\\\/br\\\/#website\"},\"primaryImageOfPage\":{\"@id\":\"https:\\\/\\\/vetanco.com\\\/br\\\/vetanco-reafirma-apoio-junto-ao-tradicional-encontro-regional-da-abraves-pr\\\/#primaryimage\"},\"image\":{\"@id\":\"https:\\\/\\\/vetanco.com\\\/br\\\/vetanco-reafirma-apoio-junto-ao-tradicional-encontro-regional-da-abraves-pr\\\/#primaryimage\"},\"thumbnailUrl\":\"https:\\\/\\\/vetanco.com\\\/br\\\/wp-content\\\/uploads\\\/2024\\\/11\\\/encontro-regional-abraves-parana-vetanco.png\",\"datePublished\":\"2022-03-18T21:06:00+00:00\",\"dateModified\":\"2025-09-15T17:05:44+00:00\",\"author\":{\"@id\":\"https:\\\/\\\/vetanco.com\\\/br\\\/#\\\/schema\\\/person\\\/2f1ec2742b3d4f850572c66972a797de\"},\"description\":\"A Vetanco patrocinou o 16\u00ba Encontro Regional da Abraves-PR, que reuniu especialistas em su\u00ednos para troca de conhecimento e experi\u00eancias.\",\"breadcrumb\":{\"@id\":\"https:\\\/\\\/vetanco.com\\\/br\\\/vetanco-reafirma-apoio-junto-ao-tradicional-encontro-regional-da-abraves-pr\\\/#breadcrumb\"},\"inLanguage\":\"pt-BR\",\"potentialAction\":[{\"@type\":\"ReadAction\",\"target\":[\"https:\\\/\\\/vetanco.com\\\/br\\\/vetanco-reafirma-apoio-junto-ao-tradicional-encontro-regional-da-abraves-pr\\\/\"]}]},{\"@type\":\"ImageObject\",\"inLanguage\":\"pt-BR\",\"@id\":\"https:\\\/\\\/vetanco.com\\\/br\\\/vetanco-reafirma-apoio-junto-ao-tradicional-encontro-regional-da-abraves-pr\\\/#primaryimage\",\"url\":\"https:\\\/\\\/vetanco.com\\\/br\\\/wp-content\\\/uploads\\\/2024\\\/11\\\/encontro-regional-abraves-parana-vetanco.png\",\"contentUrl\":\"https:\\\/\\\/vetanco.com\\\/br\\\/wp-content\\\/uploads\\\/2024\\\/11\\\/encontro-regional-abraves-parana-vetanco.png\",\"width\":800,\"height\":450},{\"@type\":\"BreadcrumbList\",\"@id\":\"https:\\\/\\\/vetanco.com\\\/br\\\/vetanco-reafirma-apoio-junto-ao-tradicional-encontro-regional-da-abraves-pr\\\/#breadcrumb\",\"itemListElement\":[{\"@type\":\"ListItem\",\"position\":1,\"name\":\"In\u00edcio\",\"item\":\"https:\\\/\\\/vetanco.com\\\/br\\\/\"},{\"@type\":\"ListItem\",\"position\":2,\"name\":\"Vetanco reafirma apoio ao Encontro Regional da Abraves-PR\"}]},{\"@type\":\"WebSite\",\"@id\":\"https:\\\/\\\/vetanco.com\\\/br\\\/#website\",\"url\":\"https:\\\/\\\/vetanco.com\\\/br\\\/\",\"name\":\"Vetanco Brasil\",\"description\":\"Produtos Seguros para Alimentos Seguros\",\"potentialAction\":[{\"@type\":\"SearchAction\",\"target\":{\"@type\":\"EntryPoint\",\"urlTemplate\":\"https:\\\/\\\/vetanco.com\\\/br\\\/?s={search_term_string}\"},\"query-input\":{\"@type\":\"PropertyValueSpecification\",\"valueRequired\":true,\"valueName\":\"search_term_string\"}}],\"inLanguage\":\"pt-BR\"},{\"@type\":\"Person\",\"@id\":\"https:\\\/\\\/vetanco.com\\\/br\\\/#\\\/schema\\\/person\\\/2f1ec2742b3d4f850572c66972a797de\",\"name\":\"Simone\",\"image\":{\"@type\":\"ImageObject\",\"inLanguage\":\"pt-BR\",\"@id\":\"https:\\\/\\\/vetanco.com\\\/br\\\/wp-content\\\/uploads\\\/2024\\\/09\\\/simone-100x100.jpg\",\"url\":\"https:\\\/\\\/vetanco.com\\\/br\\\/wp-content\\\/uploads\\\/2024\\\/09\\\/simone-100x100.jpg\",\"contentUrl\":\"https:\\\/\\\/vetanco.com\\\/br\\\/wp-content\\\/uploads\\\/2024\\\/09\\\/simone-100x100.jpg\",\"caption\":\"Simone\"},\"url\":\"https:\\\/\\\/vetanco.com\\\/br\\\/author\\\/sijantsch\\\/\"}]}<\/script>\n<!-- \/ Yoast SEO plugin. -->","yoast_head_json":{"title":"Vetanco reafirma apoio ao Encontro Regional da Abraves-PR - Vetanco Brasil","description":"A Vetanco patrocinou o 16\u00ba Encontro Regional da Abraves-PR, que reuniu especialistas em su\u00ednos para troca de conhecimento e experi\u00eancias.","robots":{"index":"index","follow":"follow","max-snippet":"max-snippet:-1","max-image-preview":"max-image-preview:large","max-video-preview":"max-video-preview:-1"},"canonical":"https:\/\/vetanco.com\/br\/vetanco-reafirma-apoio-junto-ao-tradicional-encontro-regional-da-abraves-pr\/","og_locale":"pt_BR","og_type":"article","og_title":"Vetanco reafirma apoio ao Encontro Regional da Abraves-PR - Vetanco Brasil","og_description":"A Vetanco patrocinou o 16\u00ba Encontro Regional da Abraves-PR, que reuniu especialistas em su\u00ednos para troca de conhecimento e experi\u00eancias.","og_url":"https:\/\/vetanco.com\/br\/vetanco-reafirma-apoio-junto-ao-tradicional-encontro-regional-da-abraves-pr\/","og_site_name":"Vetanco Brasil","article_published_time":"2022-03-18T21:06:00+00:00","article_modified_time":"2025-09-15T17:05:44+00:00","og_image":[{"width":800,"height":450,"url":"https:\/\/vetanco.com\/br\/wp-content\/uploads\/2024\/11\/encontro-regional-abraves-parana-vetanco.png","type":"image\/png"}],"author":"Simone","twitter_card":"summary_large_image","twitter_misc":{"Escrito por":"Simone","Est. tempo de leitura":"2 minutos"},"schema":{"@context":"https:\/\/schema.org","@graph":[{"@type":"Article","@id":"https:\/\/vetanco.com\/br\/vetanco-reafirma-apoio-junto-ao-tradicional-encontro-regional-da-abraves-pr\/#article","isPartOf":{"@id":"https:\/\/vetanco.com\/br\/vetanco-reafirma-apoio-junto-ao-tradicional-encontro-regional-da-abraves-pr\/"},"author":{"name":"Simone","@id":"https:\/\/vetanco.com\/br\/#\/schema\/person\/2f1ec2742b3d4f850572c66972a797de"},"headline":"Vetanco reafirma apoio ao Encontro Regional da Abraves-PR","datePublished":"2022-03-18T21:06:00+00:00","dateModified":"2025-09-15T17:05:44+00:00","mainEntityOfPage":{"@id":"https:\/\/vetanco.com\/br\/vetanco-reafirma-apoio-junto-ao-tradicional-encontro-regional-da-abraves-pr\/"},"wordCount":304,"commentCount":0,"image":{"@id":"https:\/\/vetanco.com\/br\/vetanco-reafirma-apoio-junto-ao-tradicional-encontro-regional-da-abraves-pr\/#primaryimage"},"thumbnailUrl":"https:\/\/vetanco.com\/br\/wp-content\/uploads\/2024\/11\/encontro-regional-abraves-parana-vetanco.png","keywords":["Abraves","Encontro Regional Abraves","su\u00ednos","Vetanco","VETANCO BRASIL"],"articleSection":["Eventos","Geral","Not\u00edcias"],"inLanguage":"pt-BR","potentialAction":[{"@type":"CommentAction","name":"Comment","target":["https:\/\/vetanco.com\/br\/vetanco-reafirma-apoio-junto-ao-tradicional-encontro-regional-da-abraves-pr\/#respond"]}]},{"@type":"WebPage","@id":"https:\/\/vetanco.com\/br\/vetanco-reafirma-apoio-junto-ao-tradicional-encontro-regional-da-abraves-pr\/","url":"https:\/\/vetanco.com\/br\/vetanco-reafirma-apoio-junto-ao-tradicional-encontro-regional-da-abraves-pr\/","name":"Vetanco reafirma apoio ao Encontro Regional da Abraves-PR - Vetanco Brasil","isPartOf":{"@id":"https:\/\/vetanco.com\/br\/#website"},"primaryImageOfPage":{"@id":"https:\/\/vetanco.com\/br\/vetanco-reafirma-apoio-junto-ao-tradicional-encontro-regional-da-abraves-pr\/#primaryimage"},"image":{"@id":"https:\/\/vetanco.com\/br\/vetanco-reafirma-apoio-junto-ao-tradicional-encontro-regional-da-abraves-pr\/#primaryimage"},"thumbnailUrl":"https:\/\/vetanco.com\/br\/wp-content\/uploads\/2024\/11\/encontro-regional-abraves-parana-vetanco.png","datePublished":"2022-03-18T21:06:00+00:00","dateModified":"2025-09-15T17:05:44+00:00","author":{"@id":"https:\/\/vetanco.com\/br\/#\/schema\/person\/2f1ec2742b3d4f850572c66972a797de"},"description":"A Vetanco patrocinou o 16\u00ba Encontro Regional da Abraves-PR, que reuniu especialistas em su\u00ednos para troca de conhecimento e experi\u00eancias.","breadcrumb":{"@id":"https:\/\/vetanco.com\/br\/vetanco-reafirma-apoio-junto-ao-tradicional-encontro-regional-da-abraves-pr\/#breadcrumb"},"inLanguage":"pt-BR","potentialAction":[{"@type":"ReadAction","target":["https:\/\/vetanco.com\/br\/vetanco-reafirma-apoio-junto-ao-tradicional-encontro-regional-da-abraves-pr\/"]}]},{"@type":"ImageObject","inLanguage":"pt-BR","@id":"https:\/\/vetanco.com\/br\/vetanco-reafirma-apoio-junto-ao-tradicional-encontro-regional-da-abraves-pr\/#primaryimage","url":"https:\/\/vetanco.com\/br\/wp-content\/uploads\/2024\/11\/encontro-regional-abraves-parana-vetanco.png","contentUrl":"https:\/\/vetanco.com\/br\/wp-content\/uploads\/2024\/11\/encontro-regional-abraves-parana-vetanco.png","width":800,"height":450},{"@type":"BreadcrumbList","@id":"https:\/\/vetanco.com\/br\/vetanco-reafirma-apoio-junto-ao-tradicional-encontro-regional-da-abraves-pr\/#breadcrumb","itemListElement":[{"@type":"ListItem","position":1,"name":"In\u00edcio","item":"https:\/\/vetanco.com\/br\/"},{"@type":"ListItem","position":2,"name":"Vetanco reafirma apoio ao Encontro Regional da Abraves-PR"}]},{"@type":"WebSite","@id":"https:\/\/vetanco.com\/br\/#website","url":"https:\/\/vetanco.com\/br\/","name":"Vetanco Brasil","description":"Produtos Seguros para Alimentos Seguros","potentialAction":[{"@type":"SearchAction","target":{"@type":"EntryPoint","urlTemplate":"https:\/\/vetanco.com\/br\/?s={search_term_string}"},"query-input":{"@type":"PropertyValueSpecification","valueRequired":true,"valueName":"search_term_string"}}],"inLanguage":"pt-BR"},{"@type":"Person","@id":"https:\/\/vetanco.com\/br\/#\/schema\/person\/2f1ec2742b3d4f850572c66972a797de","name":"Simone","image":{"@type":"ImageObject","inLanguage":"pt-BR","@id":"https:\/\/vetanco.com\/br\/wp-content\/uploads\/2024\/09\/simone-100x100.jpg","url":"https:\/\/vetanco.com\/br\/wp-content\/uploads\/2024\/09\/simone-100x100.jpg","contentUrl":"https:\/\/vetanco.com\/br\/wp-content\/uploads\/2024\/09\/simone-100x100.jpg","caption":"Simone"},"url":"https:\/\/vetanco.com\/br\/author\/sijantsch\/"}]}},"_links":{"self":[{"href":"https:\/\/vetanco.com\/br\/wp-json\/wp\/v2\/posts\/20821","targetHints":{"allow":["GET"]}}],"collection":[{"href":"https:\/\/vetanco.com\/br\/wp-json\/wp\/v2\/posts"}],"about":[{"href":"https:\/\/vetanco.com\/br\/wp-json\/wp\/v2\/types\/post"}],"author":[{"embeddable":true,"href":"https:\/\/vetanco.com\/br\/wp-json\/wp\/v2\/users\/7"}],"replies":[{"embeddable":true,"href":"https:\/\/vetanco.com\/br\/wp-json\/wp\/v2\/comments?post=20821"}],"version-history":[{"count":7,"href":"https:\/\/vetanco.com\/br\/wp-json\/wp\/v2\/posts\/20821\/revisions"}],"predecessor-version":[{"id":26955,"href":"https:\/\/vetanco.com\/br\/wp-json\/wp\/v2\/posts\/20821\/revisions\/26955"}],"wp:featuredmedia":[{"embeddable":true,"href":"https:\/\/vetanco.com\/br\/wp-json\/wp\/v2\/media\/20824"}],"wp:attachment":[{"href":"https:\/\/vetanco.com\/br\/wp-json\/wp\/v2\/media?parent=20821"}],"wp:term":[{"taxonomy":"category","embeddable":true,"href":"https:\/\/vetanco.com\/br\/wp-json\/wp\/v2\/categories?post=20821"},{"taxonomy":"post_tag","embeddable":true,"href":"https:\/\/vetanco.com\/br\/wp-json\/wp\/v2\/tags?post=20821"}],"curies":[{"name":"wp","href":"https:\/\/api.w.org\/{rel}","templated":true}]}}