{"id":21201,"date":"2021-03-10T23:29:00","date_gmt":"2021-03-11T02:29:00","guid":{"rendered":"https:\/\/vetanco.com\/br\/?p=21201"},"modified":"2025-11-03T23:15:30","modified_gmt":"2025-11-04T02:15:30","slug":"departamento-tecnico-comercial-aves-sul-da-vetanco-ganha-reforco-no-time-2","status":"publish","type":"post","link":"https:\/\/vetanco.com\/br\/departamento-tecnico-comercial-aves-sul-da-vetanco-ganha-reforco-no-time-2\/","title":{"rendered":"T\u00e9cnico\/Comercial Aves Sul da Vetanco ganha refor\u00e7o"},"content":{"rendered":"\n<p>A Vetanco refor\u00e7a seu compromisso com a excel\u00eancia t\u00e9cnica e o fortalecimento de seu time ao anunciar a contrata\u00e7\u00e3o de Bruno Giacomelli para o Setor T\u00e9cnico Comercial Aves Sul. O novo Assistente T\u00e9cnico\/Comercial \u00e9 m\u00e9dico-veterin\u00e1rio graduado pela Universidade do Oeste de Santa Catarina (<a href=\"https:\/\/www.unoesc.edu.br\/\" target=\"_blank\" rel=\"noopener\">UNOESC<\/a>) e atualmente cursa P\u00f3s-gradua\u00e7\u00e3o em Sanidade de Aves.<\/p>\n<p>Com experi\u00eancia em assist\u00eancia t\u00e9cnica em granjas de frango de corte e atua\u00e7\u00e3o na agroind\u00fastria av\u00edcola, Bruno chega para contribuir com o desenvolvimento de solu\u00e7\u00f5es inovadoras e com o atendimento de qualidade que s\u00e3o marcas da Vetanco Brasil.<\/p>\n<h1>Sobre a Vetanco<\/h1>\n<p>A <a href=\"https:\/\/vetanco.com\/br\/institucional\/\" target=\"_blank\" rel=\"noopener\">Vetanco<\/a> \u00e9 um laborat\u00f3rio veterin\u00e1rio internacional que, desde 1987, desenvolve, fabrica e comercializa produtos inovadores para a sa\u00fade animal.<\/p>\n<p>Atualmente, estamos presentes em mais de 40 pa\u00edses. Por isso, oferecemos produtos internacionalmente comprovados, controlados e seguros para a melhoria da produtividade e da seguran\u00e7a agroalimentar. Tudo isso dentro dos mais altos padr\u00f5es de qualidade, exigidos pelos mercados mais criteriosos.<\/p>\n<p><strong>Vetanco: produtos seguros para alimentos seguros.<\/strong><\/p>\n\n","protected":false},"excerpt":{"rendered":"","protected":false},"author":7,"featured_media":21204,"comment_status":"open","ping_status":"open","sticky":false,"template":"","format":"standard","meta":{"footnotes":""},"categories":[46,45],"tags":[275,876,507,51,186],"class_list":["post-21201","post","type-post","status-publish","format-standard","has-post-thumbnail","hentry","category-espaco-do-colaborador","category-noticias","tag-aves","tag-frango-de-corte","tag-saude-animal-2","tag-vetanco","tag-vetanco-brasil"],"yoast_head":"<!-- This site is optimized with the Yoast SEO plugin v27.3 - https:\/\/yoast.com\/product\/yoast-seo-wordpress\/ -->\n<title>T\u00e9cnico\/Comercial Aves Sul da Vetanco ganha refor\u00e7o - Vetanco Brasil<\/title>\n<meta name=\"description\" content=\"A Vetanco anunciou a contrata\u00e7\u00e3o do m\u00e9dico-veterin\u00e1rio Bruno Giacomelli como Assistente T\u00e9cnico\/Comercial na Unidade de Neg\u00f3cios Aves Sul.\" \/>\n<meta name=\"robots\" content=\"index, follow, max-snippet:-1, max-image-preview:large, max-video-preview:-1\" \/>\n<link rel=\"canonical\" href=\"https:\/\/vetanco.com\/br\/departamento-tecnico-comercial-aves-sul-da-vetanco-ganha-reforco-no-time-2\/\" \/>\n<meta property=\"og:locale\" content=\"pt_BR\" \/>\n<meta property=\"og:type\" content=\"article\" \/>\n<meta property=\"og:title\" content=\"T\u00e9cnico\/Comercial Aves Sul da Vetanco ganha refor\u00e7o - Vetanco Brasil\" \/>\n<meta property=\"og:description\" content=\"A Vetanco anunciou a contrata\u00e7\u00e3o do m\u00e9dico-veterin\u00e1rio Bruno Giacomelli como Assistente T\u00e9cnico\/Comercial na Unidade de Neg\u00f3cios Aves Sul.\" \/>\n<meta property=\"og:url\" content=\"https:\/\/vetanco.com\/br\/departamento-tecnico-comercial-aves-sul-da-vetanco-ganha-reforco-no-time-2\/\" \/>\n<meta property=\"og:site_name\" content=\"Vetanco Brasil\" \/>\n<meta property=\"article:published_time\" content=\"2021-03-11T02:29:00+00:00\" \/>\n<meta property=\"article:modified_time\" content=\"2025-11-04T02:15:30+00:00\" \/>\n<meta property=\"og:image\" content=\"https:\/\/vetanco.com\/br\/wp-content\/uploads\/2024\/11\/bruno-giacomelli-equipe-vetanco.png\" \/>\n\t<meta property=\"og:image:width\" content=\"1600\" \/>\n\t<meta property=\"og:image:height\" content=\"900\" \/>\n\t<meta property=\"og:image:type\" content=\"image\/png\" \/>\n<meta name=\"author\" content=\"Simone\" \/>\n<meta name=\"twitter:card\" content=\"summary_large_image\" \/>\n<meta name=\"twitter:label1\" content=\"Escrito por\" \/>\n\t<meta name=\"twitter:data1\" content=\"Simone\" \/>\n\t<meta name=\"twitter:label2\" content=\"Est. tempo de leitura\" \/>\n\t<meta name=\"twitter:data2\" content=\"2 minutos\" \/>\n<script type=\"application\/ld+json\" class=\"yoast-schema-graph\">{\"@context\":\"https:\\\/\\\/schema.org\",\"@graph\":[{\"@type\":\"Article\",\"@id\":\"https:\\\/\\\/vetanco.com\\\/br\\\/departamento-tecnico-comercial-aves-sul-da-vetanco-ganha-reforco-no-time-2\\\/#article\",\"isPartOf\":{\"@id\":\"https:\\\/\\\/vetanco.com\\\/br\\\/departamento-tecnico-comercial-aves-sul-da-vetanco-ganha-reforco-no-time-2\\\/\"},\"author\":{\"name\":\"Simone\",\"@id\":\"https:\\\/\\\/vetanco.com\\\/br\\\/#\\\/schema\\\/person\\\/2f1ec2742b3d4f850572c66972a797de\"},\"headline\":\"T\u00e9cnico\\\/Comercial Aves Sul da Vetanco ganha refor\u00e7o\",\"datePublished\":\"2021-03-11T02:29:00+00:00\",\"dateModified\":\"2025-11-04T02:15:30+00:00\",\"mainEntityOfPage\":{\"@id\":\"https:\\\/\\\/vetanco.com\\\/br\\\/departamento-tecnico-comercial-aves-sul-da-vetanco-ganha-reforco-no-time-2\\\/\"},\"wordCount\":190,\"commentCount\":0,\"image\":{\"@id\":\"https:\\\/\\\/vetanco.com\\\/br\\\/departamento-tecnico-comercial-aves-sul-da-vetanco-ganha-reforco-no-time-2\\\/#primaryimage\"},\"thumbnailUrl\":\"https:\\\/\\\/vetanco.com\\\/br\\\/wp-content\\\/uploads\\\/2024\\\/11\\\/bruno-giacomelli-equipe-vetanco.png\",\"keywords\":[\"aves\",\"frango de corte\",\"sa\u00fade animal\",\"Vetanco\",\"VETANCO BRASIL\"],\"articleSection\":[\"Espa\u00e7o do Colaborador\",\"Not\u00edcias\"],\"inLanguage\":\"pt-BR\",\"potentialAction\":[{\"@type\":\"CommentAction\",\"name\":\"Comment\",\"target\":[\"https:\\\/\\\/vetanco.com\\\/br\\\/departamento-tecnico-comercial-aves-sul-da-vetanco-ganha-reforco-no-time-2\\\/#respond\"]}]},{\"@type\":\"WebPage\",\"@id\":\"https:\\\/\\\/vetanco.com\\\/br\\\/departamento-tecnico-comercial-aves-sul-da-vetanco-ganha-reforco-no-time-2\\\/\",\"url\":\"https:\\\/\\\/vetanco.com\\\/br\\\/departamento-tecnico-comercial-aves-sul-da-vetanco-ganha-reforco-no-time-2\\\/\",\"name\":\"T\u00e9cnico\\\/Comercial Aves Sul da Vetanco ganha refor\u00e7o - Vetanco Brasil\",\"isPartOf\":{\"@id\":\"https:\\\/\\\/vetanco.com\\\/br\\\/#website\"},\"primaryImageOfPage\":{\"@id\":\"https:\\\/\\\/vetanco.com\\\/br\\\/departamento-tecnico-comercial-aves-sul-da-vetanco-ganha-reforco-no-time-2\\\/#primaryimage\"},\"image\":{\"@id\":\"https:\\\/\\\/vetanco.com\\\/br\\\/departamento-tecnico-comercial-aves-sul-da-vetanco-ganha-reforco-no-time-2\\\/#primaryimage\"},\"thumbnailUrl\":\"https:\\\/\\\/vetanco.com\\\/br\\\/wp-content\\\/uploads\\\/2024\\\/11\\\/bruno-giacomelli-equipe-vetanco.png\",\"datePublished\":\"2021-03-11T02:29:00+00:00\",\"dateModified\":\"2025-11-04T02:15:30+00:00\",\"author\":{\"@id\":\"https:\\\/\\\/vetanco.com\\\/br\\\/#\\\/schema\\\/person\\\/2f1ec2742b3d4f850572c66972a797de\"},\"description\":\"A Vetanco anunciou a contrata\u00e7\u00e3o do m\u00e9dico-veterin\u00e1rio Bruno Giacomelli como Assistente T\u00e9cnico\\\/Comercial na Unidade de Neg\u00f3cios Aves Sul.\",\"breadcrumb\":{\"@id\":\"https:\\\/\\\/vetanco.com\\\/br\\\/departamento-tecnico-comercial-aves-sul-da-vetanco-ganha-reforco-no-time-2\\\/#breadcrumb\"},\"inLanguage\":\"pt-BR\",\"potentialAction\":[{\"@type\":\"ReadAction\",\"target\":[\"https:\\\/\\\/vetanco.com\\\/br\\\/departamento-tecnico-comercial-aves-sul-da-vetanco-ganha-reforco-no-time-2\\\/\"]}]},{\"@type\":\"ImageObject\",\"inLanguage\":\"pt-BR\",\"@id\":\"https:\\\/\\\/vetanco.com\\\/br\\\/departamento-tecnico-comercial-aves-sul-da-vetanco-ganha-reforco-no-time-2\\\/#primaryimage\",\"url\":\"https:\\\/\\\/vetanco.com\\\/br\\\/wp-content\\\/uploads\\\/2024\\\/11\\\/bruno-giacomelli-equipe-vetanco.png\",\"contentUrl\":\"https:\\\/\\\/vetanco.com\\\/br\\\/wp-content\\\/uploads\\\/2024\\\/11\\\/bruno-giacomelli-equipe-vetanco.png\",\"width\":1600,\"height\":900},{\"@type\":\"BreadcrumbList\",\"@id\":\"https:\\\/\\\/vetanco.com\\\/br\\\/departamento-tecnico-comercial-aves-sul-da-vetanco-ganha-reforco-no-time-2\\\/#breadcrumb\",\"itemListElement\":[{\"@type\":\"ListItem\",\"position\":1,\"name\":\"In\u00edcio\",\"item\":\"https:\\\/\\\/vetanco.com\\\/br\\\/\"},{\"@type\":\"ListItem\",\"position\":2,\"name\":\"T\u00e9cnico\\\/Comercial Aves Sul da Vetanco ganha refor\u00e7o\"}]},{\"@type\":\"WebSite\",\"@id\":\"https:\\\/\\\/vetanco.com\\\/br\\\/#website\",\"url\":\"https:\\\/\\\/vetanco.com\\\/br\\\/\",\"name\":\"Vetanco Brasil\",\"description\":\"Produtos Seguros para Alimentos Seguros\",\"potentialAction\":[{\"@type\":\"SearchAction\",\"target\":{\"@type\":\"EntryPoint\",\"urlTemplate\":\"https:\\\/\\\/vetanco.com\\\/br\\\/?s={search_term_string}\"},\"query-input\":{\"@type\":\"PropertyValueSpecification\",\"valueRequired\":true,\"valueName\":\"search_term_string\"}}],\"inLanguage\":\"pt-BR\"},{\"@type\":\"Person\",\"@id\":\"https:\\\/\\\/vetanco.com\\\/br\\\/#\\\/schema\\\/person\\\/2f1ec2742b3d4f850572c66972a797de\",\"name\":\"Simone\",\"image\":{\"@type\":\"ImageObject\",\"inLanguage\":\"pt-BR\",\"@id\":\"https:\\\/\\\/vetanco.com\\\/br\\\/wp-content\\\/uploads\\\/2024\\\/09\\\/simone-100x100.jpg\",\"url\":\"https:\\\/\\\/vetanco.com\\\/br\\\/wp-content\\\/uploads\\\/2024\\\/09\\\/simone-100x100.jpg\",\"contentUrl\":\"https:\\\/\\\/vetanco.com\\\/br\\\/wp-content\\\/uploads\\\/2024\\\/09\\\/simone-100x100.jpg\",\"caption\":\"Simone\"},\"url\":\"https:\\\/\\\/vetanco.com\\\/br\\\/author\\\/sijantsch\\\/\"}]}<\/script>\n<!-- \/ Yoast SEO plugin. -->","yoast_head_json":{"title":"T\u00e9cnico\/Comercial Aves Sul da Vetanco ganha refor\u00e7o - Vetanco Brasil","description":"A Vetanco anunciou a contrata\u00e7\u00e3o do m\u00e9dico-veterin\u00e1rio Bruno Giacomelli como Assistente T\u00e9cnico\/Comercial na Unidade de Neg\u00f3cios Aves Sul.","robots":{"index":"index","follow":"follow","max-snippet":"max-snippet:-1","max-image-preview":"max-image-preview:large","max-video-preview":"max-video-preview:-1"},"canonical":"https:\/\/vetanco.com\/br\/departamento-tecnico-comercial-aves-sul-da-vetanco-ganha-reforco-no-time-2\/","og_locale":"pt_BR","og_type":"article","og_title":"T\u00e9cnico\/Comercial Aves Sul da Vetanco ganha refor\u00e7o - Vetanco Brasil","og_description":"A Vetanco anunciou a contrata\u00e7\u00e3o do m\u00e9dico-veterin\u00e1rio Bruno Giacomelli como Assistente T\u00e9cnico\/Comercial na Unidade de Neg\u00f3cios Aves Sul.","og_url":"https:\/\/vetanco.com\/br\/departamento-tecnico-comercial-aves-sul-da-vetanco-ganha-reforco-no-time-2\/","og_site_name":"Vetanco Brasil","article_published_time":"2021-03-11T02:29:00+00:00","article_modified_time":"2025-11-04T02:15:30+00:00","og_image":[{"width":1600,"height":900,"url":"https:\/\/vetanco.com\/br\/wp-content\/uploads\/2024\/11\/bruno-giacomelli-equipe-vetanco.png","type":"image\/png"}],"author":"Simone","twitter_card":"summary_large_image","twitter_misc":{"Escrito por":"Simone","Est. tempo de leitura":"2 minutos"},"schema":{"@context":"https:\/\/schema.org","@graph":[{"@type":"Article","@id":"https:\/\/vetanco.com\/br\/departamento-tecnico-comercial-aves-sul-da-vetanco-ganha-reforco-no-time-2\/#article","isPartOf":{"@id":"https:\/\/vetanco.com\/br\/departamento-tecnico-comercial-aves-sul-da-vetanco-ganha-reforco-no-time-2\/"},"author":{"name":"Simone","@id":"https:\/\/vetanco.com\/br\/#\/schema\/person\/2f1ec2742b3d4f850572c66972a797de"},"headline":"T\u00e9cnico\/Comercial Aves Sul da Vetanco ganha refor\u00e7o","datePublished":"2021-03-11T02:29:00+00:00","dateModified":"2025-11-04T02:15:30+00:00","mainEntityOfPage":{"@id":"https:\/\/vetanco.com\/br\/departamento-tecnico-comercial-aves-sul-da-vetanco-ganha-reforco-no-time-2\/"},"wordCount":190,"commentCount":0,"image":{"@id":"https:\/\/vetanco.com\/br\/departamento-tecnico-comercial-aves-sul-da-vetanco-ganha-reforco-no-time-2\/#primaryimage"},"thumbnailUrl":"https:\/\/vetanco.com\/br\/wp-content\/uploads\/2024\/11\/bruno-giacomelli-equipe-vetanco.png","keywords":["aves","frango de corte","sa\u00fade animal","Vetanco","VETANCO BRASIL"],"articleSection":["Espa\u00e7o do Colaborador","Not\u00edcias"],"inLanguage":"pt-BR","potentialAction":[{"@type":"CommentAction","name":"Comment","target":["https:\/\/vetanco.com\/br\/departamento-tecnico-comercial-aves-sul-da-vetanco-ganha-reforco-no-time-2\/#respond"]}]},{"@type":"WebPage","@id":"https:\/\/vetanco.com\/br\/departamento-tecnico-comercial-aves-sul-da-vetanco-ganha-reforco-no-time-2\/","url":"https:\/\/vetanco.com\/br\/departamento-tecnico-comercial-aves-sul-da-vetanco-ganha-reforco-no-time-2\/","name":"T\u00e9cnico\/Comercial Aves Sul da Vetanco ganha refor\u00e7o - Vetanco Brasil","isPartOf":{"@id":"https:\/\/vetanco.com\/br\/#website"},"primaryImageOfPage":{"@id":"https:\/\/vetanco.com\/br\/departamento-tecnico-comercial-aves-sul-da-vetanco-ganha-reforco-no-time-2\/#primaryimage"},"image":{"@id":"https:\/\/vetanco.com\/br\/departamento-tecnico-comercial-aves-sul-da-vetanco-ganha-reforco-no-time-2\/#primaryimage"},"thumbnailUrl":"https:\/\/vetanco.com\/br\/wp-content\/uploads\/2024\/11\/bruno-giacomelli-equipe-vetanco.png","datePublished":"2021-03-11T02:29:00+00:00","dateModified":"2025-11-04T02:15:30+00:00","author":{"@id":"https:\/\/vetanco.com\/br\/#\/schema\/person\/2f1ec2742b3d4f850572c66972a797de"},"description":"A Vetanco anunciou a contrata\u00e7\u00e3o do m\u00e9dico-veterin\u00e1rio Bruno Giacomelli como Assistente T\u00e9cnico\/Comercial na Unidade de Neg\u00f3cios Aves Sul.","breadcrumb":{"@id":"https:\/\/vetanco.com\/br\/departamento-tecnico-comercial-aves-sul-da-vetanco-ganha-reforco-no-time-2\/#breadcrumb"},"inLanguage":"pt-BR","potentialAction":[{"@type":"ReadAction","target":["https:\/\/vetanco.com\/br\/departamento-tecnico-comercial-aves-sul-da-vetanco-ganha-reforco-no-time-2\/"]}]},{"@type":"ImageObject","inLanguage":"pt-BR","@id":"https:\/\/vetanco.com\/br\/departamento-tecnico-comercial-aves-sul-da-vetanco-ganha-reforco-no-time-2\/#primaryimage","url":"https:\/\/vetanco.com\/br\/wp-content\/uploads\/2024\/11\/bruno-giacomelli-equipe-vetanco.png","contentUrl":"https:\/\/vetanco.com\/br\/wp-content\/uploads\/2024\/11\/bruno-giacomelli-equipe-vetanco.png","width":1600,"height":900},{"@type":"BreadcrumbList","@id":"https:\/\/vetanco.com\/br\/departamento-tecnico-comercial-aves-sul-da-vetanco-ganha-reforco-no-time-2\/#breadcrumb","itemListElement":[{"@type":"ListItem","position":1,"name":"In\u00edcio","item":"https:\/\/vetanco.com\/br\/"},{"@type":"ListItem","position":2,"name":"T\u00e9cnico\/Comercial Aves Sul da Vetanco ganha refor\u00e7o"}]},{"@type":"WebSite","@id":"https:\/\/vetanco.com\/br\/#website","url":"https:\/\/vetanco.com\/br\/","name":"Vetanco Brasil","description":"Produtos Seguros para Alimentos Seguros","potentialAction":[{"@type":"SearchAction","target":{"@type":"EntryPoint","urlTemplate":"https:\/\/vetanco.com\/br\/?s={search_term_string}"},"query-input":{"@type":"PropertyValueSpecification","valueRequired":true,"valueName":"search_term_string"}}],"inLanguage":"pt-BR"},{"@type":"Person","@id":"https:\/\/vetanco.com\/br\/#\/schema\/person\/2f1ec2742b3d4f850572c66972a797de","name":"Simone","image":{"@type":"ImageObject","inLanguage":"pt-BR","@id":"https:\/\/vetanco.com\/br\/wp-content\/uploads\/2024\/09\/simone-100x100.jpg","url":"https:\/\/vetanco.com\/br\/wp-content\/uploads\/2024\/09\/simone-100x100.jpg","contentUrl":"https:\/\/vetanco.com\/br\/wp-content\/uploads\/2024\/09\/simone-100x100.jpg","caption":"Simone"},"url":"https:\/\/vetanco.com\/br\/author\/sijantsch\/"}]}},"_links":{"self":[{"href":"https:\/\/vetanco.com\/br\/wp-json\/wp\/v2\/posts\/21201","targetHints":{"allow":["GET"]}}],"collection":[{"href":"https:\/\/vetanco.com\/br\/wp-json\/wp\/v2\/posts"}],"about":[{"href":"https:\/\/vetanco.com\/br\/wp-json\/wp\/v2\/types\/post"}],"author":[{"embeddable":true,"href":"https:\/\/vetanco.com\/br\/wp-json\/wp\/v2\/users\/7"}],"replies":[{"embeddable":true,"href":"https:\/\/vetanco.com\/br\/wp-json\/wp\/v2\/comments?post=21201"}],"version-history":[{"count":4,"href":"https:\/\/vetanco.com\/br\/wp-json\/wp\/v2\/posts\/21201\/revisions"}],"predecessor-version":[{"id":27719,"href":"https:\/\/vetanco.com\/br\/wp-json\/wp\/v2\/posts\/21201\/revisions\/27719"}],"wp:featuredmedia":[{"embeddable":true,"href":"https:\/\/vetanco.com\/br\/wp-json\/wp\/v2\/media\/21204"}],"wp:attachment":[{"href":"https:\/\/vetanco.com\/br\/wp-json\/wp\/v2\/media?parent=21201"}],"wp:term":[{"taxonomy":"category","embeddable":true,"href":"https:\/\/vetanco.com\/br\/wp-json\/wp\/v2\/categories?post=21201"},{"taxonomy":"post_tag","embeddable":true,"href":"https:\/\/vetanco.com\/br\/wp-json\/wp\/v2\/tags?post=21201"}],"curies":[{"name":"wp","href":"https:\/\/api.w.org\/{rel}","templated":true}]}}