{"id":21401,"date":"2020-03-25T10:44:00","date_gmt":"2020-03-25T13:44:00","guid":{"rendered":"https:\/\/vetanco.com\/br\/?p=21401"},"modified":"2025-12-04T12:18:43","modified_gmt":"2025-12-04T15:18:43","slug":"o-agro-nao-para-estamos-juntos-comunicado","status":"publish","type":"post","link":"https:\/\/vetanco.com\/br\/o-agro-nao-para-estamos-juntos-comunicado\/","title":{"rendered":"O agro n\u00e3o para, estamos juntos! &#8211; Comunicado"},"content":{"rendered":"\n<p>Prezado cliente,<\/p>\n<p>De acordo com as medidas adotadas pelos estados para conter a pandemia de Covid-19 no Brasil e visando garantir a sa\u00fade e o bem-estar de seus clientes, colaboradores e parceiros, a Vetanco comunica que est\u00e1 realizando suas atividades em car\u00e1ter especial. Esse \u00e9 um momento muito delicado que o mundo e agora nosso pa\u00eds est\u00e3o passando, temos que lidar com empatia, transpar\u00eancia e informa\u00e7\u00e3o de qualidade, seguindo as orienta\u00e7\u00f5es sanit\u00e1rias nacionais e internacionais.<\/p>\n<p>Desta forma, comunicamos que:<\/p>\n<ul>\n<li>Toda equipe comercial e t\u00e9cnica est\u00e1 trabalhando em home office, com suspens\u00e3o de visitas a clientes, treinamentos, eventos e demais atividades externas;<\/li>\n<li>Os setores essenciais (faturamento e expedi\u00e7\u00e3o de produtos) trabalhar\u00e3o em regime de escalonamento, visando a diminui\u00e7\u00e3o da circula\u00e7\u00e3o de pessoas;<\/li>\n<li>Os colaboradores dos demais setores administrativos trabalhar\u00e3o em home office;<\/li>\n<li>As medidas de higiene e desinfec\u00e7\u00e3o dos ambientes foram refor\u00e7adas, bem como a orienta\u00e7\u00e3o aos colaboradores sobre as medidas de preven\u00e7\u00e3o.<\/li>\n<\/ul>\n<p>Informamos que essas mudan\u00e7as podem afetar a agilidade e prazos de atendimentos aos pedidos, por\u00e9m n\u00e3o haver\u00e1 interrup\u00e7\u00e3o no atendimento.<\/p>\n<p>Nossa equipe estar\u00e1 sempre dispon\u00edvel para atend\u00ea-los de forma remota durante esse per\u00edodo. Conte conosco para enfrentar mais esse desafio!<\/p>\n<h1>Sobre a Vetanco<\/h1>\n<p>A Vetanco \u00e9 um <a href=\"https:\/\/vetanco.com\/br\/institucional\/\" target=\"_blank\" rel=\"noopener\">laborat\u00f3rio veterin\u00e1rio internacional<\/a> que, desde 1987, desenvolve, fabrica e comercializa produtos inovadores para a sa\u00fade animal.<\/p>\n<p>Atualmente, estamos presentes em mais de 40 pa\u00edses. Oferecemos produtos internacionalmente comprovados, controlados e seguros para a melhoria da produtividade e da seguran\u00e7a agroalimentar. Essa presen\u00e7a global reafirma nossa dedica\u00e7\u00e3o aos mais altos padr\u00f5es de qualidade, reconhecidos pelos mercados mais criteriosos.<\/p>\n<p><strong>Vetanco: produtos seguros para alimentos seguros.<\/strong><\/p>\n\n","protected":false},"excerpt":{"rendered":"","protected":false},"author":7,"featured_media":28180,"comment_status":"open","ping_status":"open","sticky":false,"template":"","format":"standard","meta":{"footnotes":""},"categories":[45],"tags":[289,287,51,186],"class_list":["post-21401","post","type-post","status-publish","format-standard","has-post-thumbnail","hentry","category-noticias","tag-agro","tag-covid-19","tag-vetanco","tag-vetanco-brasil"],"yoast_head":"<!-- This site is optimized with the Yoast SEO plugin v27.3 - https:\/\/yoast.com\/product\/yoast-seo-wordpress\/ -->\n<title>O agro n\u00e3o para, estamos juntos! - Comunicado - Vetanco Brasil<\/title>\n<meta name=\"description\" content=\"Confira o comunicado da Vetanco do Brasil: o agro n\u00e3o para, estamos juntos - medidas adotadas pandemia de Covid-19.\" \/>\n<meta name=\"robots\" content=\"index, follow, max-snippet:-1, max-image-preview:large, max-video-preview:-1\" \/>\n<link rel=\"canonical\" href=\"https:\/\/vetanco.com\/br\/o-agro-nao-para-estamos-juntos-comunicado\/\" \/>\n<meta property=\"og:locale\" content=\"pt_BR\" \/>\n<meta property=\"og:type\" content=\"article\" \/>\n<meta property=\"og:title\" content=\"O agro n\u00e3o para, estamos juntos! - Comunicado - Vetanco Brasil\" \/>\n<meta property=\"og:description\" content=\"Confira o comunicado da Vetanco do Brasil: o agro n\u00e3o para, estamos juntos - medidas adotadas pandemia de Covid-19.\" \/>\n<meta property=\"og:url\" content=\"https:\/\/vetanco.com\/br\/o-agro-nao-para-estamos-juntos-comunicado\/\" \/>\n<meta property=\"og:site_name\" content=\"Vetanco Brasil\" \/>\n<meta property=\"article:published_time\" content=\"2020-03-25T13:44:00+00:00\" \/>\n<meta property=\"article:modified_time\" content=\"2025-12-04T15:18:43+00:00\" \/>\n<meta property=\"og:image\" content=\"https:\/\/vetanco.com\/br\/wp-content\/uploads\/2020\/03\/agro-comunicado-covid-vetanco.jpg\" \/>\n\t<meta property=\"og:image:width\" content=\"800\" \/>\n\t<meta property=\"og:image:height\" content=\"450\" \/>\n\t<meta property=\"og:image:type\" content=\"image\/jpeg\" \/>\n<meta name=\"author\" content=\"Simone\" \/>\n<meta name=\"twitter:card\" content=\"summary_large_image\" \/>\n<meta name=\"twitter:label1\" content=\"Escrito por\" \/>\n\t<meta name=\"twitter:data1\" content=\"Simone\" \/>\n\t<meta name=\"twitter:label2\" content=\"Est. tempo de leitura\" \/>\n\t<meta name=\"twitter:data2\" content=\"2 minutos\" \/>\n<script type=\"application\/ld+json\" class=\"yoast-schema-graph\">{\"@context\":\"https:\\\/\\\/schema.org\",\"@graph\":[{\"@type\":\"Article\",\"@id\":\"https:\\\/\\\/vetanco.com\\\/br\\\/o-agro-nao-para-estamos-juntos-comunicado\\\/#article\",\"isPartOf\":{\"@id\":\"https:\\\/\\\/vetanco.com\\\/br\\\/o-agro-nao-para-estamos-juntos-comunicado\\\/\"},\"author\":{\"name\":\"Simone\",\"@id\":\"https:\\\/\\\/vetanco.com\\\/br\\\/#\\\/schema\\\/person\\\/2f1ec2742b3d4f850572c66972a797de\"},\"headline\":\"O agro n\u00e3o para, estamos juntos! &#8211; Comunicado\",\"datePublished\":\"2020-03-25T13:44:00+00:00\",\"dateModified\":\"2025-12-04T15:18:43+00:00\",\"mainEntityOfPage\":{\"@id\":\"https:\\\/\\\/vetanco.com\\\/br\\\/o-agro-nao-para-estamos-juntos-comunicado\\\/\"},\"wordCount\":301,\"commentCount\":0,\"image\":{\"@id\":\"https:\\\/\\\/vetanco.com\\\/br\\\/o-agro-nao-para-estamos-juntos-comunicado\\\/#primaryimage\"},\"thumbnailUrl\":\"https:\\\/\\\/vetanco.com\\\/br\\\/wp-content\\\/uploads\\\/2020\\\/03\\\/agro-comunicado-covid-vetanco.jpg\",\"keywords\":[\"agro\",\"covid-19\",\"Vetanco\",\"VETANCO BRASIL\"],\"articleSection\":[\"Not\u00edcias\"],\"inLanguage\":\"pt-BR\",\"potentialAction\":[{\"@type\":\"CommentAction\",\"name\":\"Comment\",\"target\":[\"https:\\\/\\\/vetanco.com\\\/br\\\/o-agro-nao-para-estamos-juntos-comunicado\\\/#respond\"]}]},{\"@type\":\"WebPage\",\"@id\":\"https:\\\/\\\/vetanco.com\\\/br\\\/o-agro-nao-para-estamos-juntos-comunicado\\\/\",\"url\":\"https:\\\/\\\/vetanco.com\\\/br\\\/o-agro-nao-para-estamos-juntos-comunicado\\\/\",\"name\":\"O agro n\u00e3o para, estamos juntos! - Comunicado - Vetanco Brasil\",\"isPartOf\":{\"@id\":\"https:\\\/\\\/vetanco.com\\\/br\\\/#website\"},\"primaryImageOfPage\":{\"@id\":\"https:\\\/\\\/vetanco.com\\\/br\\\/o-agro-nao-para-estamos-juntos-comunicado\\\/#primaryimage\"},\"image\":{\"@id\":\"https:\\\/\\\/vetanco.com\\\/br\\\/o-agro-nao-para-estamos-juntos-comunicado\\\/#primaryimage\"},\"thumbnailUrl\":\"https:\\\/\\\/vetanco.com\\\/br\\\/wp-content\\\/uploads\\\/2020\\\/03\\\/agro-comunicado-covid-vetanco.jpg\",\"datePublished\":\"2020-03-25T13:44:00+00:00\",\"dateModified\":\"2025-12-04T15:18:43+00:00\",\"author\":{\"@id\":\"https:\\\/\\\/vetanco.com\\\/br\\\/#\\\/schema\\\/person\\\/2f1ec2742b3d4f850572c66972a797de\"},\"description\":\"Confira o comunicado da Vetanco do Brasil: o agro n\u00e3o para, estamos juntos - medidas adotadas pandemia de Covid-19.\",\"breadcrumb\":{\"@id\":\"https:\\\/\\\/vetanco.com\\\/br\\\/o-agro-nao-para-estamos-juntos-comunicado\\\/#breadcrumb\"},\"inLanguage\":\"pt-BR\",\"potentialAction\":[{\"@type\":\"ReadAction\",\"target\":[\"https:\\\/\\\/vetanco.com\\\/br\\\/o-agro-nao-para-estamos-juntos-comunicado\\\/\"]}]},{\"@type\":\"ImageObject\",\"inLanguage\":\"pt-BR\",\"@id\":\"https:\\\/\\\/vetanco.com\\\/br\\\/o-agro-nao-para-estamos-juntos-comunicado\\\/#primaryimage\",\"url\":\"https:\\\/\\\/vetanco.com\\\/br\\\/wp-content\\\/uploads\\\/2020\\\/03\\\/agro-comunicado-covid-vetanco.jpg\",\"contentUrl\":\"https:\\\/\\\/vetanco.com\\\/br\\\/wp-content\\\/uploads\\\/2020\\\/03\\\/agro-comunicado-covid-vetanco.jpg\",\"width\":800,\"height\":450},{\"@type\":\"BreadcrumbList\",\"@id\":\"https:\\\/\\\/vetanco.com\\\/br\\\/o-agro-nao-para-estamos-juntos-comunicado\\\/#breadcrumb\",\"itemListElement\":[{\"@type\":\"ListItem\",\"position\":1,\"name\":\"In\u00edcio\",\"item\":\"https:\\\/\\\/vetanco.com\\\/br\\\/\"},{\"@type\":\"ListItem\",\"position\":2,\"name\":\"O agro n\u00e3o para, estamos juntos! &#8211; Comunicado\"}]},{\"@type\":\"WebSite\",\"@id\":\"https:\\\/\\\/vetanco.com\\\/br\\\/#website\",\"url\":\"https:\\\/\\\/vetanco.com\\\/br\\\/\",\"name\":\"Vetanco Brasil\",\"description\":\"Produtos Seguros para Alimentos Seguros\",\"potentialAction\":[{\"@type\":\"SearchAction\",\"target\":{\"@type\":\"EntryPoint\",\"urlTemplate\":\"https:\\\/\\\/vetanco.com\\\/br\\\/?s={search_term_string}\"},\"query-input\":{\"@type\":\"PropertyValueSpecification\",\"valueRequired\":true,\"valueName\":\"search_term_string\"}}],\"inLanguage\":\"pt-BR\"},{\"@type\":\"Person\",\"@id\":\"https:\\\/\\\/vetanco.com\\\/br\\\/#\\\/schema\\\/person\\\/2f1ec2742b3d4f850572c66972a797de\",\"name\":\"Simone\",\"image\":{\"@type\":\"ImageObject\",\"inLanguage\":\"pt-BR\",\"@id\":\"https:\\\/\\\/vetanco.com\\\/br\\\/wp-content\\\/uploads\\\/2024\\\/09\\\/simone-100x100.jpg\",\"url\":\"https:\\\/\\\/vetanco.com\\\/br\\\/wp-content\\\/uploads\\\/2024\\\/09\\\/simone-100x100.jpg\",\"contentUrl\":\"https:\\\/\\\/vetanco.com\\\/br\\\/wp-content\\\/uploads\\\/2024\\\/09\\\/simone-100x100.jpg\",\"caption\":\"Simone\"},\"url\":\"https:\\\/\\\/vetanco.com\\\/br\\\/author\\\/sijantsch\\\/\"}]}<\/script>\n<!-- \/ Yoast SEO plugin. -->","yoast_head_json":{"title":"O agro n\u00e3o para, estamos juntos! - Comunicado - Vetanco Brasil","description":"Confira o comunicado da Vetanco do Brasil: o agro n\u00e3o para, estamos juntos - medidas adotadas pandemia de Covid-19.","robots":{"index":"index","follow":"follow","max-snippet":"max-snippet:-1","max-image-preview":"max-image-preview:large","max-video-preview":"max-video-preview:-1"},"canonical":"https:\/\/vetanco.com\/br\/o-agro-nao-para-estamos-juntos-comunicado\/","og_locale":"pt_BR","og_type":"article","og_title":"O agro n\u00e3o para, estamos juntos! - Comunicado - Vetanco Brasil","og_description":"Confira o comunicado da Vetanco do Brasil: o agro n\u00e3o para, estamos juntos - medidas adotadas pandemia de Covid-19.","og_url":"https:\/\/vetanco.com\/br\/o-agro-nao-para-estamos-juntos-comunicado\/","og_site_name":"Vetanco Brasil","article_published_time":"2020-03-25T13:44:00+00:00","article_modified_time":"2025-12-04T15:18:43+00:00","og_image":[{"width":800,"height":450,"url":"https:\/\/vetanco.com\/br\/wp-content\/uploads\/2020\/03\/agro-comunicado-covid-vetanco.jpg","type":"image\/jpeg"}],"author":"Simone","twitter_card":"summary_large_image","twitter_misc":{"Escrito por":"Simone","Est. tempo de leitura":"2 minutos"},"schema":{"@context":"https:\/\/schema.org","@graph":[{"@type":"Article","@id":"https:\/\/vetanco.com\/br\/o-agro-nao-para-estamos-juntos-comunicado\/#article","isPartOf":{"@id":"https:\/\/vetanco.com\/br\/o-agro-nao-para-estamos-juntos-comunicado\/"},"author":{"name":"Simone","@id":"https:\/\/vetanco.com\/br\/#\/schema\/person\/2f1ec2742b3d4f850572c66972a797de"},"headline":"O agro n\u00e3o para, estamos juntos! &#8211; Comunicado","datePublished":"2020-03-25T13:44:00+00:00","dateModified":"2025-12-04T15:18:43+00:00","mainEntityOfPage":{"@id":"https:\/\/vetanco.com\/br\/o-agro-nao-para-estamos-juntos-comunicado\/"},"wordCount":301,"commentCount":0,"image":{"@id":"https:\/\/vetanco.com\/br\/o-agro-nao-para-estamos-juntos-comunicado\/#primaryimage"},"thumbnailUrl":"https:\/\/vetanco.com\/br\/wp-content\/uploads\/2020\/03\/agro-comunicado-covid-vetanco.jpg","keywords":["agro","covid-19","Vetanco","VETANCO BRASIL"],"articleSection":["Not\u00edcias"],"inLanguage":"pt-BR","potentialAction":[{"@type":"CommentAction","name":"Comment","target":["https:\/\/vetanco.com\/br\/o-agro-nao-para-estamos-juntos-comunicado\/#respond"]}]},{"@type":"WebPage","@id":"https:\/\/vetanco.com\/br\/o-agro-nao-para-estamos-juntos-comunicado\/","url":"https:\/\/vetanco.com\/br\/o-agro-nao-para-estamos-juntos-comunicado\/","name":"O agro n\u00e3o para, estamos juntos! - Comunicado - Vetanco Brasil","isPartOf":{"@id":"https:\/\/vetanco.com\/br\/#website"},"primaryImageOfPage":{"@id":"https:\/\/vetanco.com\/br\/o-agro-nao-para-estamos-juntos-comunicado\/#primaryimage"},"image":{"@id":"https:\/\/vetanco.com\/br\/o-agro-nao-para-estamos-juntos-comunicado\/#primaryimage"},"thumbnailUrl":"https:\/\/vetanco.com\/br\/wp-content\/uploads\/2020\/03\/agro-comunicado-covid-vetanco.jpg","datePublished":"2020-03-25T13:44:00+00:00","dateModified":"2025-12-04T15:18:43+00:00","author":{"@id":"https:\/\/vetanco.com\/br\/#\/schema\/person\/2f1ec2742b3d4f850572c66972a797de"},"description":"Confira o comunicado da Vetanco do Brasil: o agro n\u00e3o para, estamos juntos - medidas adotadas pandemia de Covid-19.","breadcrumb":{"@id":"https:\/\/vetanco.com\/br\/o-agro-nao-para-estamos-juntos-comunicado\/#breadcrumb"},"inLanguage":"pt-BR","potentialAction":[{"@type":"ReadAction","target":["https:\/\/vetanco.com\/br\/o-agro-nao-para-estamos-juntos-comunicado\/"]}]},{"@type":"ImageObject","inLanguage":"pt-BR","@id":"https:\/\/vetanco.com\/br\/o-agro-nao-para-estamos-juntos-comunicado\/#primaryimage","url":"https:\/\/vetanco.com\/br\/wp-content\/uploads\/2020\/03\/agro-comunicado-covid-vetanco.jpg","contentUrl":"https:\/\/vetanco.com\/br\/wp-content\/uploads\/2020\/03\/agro-comunicado-covid-vetanco.jpg","width":800,"height":450},{"@type":"BreadcrumbList","@id":"https:\/\/vetanco.com\/br\/o-agro-nao-para-estamos-juntos-comunicado\/#breadcrumb","itemListElement":[{"@type":"ListItem","position":1,"name":"In\u00edcio","item":"https:\/\/vetanco.com\/br\/"},{"@type":"ListItem","position":2,"name":"O agro n\u00e3o para, estamos juntos! &#8211; Comunicado"}]},{"@type":"WebSite","@id":"https:\/\/vetanco.com\/br\/#website","url":"https:\/\/vetanco.com\/br\/","name":"Vetanco Brasil","description":"Produtos Seguros para Alimentos Seguros","potentialAction":[{"@type":"SearchAction","target":{"@type":"EntryPoint","urlTemplate":"https:\/\/vetanco.com\/br\/?s={search_term_string}"},"query-input":{"@type":"PropertyValueSpecification","valueRequired":true,"valueName":"search_term_string"}}],"inLanguage":"pt-BR"},{"@type":"Person","@id":"https:\/\/vetanco.com\/br\/#\/schema\/person\/2f1ec2742b3d4f850572c66972a797de","name":"Simone","image":{"@type":"ImageObject","inLanguage":"pt-BR","@id":"https:\/\/vetanco.com\/br\/wp-content\/uploads\/2024\/09\/simone-100x100.jpg","url":"https:\/\/vetanco.com\/br\/wp-content\/uploads\/2024\/09\/simone-100x100.jpg","contentUrl":"https:\/\/vetanco.com\/br\/wp-content\/uploads\/2024\/09\/simone-100x100.jpg","caption":"Simone"},"url":"https:\/\/vetanco.com\/br\/author\/sijantsch\/"}]}},"_links":{"self":[{"href":"https:\/\/vetanco.com\/br\/wp-json\/wp\/v2\/posts\/21401","targetHints":{"allow":["GET"]}}],"collection":[{"href":"https:\/\/vetanco.com\/br\/wp-json\/wp\/v2\/posts"}],"about":[{"href":"https:\/\/vetanco.com\/br\/wp-json\/wp\/v2\/types\/post"}],"author":[{"embeddable":true,"href":"https:\/\/vetanco.com\/br\/wp-json\/wp\/v2\/users\/7"}],"replies":[{"embeddable":true,"href":"https:\/\/vetanco.com\/br\/wp-json\/wp\/v2\/comments?post=21401"}],"version-history":[{"count":4,"href":"https:\/\/vetanco.com\/br\/wp-json\/wp\/v2\/posts\/21401\/revisions"}],"predecessor-version":[{"id":28184,"href":"https:\/\/vetanco.com\/br\/wp-json\/wp\/v2\/posts\/21401\/revisions\/28184"}],"wp:featuredmedia":[{"embeddable":true,"href":"https:\/\/vetanco.com\/br\/wp-json\/wp\/v2\/media\/28180"}],"wp:attachment":[{"href":"https:\/\/vetanco.com\/br\/wp-json\/wp\/v2\/media?parent=21401"}],"wp:term":[{"taxonomy":"category","embeddable":true,"href":"https:\/\/vetanco.com\/br\/wp-json\/wp\/v2\/categories?post=21401"},{"taxonomy":"post_tag","embeddable":true,"href":"https:\/\/vetanco.com\/br\/wp-json\/wp\/v2\/tags?post=21401"}],"curies":[{"name":"wp","href":"https:\/\/api.w.org\/{rel}","templated":true}]}}