{"id":21518,"date":"2019-10-04T22:32:00","date_gmt":"2019-10-05T01:32:00","guid":{"rendered":"https:\/\/vetanco.com\/br\/?p=21518"},"modified":"2025-12-12T17:36:04","modified_gmt":"2025-12-12T20:36:04","slug":"equipe-de-suinocultura-da-vetanco-no-abraves-2019-2","status":"publish","type":"post","link":"https:\/\/vetanco.com\/br\/equipe-de-suinocultura-da-vetanco-no-abraves-2019-2\/","title":{"rendered":"Equipe de suinocultura da Vetanco no Abraves 2019"},"content":{"rendered":"\n<p>Estar presente nos eventos mais importantes do setor de su\u00ednos \u00e9 um compromisso da Vetanco. Sendo assim, sua equipe de suinocultura, gerenciada pelo m\u00e9dico-veterin\u00e1rio Lucas Piroca, estar\u00e1 presente no Congresso Abraves 2019.<\/p>\n<p>Ali\u00e1s, a Vetanco convida a todos que estar\u00e3o presentes neste importante evento para visit\u00e1-la no estande 9, onde ser\u00e3o recepcionados fraternalmente, para trocar ideias, experi\u00eancias ou tirar d\u00favidas sobre produtos e solu\u00e7\u00f5es.<\/p>\n<p>O Abraves 2019 ser\u00e1 realizado entre os dias 22 e 24 de outubro, em Toledo, localizada na regi\u00e3o oeste paranaense. Al\u00e9m disso, o evento \u00e9 uma realiza\u00e7\u00e3o da <a href=\"https:\/\/abraves.com.br\/\" target=\"_blank\" rel=\"noopener\">Associa\u00e7\u00e3o Brasileira de Veterin\u00e1rios Especialistas em Su\u00ednos<\/a> \u2013 Regional Paran\u00e1 &#8211; Abraves PR, que tamb\u00e9m realiza anualmente o Encontro Regional, no m\u00eas de mar\u00e7o.<\/p>\n<p>Programe-se, reserve esta data e venha participar deste evento que est\u00e1 sendo cuidadosamente preparado para ser um grande momento!<\/p>\n<h1>Sobre a Vetanco<\/h1>\n<p>A Vetanco \u00e9 um <a href=\"https:\/\/vetanco.com\/br\/institucional\/\" target=\"_blank\" rel=\"noopener\">laborat\u00f3rio veterin\u00e1rio internacional<\/a> que, desde 1987, desenvolve, fabrica e comercializa produtos inovadores para a sa\u00fade animal.<\/p>\n<p>Atualmente, estamos presentes em mais de 40 pa\u00edses. Oferecemos produtos internacionalmente comprovados, controlados e seguros para a melhoria da produtividade e da seguran\u00e7a agroalimentar. Essa presen\u00e7a global reafirma nossa dedica\u00e7\u00e3o aos mais altos padr\u00f5es de qualidade, reconhecidos pelos mercados mais criteriosos.<\/p>\n<p><strong>Vetanco: produtos seguros para alimentos seguros.<\/strong><\/p>\n\n","protected":false},"excerpt":{"rendered":"","protected":false},"author":7,"featured_media":21521,"comment_status":"open","ping_status":"open","sticky":false,"template":"","format":"standard","meta":{"footnotes":""},"categories":[1,45],"tags":[213,593,89,51,186],"class_list":["post-21518","post","type-post","status-publish","format-standard","has-post-thumbnail","hentry","category-eventos","category-noticias","tag-abraves","tag-congresso-abraves","tag-suinocultura","tag-vetanco","tag-vetanco-brasil"],"yoast_head":"<!-- This site is optimized with the Yoast SEO plugin v27.3 - https:\/\/yoast.com\/product\/yoast-seo-wordpress\/ -->\n<title>Equipe de suinocultura da Vetanco no Abraves 2019 - Vetanco Brasil<\/title>\n<meta name=\"description\" content=\"A equipe de Suinocultura da Vetanco do Brasil confirmou sua participa\u00e7\u00e3o no Congresso Abraves 2019, em Toledo\/PR.\" \/>\n<meta name=\"robots\" content=\"index, follow, max-snippet:-1, max-image-preview:large, max-video-preview:-1\" \/>\n<link rel=\"canonical\" href=\"https:\/\/vetanco.com\/br\/equipe-de-suinocultura-da-vetanco-no-abraves-2019-2\/\" \/>\n<meta property=\"og:locale\" content=\"pt_BR\" \/>\n<meta property=\"og:type\" content=\"article\" \/>\n<meta property=\"og:title\" content=\"Equipe de suinocultura da Vetanco no Abraves 2019 - Vetanco Brasil\" \/>\n<meta property=\"og:description\" content=\"A equipe de Suinocultura da Vetanco do Brasil confirmou sua participa\u00e7\u00e3o no Congresso Abraves 2019, em Toledo\/PR.\" \/>\n<meta property=\"og:url\" content=\"https:\/\/vetanco.com\/br\/equipe-de-suinocultura-da-vetanco-no-abraves-2019-2\/\" \/>\n<meta property=\"og:site_name\" content=\"Vetanco Brasil\" \/>\n<meta property=\"article:published_time\" content=\"2019-10-05T01:32:00+00:00\" \/>\n<meta property=\"article:modified_time\" content=\"2025-12-12T20:36:04+00:00\" \/>\n<meta property=\"og:image\" content=\"https:\/\/vetanco.com\/br\/wp-content\/uploads\/2024\/11\/abraves-2019-suinocultura-vetanco-convite.png\" \/>\n\t<meta property=\"og:image:width\" content=\"1600\" \/>\n\t<meta property=\"og:image:height\" content=\"900\" \/>\n\t<meta property=\"og:image:type\" content=\"image\/png\" \/>\n<meta name=\"author\" content=\"Simone\" \/>\n<meta name=\"twitter:card\" content=\"summary_large_image\" \/>\n<meta name=\"twitter:label1\" content=\"Escrito por\" \/>\n\t<meta name=\"twitter:data1\" content=\"Simone\" \/>\n\t<meta name=\"twitter:label2\" content=\"Est. tempo de leitura\" \/>\n\t<meta name=\"twitter:data2\" content=\"2 minutos\" \/>\n<script type=\"application\/ld+json\" class=\"yoast-schema-graph\">{\"@context\":\"https:\\\/\\\/schema.org\",\"@graph\":[{\"@type\":\"Article\",\"@id\":\"https:\\\/\\\/vetanco.com\\\/br\\\/equipe-de-suinocultura-da-vetanco-no-abraves-2019-2\\\/#article\",\"isPartOf\":{\"@id\":\"https:\\\/\\\/vetanco.com\\\/br\\\/equipe-de-suinocultura-da-vetanco-no-abraves-2019-2\\\/\"},\"author\":{\"name\":\"Simone\",\"@id\":\"https:\\\/\\\/vetanco.com\\\/br\\\/#\\\/schema\\\/person\\\/2f1ec2742b3d4f850572c66972a797de\"},\"headline\":\"Equipe de suinocultura da Vetanco no Abraves 2019\",\"datePublished\":\"2019-10-05T01:32:00+00:00\",\"dateModified\":\"2025-12-12T20:36:04+00:00\",\"mainEntityOfPage\":{\"@id\":\"https:\\\/\\\/vetanco.com\\\/br\\\/equipe-de-suinocultura-da-vetanco-no-abraves-2019-2\\\/\"},\"wordCount\":228,\"commentCount\":0,\"image\":{\"@id\":\"https:\\\/\\\/vetanco.com\\\/br\\\/equipe-de-suinocultura-da-vetanco-no-abraves-2019-2\\\/#primaryimage\"},\"thumbnailUrl\":\"https:\\\/\\\/vetanco.com\\\/br\\\/wp-content\\\/uploads\\\/2024\\\/11\\\/abraves-2019-suinocultura-vetanco-convite.png\",\"keywords\":[\"Abraves\",\"Congresso Abraves\",\"Suinocultura\",\"Vetanco\",\"VETANCO BRASIL\"],\"articleSection\":[\"Eventos\",\"Not\u00edcias\"],\"inLanguage\":\"pt-BR\",\"potentialAction\":[{\"@type\":\"CommentAction\",\"name\":\"Comment\",\"target\":[\"https:\\\/\\\/vetanco.com\\\/br\\\/equipe-de-suinocultura-da-vetanco-no-abraves-2019-2\\\/#respond\"]}]},{\"@type\":\"WebPage\",\"@id\":\"https:\\\/\\\/vetanco.com\\\/br\\\/equipe-de-suinocultura-da-vetanco-no-abraves-2019-2\\\/\",\"url\":\"https:\\\/\\\/vetanco.com\\\/br\\\/equipe-de-suinocultura-da-vetanco-no-abraves-2019-2\\\/\",\"name\":\"Equipe de suinocultura da Vetanco no Abraves 2019 - Vetanco Brasil\",\"isPartOf\":{\"@id\":\"https:\\\/\\\/vetanco.com\\\/br\\\/#website\"},\"primaryImageOfPage\":{\"@id\":\"https:\\\/\\\/vetanco.com\\\/br\\\/equipe-de-suinocultura-da-vetanco-no-abraves-2019-2\\\/#primaryimage\"},\"image\":{\"@id\":\"https:\\\/\\\/vetanco.com\\\/br\\\/equipe-de-suinocultura-da-vetanco-no-abraves-2019-2\\\/#primaryimage\"},\"thumbnailUrl\":\"https:\\\/\\\/vetanco.com\\\/br\\\/wp-content\\\/uploads\\\/2024\\\/11\\\/abraves-2019-suinocultura-vetanco-convite.png\",\"datePublished\":\"2019-10-05T01:32:00+00:00\",\"dateModified\":\"2025-12-12T20:36:04+00:00\",\"author\":{\"@id\":\"https:\\\/\\\/vetanco.com\\\/br\\\/#\\\/schema\\\/person\\\/2f1ec2742b3d4f850572c66972a797de\"},\"description\":\"A equipe de Suinocultura da Vetanco do Brasil confirmou sua participa\u00e7\u00e3o no Congresso Abraves 2019, em Toledo\\\/PR.\",\"breadcrumb\":{\"@id\":\"https:\\\/\\\/vetanco.com\\\/br\\\/equipe-de-suinocultura-da-vetanco-no-abraves-2019-2\\\/#breadcrumb\"},\"inLanguage\":\"pt-BR\",\"potentialAction\":[{\"@type\":\"ReadAction\",\"target\":[\"https:\\\/\\\/vetanco.com\\\/br\\\/equipe-de-suinocultura-da-vetanco-no-abraves-2019-2\\\/\"]}]},{\"@type\":\"ImageObject\",\"inLanguage\":\"pt-BR\",\"@id\":\"https:\\\/\\\/vetanco.com\\\/br\\\/equipe-de-suinocultura-da-vetanco-no-abraves-2019-2\\\/#primaryimage\",\"url\":\"https:\\\/\\\/vetanco.com\\\/br\\\/wp-content\\\/uploads\\\/2024\\\/11\\\/abraves-2019-suinocultura-vetanco-convite.png\",\"contentUrl\":\"https:\\\/\\\/vetanco.com\\\/br\\\/wp-content\\\/uploads\\\/2024\\\/11\\\/abraves-2019-suinocultura-vetanco-convite.png\",\"width\":1600,\"height\":900},{\"@type\":\"BreadcrumbList\",\"@id\":\"https:\\\/\\\/vetanco.com\\\/br\\\/equipe-de-suinocultura-da-vetanco-no-abraves-2019-2\\\/#breadcrumb\",\"itemListElement\":[{\"@type\":\"ListItem\",\"position\":1,\"name\":\"In\u00edcio\",\"item\":\"https:\\\/\\\/vetanco.com\\\/br\\\/\"},{\"@type\":\"ListItem\",\"position\":2,\"name\":\"Equipe de suinocultura da Vetanco no Abraves 2019\"}]},{\"@type\":\"WebSite\",\"@id\":\"https:\\\/\\\/vetanco.com\\\/br\\\/#website\",\"url\":\"https:\\\/\\\/vetanco.com\\\/br\\\/\",\"name\":\"Vetanco Brasil\",\"description\":\"Produtos Seguros para Alimentos Seguros\",\"potentialAction\":[{\"@type\":\"SearchAction\",\"target\":{\"@type\":\"EntryPoint\",\"urlTemplate\":\"https:\\\/\\\/vetanco.com\\\/br\\\/?s={search_term_string}\"},\"query-input\":{\"@type\":\"PropertyValueSpecification\",\"valueRequired\":true,\"valueName\":\"search_term_string\"}}],\"inLanguage\":\"pt-BR\"},{\"@type\":\"Person\",\"@id\":\"https:\\\/\\\/vetanco.com\\\/br\\\/#\\\/schema\\\/person\\\/2f1ec2742b3d4f850572c66972a797de\",\"name\":\"Simone\",\"image\":{\"@type\":\"ImageObject\",\"inLanguage\":\"pt-BR\",\"@id\":\"https:\\\/\\\/vetanco.com\\\/br\\\/wp-content\\\/uploads\\\/2024\\\/09\\\/simone-100x100.jpg\",\"url\":\"https:\\\/\\\/vetanco.com\\\/br\\\/wp-content\\\/uploads\\\/2024\\\/09\\\/simone-100x100.jpg\",\"contentUrl\":\"https:\\\/\\\/vetanco.com\\\/br\\\/wp-content\\\/uploads\\\/2024\\\/09\\\/simone-100x100.jpg\",\"caption\":\"Simone\"},\"url\":\"https:\\\/\\\/vetanco.com\\\/br\\\/author\\\/sijantsch\\\/\"}]}<\/script>\n<!-- \/ Yoast SEO plugin. -->","yoast_head_json":{"title":"Equipe de suinocultura da Vetanco no Abraves 2019 - Vetanco Brasil","description":"A equipe de Suinocultura da Vetanco do Brasil confirmou sua participa\u00e7\u00e3o no Congresso Abraves 2019, em Toledo\/PR.","robots":{"index":"index","follow":"follow","max-snippet":"max-snippet:-1","max-image-preview":"max-image-preview:large","max-video-preview":"max-video-preview:-1"},"canonical":"https:\/\/vetanco.com\/br\/equipe-de-suinocultura-da-vetanco-no-abraves-2019-2\/","og_locale":"pt_BR","og_type":"article","og_title":"Equipe de suinocultura da Vetanco no Abraves 2019 - Vetanco Brasil","og_description":"A equipe de Suinocultura da Vetanco do Brasil confirmou sua participa\u00e7\u00e3o no Congresso Abraves 2019, em Toledo\/PR.","og_url":"https:\/\/vetanco.com\/br\/equipe-de-suinocultura-da-vetanco-no-abraves-2019-2\/","og_site_name":"Vetanco Brasil","article_published_time":"2019-10-05T01:32:00+00:00","article_modified_time":"2025-12-12T20:36:04+00:00","og_image":[{"width":1600,"height":900,"url":"https:\/\/vetanco.com\/br\/wp-content\/uploads\/2024\/11\/abraves-2019-suinocultura-vetanco-convite.png","type":"image\/png"}],"author":"Simone","twitter_card":"summary_large_image","twitter_misc":{"Escrito por":"Simone","Est. tempo de leitura":"2 minutos"},"schema":{"@context":"https:\/\/schema.org","@graph":[{"@type":"Article","@id":"https:\/\/vetanco.com\/br\/equipe-de-suinocultura-da-vetanco-no-abraves-2019-2\/#article","isPartOf":{"@id":"https:\/\/vetanco.com\/br\/equipe-de-suinocultura-da-vetanco-no-abraves-2019-2\/"},"author":{"name":"Simone","@id":"https:\/\/vetanco.com\/br\/#\/schema\/person\/2f1ec2742b3d4f850572c66972a797de"},"headline":"Equipe de suinocultura da Vetanco no Abraves 2019","datePublished":"2019-10-05T01:32:00+00:00","dateModified":"2025-12-12T20:36:04+00:00","mainEntityOfPage":{"@id":"https:\/\/vetanco.com\/br\/equipe-de-suinocultura-da-vetanco-no-abraves-2019-2\/"},"wordCount":228,"commentCount":0,"image":{"@id":"https:\/\/vetanco.com\/br\/equipe-de-suinocultura-da-vetanco-no-abraves-2019-2\/#primaryimage"},"thumbnailUrl":"https:\/\/vetanco.com\/br\/wp-content\/uploads\/2024\/11\/abraves-2019-suinocultura-vetanco-convite.png","keywords":["Abraves","Congresso Abraves","Suinocultura","Vetanco","VETANCO BRASIL"],"articleSection":["Eventos","Not\u00edcias"],"inLanguage":"pt-BR","potentialAction":[{"@type":"CommentAction","name":"Comment","target":["https:\/\/vetanco.com\/br\/equipe-de-suinocultura-da-vetanco-no-abraves-2019-2\/#respond"]}]},{"@type":"WebPage","@id":"https:\/\/vetanco.com\/br\/equipe-de-suinocultura-da-vetanco-no-abraves-2019-2\/","url":"https:\/\/vetanco.com\/br\/equipe-de-suinocultura-da-vetanco-no-abraves-2019-2\/","name":"Equipe de suinocultura da Vetanco no Abraves 2019 - Vetanco Brasil","isPartOf":{"@id":"https:\/\/vetanco.com\/br\/#website"},"primaryImageOfPage":{"@id":"https:\/\/vetanco.com\/br\/equipe-de-suinocultura-da-vetanco-no-abraves-2019-2\/#primaryimage"},"image":{"@id":"https:\/\/vetanco.com\/br\/equipe-de-suinocultura-da-vetanco-no-abraves-2019-2\/#primaryimage"},"thumbnailUrl":"https:\/\/vetanco.com\/br\/wp-content\/uploads\/2024\/11\/abraves-2019-suinocultura-vetanco-convite.png","datePublished":"2019-10-05T01:32:00+00:00","dateModified":"2025-12-12T20:36:04+00:00","author":{"@id":"https:\/\/vetanco.com\/br\/#\/schema\/person\/2f1ec2742b3d4f850572c66972a797de"},"description":"A equipe de Suinocultura da Vetanco do Brasil confirmou sua participa\u00e7\u00e3o no Congresso Abraves 2019, em Toledo\/PR.","breadcrumb":{"@id":"https:\/\/vetanco.com\/br\/equipe-de-suinocultura-da-vetanco-no-abraves-2019-2\/#breadcrumb"},"inLanguage":"pt-BR","potentialAction":[{"@type":"ReadAction","target":["https:\/\/vetanco.com\/br\/equipe-de-suinocultura-da-vetanco-no-abraves-2019-2\/"]}]},{"@type":"ImageObject","inLanguage":"pt-BR","@id":"https:\/\/vetanco.com\/br\/equipe-de-suinocultura-da-vetanco-no-abraves-2019-2\/#primaryimage","url":"https:\/\/vetanco.com\/br\/wp-content\/uploads\/2024\/11\/abraves-2019-suinocultura-vetanco-convite.png","contentUrl":"https:\/\/vetanco.com\/br\/wp-content\/uploads\/2024\/11\/abraves-2019-suinocultura-vetanco-convite.png","width":1600,"height":900},{"@type":"BreadcrumbList","@id":"https:\/\/vetanco.com\/br\/equipe-de-suinocultura-da-vetanco-no-abraves-2019-2\/#breadcrumb","itemListElement":[{"@type":"ListItem","position":1,"name":"In\u00edcio","item":"https:\/\/vetanco.com\/br\/"},{"@type":"ListItem","position":2,"name":"Equipe de suinocultura da Vetanco no Abraves 2019"}]},{"@type":"WebSite","@id":"https:\/\/vetanco.com\/br\/#website","url":"https:\/\/vetanco.com\/br\/","name":"Vetanco Brasil","description":"Produtos Seguros para Alimentos Seguros","potentialAction":[{"@type":"SearchAction","target":{"@type":"EntryPoint","urlTemplate":"https:\/\/vetanco.com\/br\/?s={search_term_string}"},"query-input":{"@type":"PropertyValueSpecification","valueRequired":true,"valueName":"search_term_string"}}],"inLanguage":"pt-BR"},{"@type":"Person","@id":"https:\/\/vetanco.com\/br\/#\/schema\/person\/2f1ec2742b3d4f850572c66972a797de","name":"Simone","image":{"@type":"ImageObject","inLanguage":"pt-BR","@id":"https:\/\/vetanco.com\/br\/wp-content\/uploads\/2024\/09\/simone-100x100.jpg","url":"https:\/\/vetanco.com\/br\/wp-content\/uploads\/2024\/09\/simone-100x100.jpg","contentUrl":"https:\/\/vetanco.com\/br\/wp-content\/uploads\/2024\/09\/simone-100x100.jpg","caption":"Simone"},"url":"https:\/\/vetanco.com\/br\/author\/sijantsch\/"}]}},"_links":{"self":[{"href":"https:\/\/vetanco.com\/br\/wp-json\/wp\/v2\/posts\/21518","targetHints":{"allow":["GET"]}}],"collection":[{"href":"https:\/\/vetanco.com\/br\/wp-json\/wp\/v2\/posts"}],"about":[{"href":"https:\/\/vetanco.com\/br\/wp-json\/wp\/v2\/types\/post"}],"author":[{"embeddable":true,"href":"https:\/\/vetanco.com\/br\/wp-json\/wp\/v2\/users\/7"}],"replies":[{"embeddable":true,"href":"https:\/\/vetanco.com\/br\/wp-json\/wp\/v2\/comments?post=21518"}],"version-history":[{"count":4,"href":"https:\/\/vetanco.com\/br\/wp-json\/wp\/v2\/posts\/21518\/revisions"}],"predecessor-version":[{"id":28334,"href":"https:\/\/vetanco.com\/br\/wp-json\/wp\/v2\/posts\/21518\/revisions\/28334"}],"wp:featuredmedia":[{"embeddable":true,"href":"https:\/\/vetanco.com\/br\/wp-json\/wp\/v2\/media\/21521"}],"wp:attachment":[{"href":"https:\/\/vetanco.com\/br\/wp-json\/wp\/v2\/media?parent=21518"}],"wp:term":[{"taxonomy":"category","embeddable":true,"href":"https:\/\/vetanco.com\/br\/wp-json\/wp\/v2\/categories?post=21518"},{"taxonomy":"post_tag","embeddable":true,"href":"https:\/\/vetanco.com\/br\/wp-json\/wp\/v2\/tags?post=21518"}],"curies":[{"name":"wp","href":"https:\/\/api.w.org\/{rel}","templated":true}]}}