{"id":21546,"date":"2019-08-16T09:47:00","date_gmt":"2019-08-16T12:47:00","guid":{"rendered":"https:\/\/vetanco.com\/br\/?p=21546"},"modified":"2025-12-16T22:13:18","modified_gmt":"2025-12-17T01:13:18","slug":"vetanco-na-60a-festa-do-ovo-de-bastos-em-sao-paulo","status":"publish","type":"post","link":"https:\/\/vetanco.com\/br\/vetanco-na-60a-festa-do-ovo-de-bastos-em-sao-paulo\/","title":{"rendered":"Festa do Ovo de Bastos: Vetanco marca presen\u00e7a no evento"},"content":{"rendered":"\n<p>A Vetanco, com orgulho, participou da 60\u00aa edi\u00e7\u00e3o da Festa do Ovo de Bastos, S\u00e3o Paulo, realizada entre os dias 18 e 21 de julho. Trata-se, sem d\u00favida, de um verdadeiro marco para a cidade e para um evento tradicional, que se consolida entre os mais importantes do cen\u00e1rio nacional.<\/p>\n<p>Al\u00e9m da vasta programa\u00e7\u00e3o voltada \u00e0 fam\u00edlia, com shows, pra\u00e7a de alimenta\u00e7\u00e3o e parque de divers\u00f5es, a Festa do Ovo tamb\u00e9m promove um grande encontro de toda a ind\u00fastria ligada \u00e0 produ\u00e7\u00e3o de ovos. Nesse contexto, a Vetanco marcou presen\u00e7a pelo terceiro ano consecutivo, tendo a grata satisfa\u00e7\u00e3o de receber muitos visitantes em seu estande.<\/p>\n<h1>Promotores de crescimento<\/h1>\n<p>Durante a Festa do Ovo de Bastos, a Vetanco apresentou sua linha de produtos voltados \u00e0 substitui\u00e7\u00e3o dos antibi\u00f3ticos promotores de crescimento. \u201cNosso carro-chefe \u00e9 o Uniwall MOS 25, um \u00e1cido org\u00e2nico composto por um blend de tr\u00eas compostos, protegidos por um carrier mineral, al\u00e9m de conter em sua formula\u00e7\u00e3o uma parede de levedura\u201d, explica Marcelo Casarin, Coordenador de Territ\u00f3rio da Vetanco.<\/p>\n<p>De acordo com ele, a qualidade do produto \u00e9 o que mais chama aten\u00e7\u00e3o quando se utilizam aditivos, al\u00e9m da viabilidade do projeto. \u201c\u00c9 perfeitamente poss\u00edvel trabalhar com esses produtos e ter um retorno econ\u00f4mico em cima dessa alternativa\u201d, afirma.<\/p>\n<p>Tamb\u00e9m esteve presente no evento, representando a Vetanco, Neimar Grando, Coordenador de Comunica\u00e7\u00e3o.<\/p>\n<p>Para a Vetanco, \u00e9 muito gratificante participar dessa tradicional festa. Al\u00e9m disso, a empresa contribui com inova\u00e7\u00f5es voltadas \u00e0 solu\u00e7\u00e3o e \u00e0 melhoria dos aspectos produtivos e zoot\u00e9cnicos da postura comercial, uma voca\u00e7\u00e3o desenvolvida h\u00e1 d\u00e9cadas e que faz de Bastos uma refer\u00eancia nacional do setor.<\/p>\n<h1>Sobre a Vetanco<\/h1>\n<p>A Vetanco \u00e9 um <a href=\"https:\/\/vetanco.com\/br\/institucional\/\" target=\"_blank\" rel=\"noopener\">laborat\u00f3rio veterin\u00e1rio internacional<\/a> que, desde 1987, desenvolve, fabrica e comercializa produtos inovadores para a sa\u00fade animal.<\/p>\n<p>Atualmente, estamos presentes em mais de 40 pa\u00edses. Oferecemos produtos internacionalmente comprovados, controlados e seguros para a melhoria da produtividade e da seguran\u00e7a agroalimentar. Essa presen\u00e7a global reafirma nossa dedica\u00e7\u00e3o aos mais altos padr\u00f5es de qualidade, reconhecidos pelos mercados mais criteriosos.<\/p>\n<p><strong>Vetanco: produtos seguros para alimentos seguros.<\/strong><\/p>\n\n\n\n<p><\/p>\n","protected":false},"excerpt":{"rendered":"","protected":false},"author":7,"featured_media":21549,"comment_status":"open","ping_status":"open","sticky":false,"template":"","format":"standard","meta":{"footnotes":""},"categories":[1,45],"tags":[1405,535,645,188,51,186],"class_list":["post-21546","post","type-post","status-publish","format-standard","has-post-thumbnail","hentry","category-eventos","category-noticias","tag-antibioticos-promotores-de-crescimento","tag-avicultura-de-postura","tag-festa-do-ovo-de-bastos","tag-postura-comercial","tag-vetanco","tag-vetanco-brasil"],"yoast_head":"<!-- This site is optimized with the Yoast SEO plugin v27.3 - https:\/\/yoast.com\/product\/yoast-seo-wordpress\/ -->\n<title>Festa do Ovo de Bastos: Vetanco marca presen\u00e7a no evento - Vetanco Brasil<\/title>\n<meta name=\"description\" content=\"A Vetanco marcou presen\u00e7a na 60\u00aa edi\u00e7\u00e3o da Festa do Ovo de Bastos, realizada entre os dias 18 e 21 de julho, em Bastos, S\u00e3o Paulo.\" \/>\n<meta name=\"robots\" content=\"index, follow, max-snippet:-1, max-image-preview:large, max-video-preview:-1\" \/>\n<link rel=\"canonical\" href=\"https:\/\/vetanco.com\/br\/vetanco-na-60a-festa-do-ovo-de-bastos-em-sao-paulo\/\" \/>\n<meta property=\"og:locale\" content=\"pt_BR\" \/>\n<meta property=\"og:type\" content=\"article\" \/>\n<meta property=\"og:title\" content=\"Festa do Ovo de Bastos: Vetanco marca presen\u00e7a no evento - Vetanco Brasil\" \/>\n<meta property=\"og:description\" content=\"A Vetanco marcou presen\u00e7a na 60\u00aa edi\u00e7\u00e3o da Festa do Ovo de Bastos, realizada entre os dias 18 e 21 de julho, em Bastos, S\u00e3o Paulo.\" \/>\n<meta property=\"og:url\" content=\"https:\/\/vetanco.com\/br\/vetanco-na-60a-festa-do-ovo-de-bastos-em-sao-paulo\/\" \/>\n<meta property=\"og:site_name\" content=\"Vetanco Brasil\" \/>\n<meta property=\"article:published_time\" content=\"2019-08-16T12:47:00+00:00\" \/>\n<meta property=\"article:modified_time\" content=\"2025-12-17T01:13:18+00:00\" \/>\n<meta property=\"og:image\" content=\"https:\/\/vetanco.com\/br\/wp-content\/uploads\/2024\/11\/festa-ovo-bastos-vetanco-1.png\" \/>\n\t<meta property=\"og:image:width\" content=\"800\" \/>\n\t<meta property=\"og:image:height\" content=\"450\" \/>\n\t<meta property=\"og:image:type\" content=\"image\/png\" \/>\n<meta name=\"author\" content=\"Simone\" \/>\n<meta name=\"twitter:card\" content=\"summary_large_image\" \/>\n<meta name=\"twitter:label1\" content=\"Escrito por\" \/>\n\t<meta name=\"twitter:data1\" content=\"Simone\" \/>\n\t<meta name=\"twitter:label2\" content=\"Est. tempo de leitura\" \/>\n\t<meta name=\"twitter:data2\" content=\"3 minutos\" \/>\n<script type=\"application\/ld+json\" class=\"yoast-schema-graph\">{\"@context\":\"https:\\\/\\\/schema.org\",\"@graph\":[{\"@type\":\"Article\",\"@id\":\"https:\\\/\\\/vetanco.com\\\/br\\\/vetanco-na-60a-festa-do-ovo-de-bastos-em-sao-paulo\\\/#article\",\"isPartOf\":{\"@id\":\"https:\\\/\\\/vetanco.com\\\/br\\\/vetanco-na-60a-festa-do-ovo-de-bastos-em-sao-paulo\\\/\"},\"author\":{\"name\":\"Simone\",\"@id\":\"https:\\\/\\\/vetanco.com\\\/br\\\/#\\\/schema\\\/person\\\/2f1ec2742b3d4f850572c66972a797de\"},\"headline\":\"Festa do Ovo de Bastos: Vetanco marca presen\u00e7a no evento\",\"datePublished\":\"2019-08-16T12:47:00+00:00\",\"dateModified\":\"2025-12-17T01:13:18+00:00\",\"mainEntityOfPage\":{\"@id\":\"https:\\\/\\\/vetanco.com\\\/br\\\/vetanco-na-60a-festa-do-ovo-de-bastos-em-sao-paulo\\\/\"},\"wordCount\":377,\"commentCount\":0,\"image\":{\"@id\":\"https:\\\/\\\/vetanco.com\\\/br\\\/vetanco-na-60a-festa-do-ovo-de-bastos-em-sao-paulo\\\/#primaryimage\"},\"thumbnailUrl\":\"https:\\\/\\\/vetanco.com\\\/br\\\/wp-content\\\/uploads\\\/2024\\\/11\\\/festa-ovo-bastos-vetanco-1.png\",\"keywords\":[\"antibi\u00f3ticos promotores de crescimento\",\"avicultura de postura\",\"Festa do Ovo de Bastos\",\"Postura comercial\",\"Vetanco\",\"VETANCO BRASIL\"],\"articleSection\":[\"Eventos\",\"Not\u00edcias\"],\"inLanguage\":\"pt-BR\",\"potentialAction\":[{\"@type\":\"CommentAction\",\"name\":\"Comment\",\"target\":[\"https:\\\/\\\/vetanco.com\\\/br\\\/vetanco-na-60a-festa-do-ovo-de-bastos-em-sao-paulo\\\/#respond\"]}]},{\"@type\":\"WebPage\",\"@id\":\"https:\\\/\\\/vetanco.com\\\/br\\\/vetanco-na-60a-festa-do-ovo-de-bastos-em-sao-paulo\\\/\",\"url\":\"https:\\\/\\\/vetanco.com\\\/br\\\/vetanco-na-60a-festa-do-ovo-de-bastos-em-sao-paulo\\\/\",\"name\":\"Festa do Ovo de Bastos: Vetanco marca presen\u00e7a no evento - Vetanco Brasil\",\"isPartOf\":{\"@id\":\"https:\\\/\\\/vetanco.com\\\/br\\\/#website\"},\"primaryImageOfPage\":{\"@id\":\"https:\\\/\\\/vetanco.com\\\/br\\\/vetanco-na-60a-festa-do-ovo-de-bastos-em-sao-paulo\\\/#primaryimage\"},\"image\":{\"@id\":\"https:\\\/\\\/vetanco.com\\\/br\\\/vetanco-na-60a-festa-do-ovo-de-bastos-em-sao-paulo\\\/#primaryimage\"},\"thumbnailUrl\":\"https:\\\/\\\/vetanco.com\\\/br\\\/wp-content\\\/uploads\\\/2024\\\/11\\\/festa-ovo-bastos-vetanco-1.png\",\"datePublished\":\"2019-08-16T12:47:00+00:00\",\"dateModified\":\"2025-12-17T01:13:18+00:00\",\"author\":{\"@id\":\"https:\\\/\\\/vetanco.com\\\/br\\\/#\\\/schema\\\/person\\\/2f1ec2742b3d4f850572c66972a797de\"},\"description\":\"A Vetanco marcou presen\u00e7a na 60\u00aa edi\u00e7\u00e3o da Festa do Ovo de Bastos, realizada entre os dias 18 e 21 de julho, em Bastos, S\u00e3o Paulo.\",\"breadcrumb\":{\"@id\":\"https:\\\/\\\/vetanco.com\\\/br\\\/vetanco-na-60a-festa-do-ovo-de-bastos-em-sao-paulo\\\/#breadcrumb\"},\"inLanguage\":\"pt-BR\",\"potentialAction\":[{\"@type\":\"ReadAction\",\"target\":[\"https:\\\/\\\/vetanco.com\\\/br\\\/vetanco-na-60a-festa-do-ovo-de-bastos-em-sao-paulo\\\/\"]}]},{\"@type\":\"ImageObject\",\"inLanguage\":\"pt-BR\",\"@id\":\"https:\\\/\\\/vetanco.com\\\/br\\\/vetanco-na-60a-festa-do-ovo-de-bastos-em-sao-paulo\\\/#primaryimage\",\"url\":\"https:\\\/\\\/vetanco.com\\\/br\\\/wp-content\\\/uploads\\\/2024\\\/11\\\/festa-ovo-bastos-vetanco-1.png\",\"contentUrl\":\"https:\\\/\\\/vetanco.com\\\/br\\\/wp-content\\\/uploads\\\/2024\\\/11\\\/festa-ovo-bastos-vetanco-1.png\",\"width\":800,\"height\":450},{\"@type\":\"BreadcrumbList\",\"@id\":\"https:\\\/\\\/vetanco.com\\\/br\\\/vetanco-na-60a-festa-do-ovo-de-bastos-em-sao-paulo\\\/#breadcrumb\",\"itemListElement\":[{\"@type\":\"ListItem\",\"position\":1,\"name\":\"In\u00edcio\",\"item\":\"https:\\\/\\\/vetanco.com\\\/br\\\/\"},{\"@type\":\"ListItem\",\"position\":2,\"name\":\"Festa do Ovo de Bastos: Vetanco marca presen\u00e7a no evento\"}]},{\"@type\":\"WebSite\",\"@id\":\"https:\\\/\\\/vetanco.com\\\/br\\\/#website\",\"url\":\"https:\\\/\\\/vetanco.com\\\/br\\\/\",\"name\":\"Vetanco Brasil\",\"description\":\"Produtos Seguros para Alimentos Seguros\",\"potentialAction\":[{\"@type\":\"SearchAction\",\"target\":{\"@type\":\"EntryPoint\",\"urlTemplate\":\"https:\\\/\\\/vetanco.com\\\/br\\\/?s={search_term_string}\"},\"query-input\":{\"@type\":\"PropertyValueSpecification\",\"valueRequired\":true,\"valueName\":\"search_term_string\"}}],\"inLanguage\":\"pt-BR\"},{\"@type\":\"Person\",\"@id\":\"https:\\\/\\\/vetanco.com\\\/br\\\/#\\\/schema\\\/person\\\/2f1ec2742b3d4f850572c66972a797de\",\"name\":\"Simone\",\"image\":{\"@type\":\"ImageObject\",\"inLanguage\":\"pt-BR\",\"@id\":\"https:\\\/\\\/vetanco.com\\\/br\\\/wp-content\\\/uploads\\\/2024\\\/09\\\/simone-100x100.jpg\",\"url\":\"https:\\\/\\\/vetanco.com\\\/br\\\/wp-content\\\/uploads\\\/2024\\\/09\\\/simone-100x100.jpg\",\"contentUrl\":\"https:\\\/\\\/vetanco.com\\\/br\\\/wp-content\\\/uploads\\\/2024\\\/09\\\/simone-100x100.jpg\",\"caption\":\"Simone\"},\"url\":\"https:\\\/\\\/vetanco.com\\\/br\\\/author\\\/sijantsch\\\/\"}]}<\/script>\n<!-- \/ Yoast SEO plugin. -->","yoast_head_json":{"title":"Festa do Ovo de Bastos: Vetanco marca presen\u00e7a no evento - Vetanco Brasil","description":"A Vetanco marcou presen\u00e7a na 60\u00aa edi\u00e7\u00e3o da Festa do Ovo de Bastos, realizada entre os dias 18 e 21 de julho, em Bastos, S\u00e3o Paulo.","robots":{"index":"index","follow":"follow","max-snippet":"max-snippet:-1","max-image-preview":"max-image-preview:large","max-video-preview":"max-video-preview:-1"},"canonical":"https:\/\/vetanco.com\/br\/vetanco-na-60a-festa-do-ovo-de-bastos-em-sao-paulo\/","og_locale":"pt_BR","og_type":"article","og_title":"Festa do Ovo de Bastos: Vetanco marca presen\u00e7a no evento - Vetanco Brasil","og_description":"A Vetanco marcou presen\u00e7a na 60\u00aa edi\u00e7\u00e3o da Festa do Ovo de Bastos, realizada entre os dias 18 e 21 de julho, em Bastos, S\u00e3o Paulo.","og_url":"https:\/\/vetanco.com\/br\/vetanco-na-60a-festa-do-ovo-de-bastos-em-sao-paulo\/","og_site_name":"Vetanco Brasil","article_published_time":"2019-08-16T12:47:00+00:00","article_modified_time":"2025-12-17T01:13:18+00:00","og_image":[{"width":800,"height":450,"url":"https:\/\/vetanco.com\/br\/wp-content\/uploads\/2024\/11\/festa-ovo-bastos-vetanco-1.png","type":"image\/png"}],"author":"Simone","twitter_card":"summary_large_image","twitter_misc":{"Escrito por":"Simone","Est. tempo de leitura":"3 minutos"},"schema":{"@context":"https:\/\/schema.org","@graph":[{"@type":"Article","@id":"https:\/\/vetanco.com\/br\/vetanco-na-60a-festa-do-ovo-de-bastos-em-sao-paulo\/#article","isPartOf":{"@id":"https:\/\/vetanco.com\/br\/vetanco-na-60a-festa-do-ovo-de-bastos-em-sao-paulo\/"},"author":{"name":"Simone","@id":"https:\/\/vetanco.com\/br\/#\/schema\/person\/2f1ec2742b3d4f850572c66972a797de"},"headline":"Festa do Ovo de Bastos: Vetanco marca presen\u00e7a no evento","datePublished":"2019-08-16T12:47:00+00:00","dateModified":"2025-12-17T01:13:18+00:00","mainEntityOfPage":{"@id":"https:\/\/vetanco.com\/br\/vetanco-na-60a-festa-do-ovo-de-bastos-em-sao-paulo\/"},"wordCount":377,"commentCount":0,"image":{"@id":"https:\/\/vetanco.com\/br\/vetanco-na-60a-festa-do-ovo-de-bastos-em-sao-paulo\/#primaryimage"},"thumbnailUrl":"https:\/\/vetanco.com\/br\/wp-content\/uploads\/2024\/11\/festa-ovo-bastos-vetanco-1.png","keywords":["antibi\u00f3ticos promotores de crescimento","avicultura de postura","Festa do Ovo de Bastos","Postura comercial","Vetanco","VETANCO BRASIL"],"articleSection":["Eventos","Not\u00edcias"],"inLanguage":"pt-BR","potentialAction":[{"@type":"CommentAction","name":"Comment","target":["https:\/\/vetanco.com\/br\/vetanco-na-60a-festa-do-ovo-de-bastos-em-sao-paulo\/#respond"]}]},{"@type":"WebPage","@id":"https:\/\/vetanco.com\/br\/vetanco-na-60a-festa-do-ovo-de-bastos-em-sao-paulo\/","url":"https:\/\/vetanco.com\/br\/vetanco-na-60a-festa-do-ovo-de-bastos-em-sao-paulo\/","name":"Festa do Ovo de Bastos: Vetanco marca presen\u00e7a no evento - Vetanco Brasil","isPartOf":{"@id":"https:\/\/vetanco.com\/br\/#website"},"primaryImageOfPage":{"@id":"https:\/\/vetanco.com\/br\/vetanco-na-60a-festa-do-ovo-de-bastos-em-sao-paulo\/#primaryimage"},"image":{"@id":"https:\/\/vetanco.com\/br\/vetanco-na-60a-festa-do-ovo-de-bastos-em-sao-paulo\/#primaryimage"},"thumbnailUrl":"https:\/\/vetanco.com\/br\/wp-content\/uploads\/2024\/11\/festa-ovo-bastos-vetanco-1.png","datePublished":"2019-08-16T12:47:00+00:00","dateModified":"2025-12-17T01:13:18+00:00","author":{"@id":"https:\/\/vetanco.com\/br\/#\/schema\/person\/2f1ec2742b3d4f850572c66972a797de"},"description":"A Vetanco marcou presen\u00e7a na 60\u00aa edi\u00e7\u00e3o da Festa do Ovo de Bastos, realizada entre os dias 18 e 21 de julho, em Bastos, S\u00e3o Paulo.","breadcrumb":{"@id":"https:\/\/vetanco.com\/br\/vetanco-na-60a-festa-do-ovo-de-bastos-em-sao-paulo\/#breadcrumb"},"inLanguage":"pt-BR","potentialAction":[{"@type":"ReadAction","target":["https:\/\/vetanco.com\/br\/vetanco-na-60a-festa-do-ovo-de-bastos-em-sao-paulo\/"]}]},{"@type":"ImageObject","inLanguage":"pt-BR","@id":"https:\/\/vetanco.com\/br\/vetanco-na-60a-festa-do-ovo-de-bastos-em-sao-paulo\/#primaryimage","url":"https:\/\/vetanco.com\/br\/wp-content\/uploads\/2024\/11\/festa-ovo-bastos-vetanco-1.png","contentUrl":"https:\/\/vetanco.com\/br\/wp-content\/uploads\/2024\/11\/festa-ovo-bastos-vetanco-1.png","width":800,"height":450},{"@type":"BreadcrumbList","@id":"https:\/\/vetanco.com\/br\/vetanco-na-60a-festa-do-ovo-de-bastos-em-sao-paulo\/#breadcrumb","itemListElement":[{"@type":"ListItem","position":1,"name":"In\u00edcio","item":"https:\/\/vetanco.com\/br\/"},{"@type":"ListItem","position":2,"name":"Festa do Ovo de Bastos: Vetanco marca presen\u00e7a no evento"}]},{"@type":"WebSite","@id":"https:\/\/vetanco.com\/br\/#website","url":"https:\/\/vetanco.com\/br\/","name":"Vetanco Brasil","description":"Produtos Seguros para Alimentos Seguros","potentialAction":[{"@type":"SearchAction","target":{"@type":"EntryPoint","urlTemplate":"https:\/\/vetanco.com\/br\/?s={search_term_string}"},"query-input":{"@type":"PropertyValueSpecification","valueRequired":true,"valueName":"search_term_string"}}],"inLanguage":"pt-BR"},{"@type":"Person","@id":"https:\/\/vetanco.com\/br\/#\/schema\/person\/2f1ec2742b3d4f850572c66972a797de","name":"Simone","image":{"@type":"ImageObject","inLanguage":"pt-BR","@id":"https:\/\/vetanco.com\/br\/wp-content\/uploads\/2024\/09\/simone-100x100.jpg","url":"https:\/\/vetanco.com\/br\/wp-content\/uploads\/2024\/09\/simone-100x100.jpg","contentUrl":"https:\/\/vetanco.com\/br\/wp-content\/uploads\/2024\/09\/simone-100x100.jpg","caption":"Simone"},"url":"https:\/\/vetanco.com\/br\/author\/sijantsch\/"}]}},"_links":{"self":[{"href":"https:\/\/vetanco.com\/br\/wp-json\/wp\/v2\/posts\/21546","targetHints":{"allow":["GET"]}}],"collection":[{"href":"https:\/\/vetanco.com\/br\/wp-json\/wp\/v2\/posts"}],"about":[{"href":"https:\/\/vetanco.com\/br\/wp-json\/wp\/v2\/types\/post"}],"author":[{"embeddable":true,"href":"https:\/\/vetanco.com\/br\/wp-json\/wp\/v2\/users\/7"}],"replies":[{"embeddable":true,"href":"https:\/\/vetanco.com\/br\/wp-json\/wp\/v2\/comments?post=21546"}],"version-history":[{"count":10,"href":"https:\/\/vetanco.com\/br\/wp-json\/wp\/v2\/posts\/21546\/revisions"}],"predecessor-version":[{"id":28377,"href":"https:\/\/vetanco.com\/br\/wp-json\/wp\/v2\/posts\/21546\/revisions\/28377"}],"wp:featuredmedia":[{"embeddable":true,"href":"https:\/\/vetanco.com\/br\/wp-json\/wp\/v2\/media\/21549"}],"wp:attachment":[{"href":"https:\/\/vetanco.com\/br\/wp-json\/wp\/v2\/media?parent=21546"}],"wp:term":[{"taxonomy":"category","embeddable":true,"href":"https:\/\/vetanco.com\/br\/wp-json\/wp\/v2\/categories?post=21546"},{"taxonomy":"post_tag","embeddable":true,"href":"https:\/\/vetanco.com\/br\/wp-json\/wp\/v2\/tags?post=21546"}],"curies":[{"name":"wp","href":"https:\/\/api.w.org\/{rel}","templated":true}]}}