{"id":22249,"date":"2016-05-27T22:25:00","date_gmt":"2016-05-28T01:25:00","guid":{"rendered":"https:\/\/vetanco.com\/br\/?p=22249"},"modified":"2026-02-19T22:32:33","modified_gmt":"2026-02-20T01:32:33","slug":"equipe-tecnico-comercial-da-vetanco-realiza-evento-tecnico-no-meio-oeste-catarinense","status":"publish","type":"post","link":"https:\/\/vetanco.com\/br\/equipe-tecnico-comercial-da-vetanco-realiza-evento-tecnico-no-meio-oeste-catarinense\/","title":{"rendered":"Equipe t\u00e9cnico-comercial realiza evento no Meio-oeste catarinense"},"content":{"rendered":"\n<p>O CAT \u2013 Circuito de Atualiza\u00e7\u00e3o T\u00e9cnica, idealizado pela equipe de Suinocultura da Vetanco, realizou sua primeira edi\u00e7\u00e3o no Meio-Oeste catarinense, na cidade de <a href=\"https:\/\/www.trezetilias.sc.gov.br\/\" target=\"_blank\" rel=\"noopener\">Treze T\u00edlias<\/a>. O evento tem como prop\u00f3sito oferecer palestras exclusivamente t\u00e9cnicas, abordando temas atuais e relevantes para a realidade da suinocultura nas regi\u00f5es onde \u00e9 promovido. Nessa primeira edi\u00e7\u00e3o, os m\u00e9dicos-veterin\u00e1rios Lucas Piroca e Gilmara Adada, assistentes t\u00e9cnico-comerciais da Vetanco, coordenaram as atividades.<\/p>\n<p>Al\u00e9m disso, o encontro aconteceu no dia 18 de maio, nas depend\u00eancias do Hotel Tirol. Na ocasi\u00e3o, mais de 50 profissionais de toda a regi\u00e3o do Meio-Oeste catarinense participaram do evento, representando grande parte das empresas do setor. Com isso, o CAT consolidou-se como um importante espa\u00e7o para atualiza\u00e7\u00e3o t\u00e9cnica e troca de experi\u00eancias entre os participantes.<\/p>\n<h1>Programa t\u00e9cnico<\/h1>\n<p>Para dar in\u00edcio \u00e0 programa\u00e7\u00e3o, o m\u00e9dico-veterin\u00e1rio Marcelo Dalmagro, mestre pela Universidade da Carolina do Norte (EUA), ministrou a palestra \u201cAntibi\u00f3ticos: perspectivas futuras para a produ\u00e7\u00e3o animal\u201d, trazendo reflex\u00f5es sobre os desafios e as tend\u00eancias do setor.<\/p>\n<p>Na sequ\u00eancia, a m\u00e9dica-veterin\u00e1ria Maria Fernanda Jabif, Assistente T\u00e9cnica de Su\u00ednos na Argentina, apresentou o tema \u201cUtiliza\u00e7\u00e3o de \u00e1cidos org\u00e2nicos e MOS em dietas de su\u00ednos\u201d.<\/p>\n<p>Ademais, o m\u00e9dico-veterin\u00e1rio Felipe Tomazela, Coordenador da Linha de Aditivos, abordou o tema \u201cUniwall MOS 50: solu\u00e7\u00e3o para a sanidade suin\u00edcola\u201d, refor\u00e7ando os benef\u00edcios do produto.<\/p>\n<p>Por fim, a Vetanco agradece a participa\u00e7\u00e3o de todos nesta primeira edi\u00e7\u00e3o do CAT.<\/p>\n<h1>Sobre a Vetanco<\/h1>\n<p>A Vetanco \u00e9 um <a href=\"https:\/\/vetanco.com\/br\/institucional\/\" target=\"_blank\" rel=\"noopener\">laborat\u00f3rio veterin\u00e1rio internacional<\/a> que, desde 1987, desenvolve, fabrica e comercializa produtos inovadores para a sa\u00fade animal. Atualmente, estamos presentes em mais de 40 pa\u00edses. Oferecemos produtos internacionalmente comprovados, controlados e seguros para a melhoria da produtividade e da seguran\u00e7a agroalimentar. Essa presen\u00e7a global reafirma nossa dedica\u00e7\u00e3o aos mais altos padr\u00f5es de qualidade, reconhecidos pelos mercados mais criteriosos.<\/p>\n\n","protected":false},"excerpt":{"rendered":"","protected":false},"author":7,"featured_media":22252,"comment_status":"open","ping_status":"open","sticky":false,"template":"","format":"standard","meta":{"footnotes":""},"categories":[45,57],"tags":[1527,531,507,89,1529,51,186],"class_list":["post-22249","post","type-post","status-publish","format-standard","has-post-thumbnail","hentry","category-noticias","category-palestras-tecnicas","tag-meio-oeste-catarinense","tag-producao-animal","tag-saude-animal-2","tag-suinocultura","tag-uniwall-mos-50","tag-vetanco","tag-vetanco-brasil"],"yoast_head":"<!-- This site is optimized with the Yoast SEO plugin v27.3 - https:\/\/yoast.com\/product\/yoast-seo-wordpress\/ -->\n<title>Equipe t\u00e9cnico-comercial realiza evento no Meio-oeste catarinense - Vetanco Brasil<\/title>\n<meta name=\"description\" content=\"O CAT, idealizado pela equipe de Suinocultura da Vetanco, realizou sua primeira edi\u00e7\u00e3o no Meio-Oeste catarinense, em Treze T\u00edlias\" \/>\n<meta name=\"robots\" content=\"index, follow, max-snippet:-1, max-image-preview:large, max-video-preview:-1\" \/>\n<link rel=\"canonical\" href=\"https:\/\/vetanco.com\/br\/equipe-tecnico-comercial-da-vetanco-realiza-evento-tecnico-no-meio-oeste-catarinense\/\" \/>\n<meta property=\"og:locale\" content=\"pt_BR\" \/>\n<meta property=\"og:type\" content=\"article\" \/>\n<meta property=\"og:title\" content=\"Equipe t\u00e9cnico-comercial realiza evento no Meio-oeste catarinense - Vetanco Brasil\" \/>\n<meta property=\"og:description\" content=\"O CAT, idealizado pela equipe de Suinocultura da Vetanco, realizou sua primeira edi\u00e7\u00e3o no Meio-Oeste catarinense, em Treze T\u00edlias\" \/>\n<meta property=\"og:url\" content=\"https:\/\/vetanco.com\/br\/equipe-tecnico-comercial-da-vetanco-realiza-evento-tecnico-no-meio-oeste-catarinense\/\" \/>\n<meta property=\"og:site_name\" content=\"Vetanco Brasil\" \/>\n<meta property=\"article:published_time\" content=\"2016-05-28T01:25:00+00:00\" \/>\n<meta property=\"article:modified_time\" content=\"2026-02-20T01:32:33+00:00\" \/>\n<meta property=\"og:image\" content=\"https:\/\/vetanco.com\/br\/wp-content\/uploads\/2016\/05\/cat-suinocultura-vetanco.png\" \/>\n\t<meta property=\"og:image:width\" content=\"800\" \/>\n\t<meta property=\"og:image:height\" content=\"450\" \/>\n\t<meta property=\"og:image:type\" content=\"image\/png\" \/>\n<meta name=\"author\" content=\"Simone\" \/>\n<meta name=\"twitter:card\" content=\"summary_large_image\" \/>\n<meta name=\"twitter:label1\" content=\"Escrito por\" \/>\n\t<meta name=\"twitter:data1\" content=\"Simone\" \/>\n\t<meta name=\"twitter:label2\" content=\"Est. tempo de leitura\" \/>\n\t<meta name=\"twitter:data2\" content=\"2 minutos\" \/>\n<script type=\"application\/ld+json\" class=\"yoast-schema-graph\">{\"@context\":\"https:\\\/\\\/schema.org\",\"@graph\":[{\"@type\":\"Article\",\"@id\":\"https:\\\/\\\/vetanco.com\\\/br\\\/equipe-tecnico-comercial-da-vetanco-realiza-evento-tecnico-no-meio-oeste-catarinense\\\/#article\",\"isPartOf\":{\"@id\":\"https:\\\/\\\/vetanco.com\\\/br\\\/equipe-tecnico-comercial-da-vetanco-realiza-evento-tecnico-no-meio-oeste-catarinense\\\/\"},\"author\":{\"name\":\"Simone\",\"@id\":\"https:\\\/\\\/vetanco.com\\\/br\\\/#\\\/schema\\\/person\\\/2f1ec2742b3d4f850572c66972a797de\"},\"headline\":\"Equipe t\u00e9cnico-comercial realiza evento no Meio-oeste catarinense\",\"datePublished\":\"2016-05-28T01:25:00+00:00\",\"dateModified\":\"2026-02-20T01:32:33+00:00\",\"mainEntityOfPage\":{\"@id\":\"https:\\\/\\\/vetanco.com\\\/br\\\/equipe-tecnico-comercial-da-vetanco-realiza-evento-tecnico-no-meio-oeste-catarinense\\\/\"},\"wordCount\":344,\"commentCount\":0,\"image\":{\"@id\":\"https:\\\/\\\/vetanco.com\\\/br\\\/equipe-tecnico-comercial-da-vetanco-realiza-evento-tecnico-no-meio-oeste-catarinense\\\/#primaryimage\"},\"thumbnailUrl\":\"https:\\\/\\\/vetanco.com\\\/br\\\/wp-content\\\/uploads\\\/2016\\\/05\\\/cat-suinocultura-vetanco.png\",\"keywords\":[\"Meio-Oeste catarinense\",\"produ\u00e7\u00e3o animal\",\"sa\u00fade animal\",\"Suinocultura\",\"Uniwall MOS 50\",\"Vetanco\",\"VETANCO BRASIL\"],\"articleSection\":[\"Not\u00edcias\",\"Palestras t\u00e9cnicas\"],\"inLanguage\":\"pt-BR\",\"potentialAction\":[{\"@type\":\"CommentAction\",\"name\":\"Comment\",\"target\":[\"https:\\\/\\\/vetanco.com\\\/br\\\/equipe-tecnico-comercial-da-vetanco-realiza-evento-tecnico-no-meio-oeste-catarinense\\\/#respond\"]}]},{\"@type\":\"WebPage\",\"@id\":\"https:\\\/\\\/vetanco.com\\\/br\\\/equipe-tecnico-comercial-da-vetanco-realiza-evento-tecnico-no-meio-oeste-catarinense\\\/\",\"url\":\"https:\\\/\\\/vetanco.com\\\/br\\\/equipe-tecnico-comercial-da-vetanco-realiza-evento-tecnico-no-meio-oeste-catarinense\\\/\",\"name\":\"Equipe t\u00e9cnico-comercial realiza evento no Meio-oeste catarinense - Vetanco Brasil\",\"isPartOf\":{\"@id\":\"https:\\\/\\\/vetanco.com\\\/br\\\/#website\"},\"primaryImageOfPage\":{\"@id\":\"https:\\\/\\\/vetanco.com\\\/br\\\/equipe-tecnico-comercial-da-vetanco-realiza-evento-tecnico-no-meio-oeste-catarinense\\\/#primaryimage\"},\"image\":{\"@id\":\"https:\\\/\\\/vetanco.com\\\/br\\\/equipe-tecnico-comercial-da-vetanco-realiza-evento-tecnico-no-meio-oeste-catarinense\\\/#primaryimage\"},\"thumbnailUrl\":\"https:\\\/\\\/vetanco.com\\\/br\\\/wp-content\\\/uploads\\\/2016\\\/05\\\/cat-suinocultura-vetanco.png\",\"datePublished\":\"2016-05-28T01:25:00+00:00\",\"dateModified\":\"2026-02-20T01:32:33+00:00\",\"author\":{\"@id\":\"https:\\\/\\\/vetanco.com\\\/br\\\/#\\\/schema\\\/person\\\/2f1ec2742b3d4f850572c66972a797de\"},\"description\":\"O CAT, idealizado pela equipe de Suinocultura da Vetanco, realizou sua primeira edi\u00e7\u00e3o no Meio-Oeste catarinense, em Treze T\u00edlias\",\"breadcrumb\":{\"@id\":\"https:\\\/\\\/vetanco.com\\\/br\\\/equipe-tecnico-comercial-da-vetanco-realiza-evento-tecnico-no-meio-oeste-catarinense\\\/#breadcrumb\"},\"inLanguage\":\"pt-BR\",\"potentialAction\":[{\"@type\":\"ReadAction\",\"target\":[\"https:\\\/\\\/vetanco.com\\\/br\\\/equipe-tecnico-comercial-da-vetanco-realiza-evento-tecnico-no-meio-oeste-catarinense\\\/\"]}]},{\"@type\":\"ImageObject\",\"inLanguage\":\"pt-BR\",\"@id\":\"https:\\\/\\\/vetanco.com\\\/br\\\/equipe-tecnico-comercial-da-vetanco-realiza-evento-tecnico-no-meio-oeste-catarinense\\\/#primaryimage\",\"url\":\"https:\\\/\\\/vetanco.com\\\/br\\\/wp-content\\\/uploads\\\/2016\\\/05\\\/cat-suinocultura-vetanco.png\",\"contentUrl\":\"https:\\\/\\\/vetanco.com\\\/br\\\/wp-content\\\/uploads\\\/2016\\\/05\\\/cat-suinocultura-vetanco.png\",\"width\":800,\"height\":450},{\"@type\":\"BreadcrumbList\",\"@id\":\"https:\\\/\\\/vetanco.com\\\/br\\\/equipe-tecnico-comercial-da-vetanco-realiza-evento-tecnico-no-meio-oeste-catarinense\\\/#breadcrumb\",\"itemListElement\":[{\"@type\":\"ListItem\",\"position\":1,\"name\":\"In\u00edcio\",\"item\":\"https:\\\/\\\/vetanco.com\\\/br\\\/\"},{\"@type\":\"ListItem\",\"position\":2,\"name\":\"Equipe t\u00e9cnico-comercial realiza evento no Meio-oeste catarinense\"}]},{\"@type\":\"WebSite\",\"@id\":\"https:\\\/\\\/vetanco.com\\\/br\\\/#website\",\"url\":\"https:\\\/\\\/vetanco.com\\\/br\\\/\",\"name\":\"Vetanco Brasil\",\"description\":\"Produtos Seguros para Alimentos Seguros\",\"potentialAction\":[{\"@type\":\"SearchAction\",\"target\":{\"@type\":\"EntryPoint\",\"urlTemplate\":\"https:\\\/\\\/vetanco.com\\\/br\\\/?s={search_term_string}\"},\"query-input\":{\"@type\":\"PropertyValueSpecification\",\"valueRequired\":true,\"valueName\":\"search_term_string\"}}],\"inLanguage\":\"pt-BR\"},{\"@type\":\"Person\",\"@id\":\"https:\\\/\\\/vetanco.com\\\/br\\\/#\\\/schema\\\/person\\\/2f1ec2742b3d4f850572c66972a797de\",\"name\":\"Simone\",\"image\":{\"@type\":\"ImageObject\",\"inLanguage\":\"pt-BR\",\"@id\":\"https:\\\/\\\/vetanco.com\\\/br\\\/wp-content\\\/uploads\\\/2024\\\/09\\\/simone-100x100.jpg\",\"url\":\"https:\\\/\\\/vetanco.com\\\/br\\\/wp-content\\\/uploads\\\/2024\\\/09\\\/simone-100x100.jpg\",\"contentUrl\":\"https:\\\/\\\/vetanco.com\\\/br\\\/wp-content\\\/uploads\\\/2024\\\/09\\\/simone-100x100.jpg\",\"caption\":\"Simone\"},\"url\":\"https:\\\/\\\/vetanco.com\\\/br\\\/author\\\/sijantsch\\\/\"}]}<\/script>\n<!-- \/ Yoast SEO plugin. -->","yoast_head_json":{"title":"Equipe t\u00e9cnico-comercial realiza evento no Meio-oeste catarinense - Vetanco Brasil","description":"O CAT, idealizado pela equipe de Suinocultura da Vetanco, realizou sua primeira edi\u00e7\u00e3o no Meio-Oeste catarinense, em Treze T\u00edlias","robots":{"index":"index","follow":"follow","max-snippet":"max-snippet:-1","max-image-preview":"max-image-preview:large","max-video-preview":"max-video-preview:-1"},"canonical":"https:\/\/vetanco.com\/br\/equipe-tecnico-comercial-da-vetanco-realiza-evento-tecnico-no-meio-oeste-catarinense\/","og_locale":"pt_BR","og_type":"article","og_title":"Equipe t\u00e9cnico-comercial realiza evento no Meio-oeste catarinense - Vetanco Brasil","og_description":"O CAT, idealizado pela equipe de Suinocultura da Vetanco, realizou sua primeira edi\u00e7\u00e3o no Meio-Oeste catarinense, em Treze T\u00edlias","og_url":"https:\/\/vetanco.com\/br\/equipe-tecnico-comercial-da-vetanco-realiza-evento-tecnico-no-meio-oeste-catarinense\/","og_site_name":"Vetanco Brasil","article_published_time":"2016-05-28T01:25:00+00:00","article_modified_time":"2026-02-20T01:32:33+00:00","og_image":[{"width":800,"height":450,"url":"https:\/\/vetanco.com\/br\/wp-content\/uploads\/2016\/05\/cat-suinocultura-vetanco.png","type":"image\/png"}],"author":"Simone","twitter_card":"summary_large_image","twitter_misc":{"Escrito por":"Simone","Est. tempo de leitura":"2 minutos"},"schema":{"@context":"https:\/\/schema.org","@graph":[{"@type":"Article","@id":"https:\/\/vetanco.com\/br\/equipe-tecnico-comercial-da-vetanco-realiza-evento-tecnico-no-meio-oeste-catarinense\/#article","isPartOf":{"@id":"https:\/\/vetanco.com\/br\/equipe-tecnico-comercial-da-vetanco-realiza-evento-tecnico-no-meio-oeste-catarinense\/"},"author":{"name":"Simone","@id":"https:\/\/vetanco.com\/br\/#\/schema\/person\/2f1ec2742b3d4f850572c66972a797de"},"headline":"Equipe t\u00e9cnico-comercial realiza evento no Meio-oeste catarinense","datePublished":"2016-05-28T01:25:00+00:00","dateModified":"2026-02-20T01:32:33+00:00","mainEntityOfPage":{"@id":"https:\/\/vetanco.com\/br\/equipe-tecnico-comercial-da-vetanco-realiza-evento-tecnico-no-meio-oeste-catarinense\/"},"wordCount":344,"commentCount":0,"image":{"@id":"https:\/\/vetanco.com\/br\/equipe-tecnico-comercial-da-vetanco-realiza-evento-tecnico-no-meio-oeste-catarinense\/#primaryimage"},"thumbnailUrl":"https:\/\/vetanco.com\/br\/wp-content\/uploads\/2016\/05\/cat-suinocultura-vetanco.png","keywords":["Meio-Oeste catarinense","produ\u00e7\u00e3o animal","sa\u00fade animal","Suinocultura","Uniwall MOS 50","Vetanco","VETANCO BRASIL"],"articleSection":["Not\u00edcias","Palestras t\u00e9cnicas"],"inLanguage":"pt-BR","potentialAction":[{"@type":"CommentAction","name":"Comment","target":["https:\/\/vetanco.com\/br\/equipe-tecnico-comercial-da-vetanco-realiza-evento-tecnico-no-meio-oeste-catarinense\/#respond"]}]},{"@type":"WebPage","@id":"https:\/\/vetanco.com\/br\/equipe-tecnico-comercial-da-vetanco-realiza-evento-tecnico-no-meio-oeste-catarinense\/","url":"https:\/\/vetanco.com\/br\/equipe-tecnico-comercial-da-vetanco-realiza-evento-tecnico-no-meio-oeste-catarinense\/","name":"Equipe t\u00e9cnico-comercial realiza evento no Meio-oeste catarinense - Vetanco Brasil","isPartOf":{"@id":"https:\/\/vetanco.com\/br\/#website"},"primaryImageOfPage":{"@id":"https:\/\/vetanco.com\/br\/equipe-tecnico-comercial-da-vetanco-realiza-evento-tecnico-no-meio-oeste-catarinense\/#primaryimage"},"image":{"@id":"https:\/\/vetanco.com\/br\/equipe-tecnico-comercial-da-vetanco-realiza-evento-tecnico-no-meio-oeste-catarinense\/#primaryimage"},"thumbnailUrl":"https:\/\/vetanco.com\/br\/wp-content\/uploads\/2016\/05\/cat-suinocultura-vetanco.png","datePublished":"2016-05-28T01:25:00+00:00","dateModified":"2026-02-20T01:32:33+00:00","author":{"@id":"https:\/\/vetanco.com\/br\/#\/schema\/person\/2f1ec2742b3d4f850572c66972a797de"},"description":"O CAT, idealizado pela equipe de Suinocultura da Vetanco, realizou sua primeira edi\u00e7\u00e3o no Meio-Oeste catarinense, em Treze T\u00edlias","breadcrumb":{"@id":"https:\/\/vetanco.com\/br\/equipe-tecnico-comercial-da-vetanco-realiza-evento-tecnico-no-meio-oeste-catarinense\/#breadcrumb"},"inLanguage":"pt-BR","potentialAction":[{"@type":"ReadAction","target":["https:\/\/vetanco.com\/br\/equipe-tecnico-comercial-da-vetanco-realiza-evento-tecnico-no-meio-oeste-catarinense\/"]}]},{"@type":"ImageObject","inLanguage":"pt-BR","@id":"https:\/\/vetanco.com\/br\/equipe-tecnico-comercial-da-vetanco-realiza-evento-tecnico-no-meio-oeste-catarinense\/#primaryimage","url":"https:\/\/vetanco.com\/br\/wp-content\/uploads\/2016\/05\/cat-suinocultura-vetanco.png","contentUrl":"https:\/\/vetanco.com\/br\/wp-content\/uploads\/2016\/05\/cat-suinocultura-vetanco.png","width":800,"height":450},{"@type":"BreadcrumbList","@id":"https:\/\/vetanco.com\/br\/equipe-tecnico-comercial-da-vetanco-realiza-evento-tecnico-no-meio-oeste-catarinense\/#breadcrumb","itemListElement":[{"@type":"ListItem","position":1,"name":"In\u00edcio","item":"https:\/\/vetanco.com\/br\/"},{"@type":"ListItem","position":2,"name":"Equipe t\u00e9cnico-comercial realiza evento no Meio-oeste catarinense"}]},{"@type":"WebSite","@id":"https:\/\/vetanco.com\/br\/#website","url":"https:\/\/vetanco.com\/br\/","name":"Vetanco Brasil","description":"Produtos Seguros para Alimentos Seguros","potentialAction":[{"@type":"SearchAction","target":{"@type":"EntryPoint","urlTemplate":"https:\/\/vetanco.com\/br\/?s={search_term_string}"},"query-input":{"@type":"PropertyValueSpecification","valueRequired":true,"valueName":"search_term_string"}}],"inLanguage":"pt-BR"},{"@type":"Person","@id":"https:\/\/vetanco.com\/br\/#\/schema\/person\/2f1ec2742b3d4f850572c66972a797de","name":"Simone","image":{"@type":"ImageObject","inLanguage":"pt-BR","@id":"https:\/\/vetanco.com\/br\/wp-content\/uploads\/2024\/09\/simone-100x100.jpg","url":"https:\/\/vetanco.com\/br\/wp-content\/uploads\/2024\/09\/simone-100x100.jpg","contentUrl":"https:\/\/vetanco.com\/br\/wp-content\/uploads\/2024\/09\/simone-100x100.jpg","caption":"Simone"},"url":"https:\/\/vetanco.com\/br\/author\/sijantsch\/"}]}},"_links":{"self":[{"href":"https:\/\/vetanco.com\/br\/wp-json\/wp\/v2\/posts\/22249","targetHints":{"allow":["GET"]}}],"collection":[{"href":"https:\/\/vetanco.com\/br\/wp-json\/wp\/v2\/posts"}],"about":[{"href":"https:\/\/vetanco.com\/br\/wp-json\/wp\/v2\/types\/post"}],"author":[{"embeddable":true,"href":"https:\/\/vetanco.com\/br\/wp-json\/wp\/v2\/users\/7"}],"replies":[{"embeddable":true,"href":"https:\/\/vetanco.com\/br\/wp-json\/wp\/v2\/comments?post=22249"}],"version-history":[{"count":10,"href":"https:\/\/vetanco.com\/br\/wp-json\/wp\/v2\/posts\/22249\/revisions"}],"predecessor-version":[{"id":29437,"href":"https:\/\/vetanco.com\/br\/wp-json\/wp\/v2\/posts\/22249\/revisions\/29437"}],"wp:featuredmedia":[{"embeddable":true,"href":"https:\/\/vetanco.com\/br\/wp-json\/wp\/v2\/media\/22252"}],"wp:attachment":[{"href":"https:\/\/vetanco.com\/br\/wp-json\/wp\/v2\/media?parent=22249"}],"wp:term":[{"taxonomy":"category","embeddable":true,"href":"https:\/\/vetanco.com\/br\/wp-json\/wp\/v2\/categories?post=22249"},{"taxonomy":"post_tag","embeddable":true,"href":"https:\/\/vetanco.com\/br\/wp-json\/wp\/v2\/tags?post=22249"}],"curies":[{"name":"wp","href":"https:\/\/api.w.org\/{rel}","templated":true}]}}