{"id":22896,"date":"2013-12-11T16:41:00","date_gmt":"2013-12-11T18:41:00","guid":{"rendered":"https:\/\/vetanco.com\/br\/?p=22896"},"modified":"2024-12-01T16:44:23","modified_gmt":"2024-12-01T19:44:23","slug":"mi-buenos-aires-querido-familia-vetanco-rumo-a-argentina","status":"publish","type":"post","link":"https:\/\/vetanco.com\/br\/mi-buenos-aires-querido-familia-vetanco-rumo-a-argentina\/","title":{"rendered":"Mi Buenos Aires querido\u2026 Fam\u00edlia Vetanco re\u00fane-se na Argentina"},"content":{"rendered":"\n<p>Como j\u00e1 \u00e9 tradi\u00e7\u00e3o, a grande fam\u00edlia da Vetanco do Brasil fez sua confraterniza\u00e7\u00e3o de fim de ano 2013. Desta vez o destino foi a capital argentina Buenos Aires. Depois de Brotas (2011) e Florian\u00f3polis (2012), a equipe da Vetanco do Brasil e seus familiares, passaram 3 dias na capital argentina. Dessa vez, o passeio foi organizado pela Vetanco S.A., principalmente pelo Sr. Horacio Mancini, Vice-presidente da Vetanco S.A. e sua equipe. A fam\u00edlia Vetanco do Brasil viajou na Sexta (06): uma delega\u00e7\u00e3o saindo de Chapec\u00f3 e outra formada pelos v\u00e1rios colaboradores de diversos locais do pa\u00eds. A delega\u00e7\u00e3o de Chapec\u00f3 fez escala em Florian\u00f3polis e aproveitou o tempo para realizar um city tour pela capital barriga verde. Chegando em Buenos Aires, fomos recebidos no HOTEL HOWARD JOHNSON PILAR RESORT SPA &amp; CONVENTION CENTER onde foi realizado um jantar de recep\u00e7\u00e3o. Neste jantar al\u00e9m de toda a Fam\u00edlia Vetanco do Brasil, nos agraciaram com suas presen\u00e7as o Presidente da Vetanco S.A., Sr. Jorge Winokur e o Vice-Presidente da Vetanco S.A., Sr. Horacio Mancini, e vossas esposas.<\/p>\n<p>No S\u00e1bado (07) a programa\u00e7\u00e3o foi longa, pela manh\u00e3 a equipe conheceu as novas instala\u00e7\u00f5es da Planta General Rodriguez, a terceira em opera\u00e7\u00e3o na Argentina. Ap\u00f3s foi feito um city tour pelos principais pontos da capital dos hermanos, Plaza de Mayo e Casa Rosada, ap\u00f3s Avenida 9 de Julio e o Obelisco, terminando a manh\u00e3 com um almo\u00e7o em Puerto Madero. A tarde o passeio foi em La Bombonera que \u00e9 o est\u00e1dio do Club Atl\u00e9tico Boca Juniors, o clube mais popular da Argentina. Depois um passeio pelo Caminito, terminando com um momento para compras no Shopping Unicenter. A noite, um jantar no HOTEL HOWARD JOHNSON PILAR RESORT SPA &amp; CONVENTION CENTER foi organizado, terminando com um festa especialmente preparada para a equipe.<\/p>\n<p>No Domingo (08) foi o momento de se despedir de Buenos Aires. S\u00f3 nos resta os bons momentos que confraternizamos entre colegas, familiares, amigos e muitas fotos pra posteridade. A equipe da Vetanco do Brasil se sente muito feliz pela oportunidade proporcionada pela nossa m\u00e3e argentina em realizar esse belo passeio.<\/p>\n\n","protected":false},"excerpt":{"rendered":"","protected":false},"author":7,"featured_media":22899,"comment_status":"open","ping_status":"open","sticky":false,"template":"","format":"standard","meta":{"footnotes":""},"categories":[52,45],"tags":[51,186],"class_list":["post-22896","post","type-post","status-publish","format-standard","has-post-thumbnail","hentry","category-geral","category-noticias","tag-vetanco","tag-vetanco-brasil"],"yoast_head":"<!-- This site is optimized with the Yoast SEO plugin v27.3 - https:\/\/yoast.com\/product\/yoast-seo-wordpress\/ -->\n<title>Mi Buenos Aires querido\u2026 Fam\u00edlia Vetanco re\u00fane-se na Argentina - Vetanco Brasil<\/title>\n<meta name=\"robots\" content=\"index, follow, max-snippet:-1, max-image-preview:large, max-video-preview:-1\" \/>\n<link rel=\"canonical\" href=\"https:\/\/vetanco.com\/br\/mi-buenos-aires-querido-familia-vetanco-rumo-a-argentina\/\" \/>\n<meta property=\"og:locale\" content=\"pt_BR\" \/>\n<meta property=\"og:type\" content=\"article\" \/>\n<meta property=\"og:title\" content=\"Mi Buenos Aires querido\u2026 Fam\u00edlia Vetanco re\u00fane-se na Argentina - Vetanco Brasil\" \/>\n<meta property=\"og:url\" content=\"https:\/\/vetanco.com\/br\/mi-buenos-aires-querido-familia-vetanco-rumo-a-argentina\/\" \/>\n<meta property=\"og:site_name\" content=\"Vetanco Brasil\" \/>\n<meta property=\"article:published_time\" content=\"2013-12-11T18:41:00+00:00\" \/>\n<meta property=\"article:modified_time\" content=\"2024-12-01T19:44:23+00:00\" \/>\n<meta property=\"og:image\" content=\"https:\/\/vetanco.com\/br\/wp-content\/uploads\/2024\/12\/vetanco-brasil.png\" \/>\n\t<meta property=\"og:image:width\" content=\"800\" \/>\n\t<meta property=\"og:image:height\" content=\"450\" \/>\n\t<meta property=\"og:image:type\" content=\"image\/png\" \/>\n<meta name=\"author\" content=\"Simone\" \/>\n<meta name=\"twitter:card\" content=\"summary_large_image\" \/>\n<meta name=\"twitter:label1\" content=\"Escrito por\" \/>\n\t<meta name=\"twitter:data1\" content=\"Simone\" \/>\n\t<meta name=\"twitter:label2\" content=\"Est. tempo de leitura\" \/>\n\t<meta name=\"twitter:data2\" content=\"3 minutos\" \/>\n<script type=\"application\/ld+json\" class=\"yoast-schema-graph\">{\"@context\":\"https:\\\/\\\/schema.org\",\"@graph\":[{\"@type\":\"Article\",\"@id\":\"https:\\\/\\\/vetanco.com\\\/br\\\/mi-buenos-aires-querido-familia-vetanco-rumo-a-argentina\\\/#article\",\"isPartOf\":{\"@id\":\"https:\\\/\\\/vetanco.com\\\/br\\\/mi-buenos-aires-querido-familia-vetanco-rumo-a-argentina\\\/\"},\"author\":{\"name\":\"Simone\",\"@id\":\"https:\\\/\\\/vetanco.com\\\/br\\\/#\\\/schema\\\/person\\\/2f1ec2742b3d4f850572c66972a797de\"},\"headline\":\"Mi Buenos Aires querido\u2026 Fam\u00edlia Vetanco re\u00fane-se na Argentina\",\"datePublished\":\"2013-12-11T18:41:00+00:00\",\"dateModified\":\"2024-12-01T19:44:23+00:00\",\"mainEntityOfPage\":{\"@id\":\"https:\\\/\\\/vetanco.com\\\/br\\\/mi-buenos-aires-querido-familia-vetanco-rumo-a-argentina\\\/\"},\"wordCount\":379,\"commentCount\":0,\"image\":{\"@id\":\"https:\\\/\\\/vetanco.com\\\/br\\\/mi-buenos-aires-querido-familia-vetanco-rumo-a-argentina\\\/#primaryimage\"},\"thumbnailUrl\":\"https:\\\/\\\/vetanco.com\\\/br\\\/wp-content\\\/uploads\\\/2024\\\/12\\\/vetanco-brasil.png\",\"keywords\":[\"Vetanco\",\"VETANCO BRASIL\"],\"articleSection\":[\"Geral\",\"Not\u00edcias\"],\"inLanguage\":\"pt-BR\",\"potentialAction\":[{\"@type\":\"CommentAction\",\"name\":\"Comment\",\"target\":[\"https:\\\/\\\/vetanco.com\\\/br\\\/mi-buenos-aires-querido-familia-vetanco-rumo-a-argentina\\\/#respond\"]}]},{\"@type\":\"WebPage\",\"@id\":\"https:\\\/\\\/vetanco.com\\\/br\\\/mi-buenos-aires-querido-familia-vetanco-rumo-a-argentina\\\/\",\"url\":\"https:\\\/\\\/vetanco.com\\\/br\\\/mi-buenos-aires-querido-familia-vetanco-rumo-a-argentina\\\/\",\"name\":\"Mi Buenos Aires querido\u2026 Fam\u00edlia Vetanco re\u00fane-se na Argentina - Vetanco Brasil\",\"isPartOf\":{\"@id\":\"https:\\\/\\\/vetanco.com\\\/br\\\/#website\"},\"primaryImageOfPage\":{\"@id\":\"https:\\\/\\\/vetanco.com\\\/br\\\/mi-buenos-aires-querido-familia-vetanco-rumo-a-argentina\\\/#primaryimage\"},\"image\":{\"@id\":\"https:\\\/\\\/vetanco.com\\\/br\\\/mi-buenos-aires-querido-familia-vetanco-rumo-a-argentina\\\/#primaryimage\"},\"thumbnailUrl\":\"https:\\\/\\\/vetanco.com\\\/br\\\/wp-content\\\/uploads\\\/2024\\\/12\\\/vetanco-brasil.png\",\"datePublished\":\"2013-12-11T18:41:00+00:00\",\"dateModified\":\"2024-12-01T19:44:23+00:00\",\"author\":{\"@id\":\"https:\\\/\\\/vetanco.com\\\/br\\\/#\\\/schema\\\/person\\\/2f1ec2742b3d4f850572c66972a797de\"},\"breadcrumb\":{\"@id\":\"https:\\\/\\\/vetanco.com\\\/br\\\/mi-buenos-aires-querido-familia-vetanco-rumo-a-argentina\\\/#breadcrumb\"},\"inLanguage\":\"pt-BR\",\"potentialAction\":[{\"@type\":\"ReadAction\",\"target\":[\"https:\\\/\\\/vetanco.com\\\/br\\\/mi-buenos-aires-querido-familia-vetanco-rumo-a-argentina\\\/\"]}]},{\"@type\":\"ImageObject\",\"inLanguage\":\"pt-BR\",\"@id\":\"https:\\\/\\\/vetanco.com\\\/br\\\/mi-buenos-aires-querido-familia-vetanco-rumo-a-argentina\\\/#primaryimage\",\"url\":\"https:\\\/\\\/vetanco.com\\\/br\\\/wp-content\\\/uploads\\\/2024\\\/12\\\/vetanco-brasil.png\",\"contentUrl\":\"https:\\\/\\\/vetanco.com\\\/br\\\/wp-content\\\/uploads\\\/2024\\\/12\\\/vetanco-brasil.png\",\"width\":800,\"height\":450},{\"@type\":\"BreadcrumbList\",\"@id\":\"https:\\\/\\\/vetanco.com\\\/br\\\/mi-buenos-aires-querido-familia-vetanco-rumo-a-argentina\\\/#breadcrumb\",\"itemListElement\":[{\"@type\":\"ListItem\",\"position\":1,\"name\":\"In\u00edcio\",\"item\":\"https:\\\/\\\/vetanco.com\\\/br\\\/\"},{\"@type\":\"ListItem\",\"position\":2,\"name\":\"Mi Buenos Aires querido\u2026 Fam\u00edlia Vetanco re\u00fane-se na Argentina\"}]},{\"@type\":\"WebSite\",\"@id\":\"https:\\\/\\\/vetanco.com\\\/br\\\/#website\",\"url\":\"https:\\\/\\\/vetanco.com\\\/br\\\/\",\"name\":\"Vetanco Brasil\",\"description\":\"Produtos Seguros para Alimentos Seguros\",\"potentialAction\":[{\"@type\":\"SearchAction\",\"target\":{\"@type\":\"EntryPoint\",\"urlTemplate\":\"https:\\\/\\\/vetanco.com\\\/br\\\/?s={search_term_string}\"},\"query-input\":{\"@type\":\"PropertyValueSpecification\",\"valueRequired\":true,\"valueName\":\"search_term_string\"}}],\"inLanguage\":\"pt-BR\"},{\"@type\":\"Person\",\"@id\":\"https:\\\/\\\/vetanco.com\\\/br\\\/#\\\/schema\\\/person\\\/2f1ec2742b3d4f850572c66972a797de\",\"name\":\"Simone\",\"image\":{\"@type\":\"ImageObject\",\"inLanguage\":\"pt-BR\",\"@id\":\"https:\\\/\\\/vetanco.com\\\/br\\\/wp-content\\\/uploads\\\/2024\\\/09\\\/simone-100x100.jpg\",\"url\":\"https:\\\/\\\/vetanco.com\\\/br\\\/wp-content\\\/uploads\\\/2024\\\/09\\\/simone-100x100.jpg\",\"contentUrl\":\"https:\\\/\\\/vetanco.com\\\/br\\\/wp-content\\\/uploads\\\/2024\\\/09\\\/simone-100x100.jpg\",\"caption\":\"Simone\"},\"url\":\"https:\\\/\\\/vetanco.com\\\/br\\\/author\\\/sijantsch\\\/\"}]}<\/script>\n<!-- \/ Yoast SEO plugin. -->","yoast_head_json":{"title":"Mi Buenos Aires querido\u2026 Fam\u00edlia Vetanco re\u00fane-se na Argentina - Vetanco Brasil","robots":{"index":"index","follow":"follow","max-snippet":"max-snippet:-1","max-image-preview":"max-image-preview:large","max-video-preview":"max-video-preview:-1"},"canonical":"https:\/\/vetanco.com\/br\/mi-buenos-aires-querido-familia-vetanco-rumo-a-argentina\/","og_locale":"pt_BR","og_type":"article","og_title":"Mi Buenos Aires querido\u2026 Fam\u00edlia Vetanco re\u00fane-se na Argentina - Vetanco Brasil","og_url":"https:\/\/vetanco.com\/br\/mi-buenos-aires-querido-familia-vetanco-rumo-a-argentina\/","og_site_name":"Vetanco Brasil","article_published_time":"2013-12-11T18:41:00+00:00","article_modified_time":"2024-12-01T19:44:23+00:00","og_image":[{"width":800,"height":450,"url":"https:\/\/vetanco.com\/br\/wp-content\/uploads\/2024\/12\/vetanco-brasil.png","type":"image\/png"}],"author":"Simone","twitter_card":"summary_large_image","twitter_misc":{"Escrito por":"Simone","Est. tempo de leitura":"3 minutos"},"schema":{"@context":"https:\/\/schema.org","@graph":[{"@type":"Article","@id":"https:\/\/vetanco.com\/br\/mi-buenos-aires-querido-familia-vetanco-rumo-a-argentina\/#article","isPartOf":{"@id":"https:\/\/vetanco.com\/br\/mi-buenos-aires-querido-familia-vetanco-rumo-a-argentina\/"},"author":{"name":"Simone","@id":"https:\/\/vetanco.com\/br\/#\/schema\/person\/2f1ec2742b3d4f850572c66972a797de"},"headline":"Mi Buenos Aires querido\u2026 Fam\u00edlia Vetanco re\u00fane-se na Argentina","datePublished":"2013-12-11T18:41:00+00:00","dateModified":"2024-12-01T19:44:23+00:00","mainEntityOfPage":{"@id":"https:\/\/vetanco.com\/br\/mi-buenos-aires-querido-familia-vetanco-rumo-a-argentina\/"},"wordCount":379,"commentCount":0,"image":{"@id":"https:\/\/vetanco.com\/br\/mi-buenos-aires-querido-familia-vetanco-rumo-a-argentina\/#primaryimage"},"thumbnailUrl":"https:\/\/vetanco.com\/br\/wp-content\/uploads\/2024\/12\/vetanco-brasil.png","keywords":["Vetanco","VETANCO BRASIL"],"articleSection":["Geral","Not\u00edcias"],"inLanguage":"pt-BR","potentialAction":[{"@type":"CommentAction","name":"Comment","target":["https:\/\/vetanco.com\/br\/mi-buenos-aires-querido-familia-vetanco-rumo-a-argentina\/#respond"]}]},{"@type":"WebPage","@id":"https:\/\/vetanco.com\/br\/mi-buenos-aires-querido-familia-vetanco-rumo-a-argentina\/","url":"https:\/\/vetanco.com\/br\/mi-buenos-aires-querido-familia-vetanco-rumo-a-argentina\/","name":"Mi Buenos Aires querido\u2026 Fam\u00edlia Vetanco re\u00fane-se na Argentina - Vetanco Brasil","isPartOf":{"@id":"https:\/\/vetanco.com\/br\/#website"},"primaryImageOfPage":{"@id":"https:\/\/vetanco.com\/br\/mi-buenos-aires-querido-familia-vetanco-rumo-a-argentina\/#primaryimage"},"image":{"@id":"https:\/\/vetanco.com\/br\/mi-buenos-aires-querido-familia-vetanco-rumo-a-argentina\/#primaryimage"},"thumbnailUrl":"https:\/\/vetanco.com\/br\/wp-content\/uploads\/2024\/12\/vetanco-brasil.png","datePublished":"2013-12-11T18:41:00+00:00","dateModified":"2024-12-01T19:44:23+00:00","author":{"@id":"https:\/\/vetanco.com\/br\/#\/schema\/person\/2f1ec2742b3d4f850572c66972a797de"},"breadcrumb":{"@id":"https:\/\/vetanco.com\/br\/mi-buenos-aires-querido-familia-vetanco-rumo-a-argentina\/#breadcrumb"},"inLanguage":"pt-BR","potentialAction":[{"@type":"ReadAction","target":["https:\/\/vetanco.com\/br\/mi-buenos-aires-querido-familia-vetanco-rumo-a-argentina\/"]}]},{"@type":"ImageObject","inLanguage":"pt-BR","@id":"https:\/\/vetanco.com\/br\/mi-buenos-aires-querido-familia-vetanco-rumo-a-argentina\/#primaryimage","url":"https:\/\/vetanco.com\/br\/wp-content\/uploads\/2024\/12\/vetanco-brasil.png","contentUrl":"https:\/\/vetanco.com\/br\/wp-content\/uploads\/2024\/12\/vetanco-brasil.png","width":800,"height":450},{"@type":"BreadcrumbList","@id":"https:\/\/vetanco.com\/br\/mi-buenos-aires-querido-familia-vetanco-rumo-a-argentina\/#breadcrumb","itemListElement":[{"@type":"ListItem","position":1,"name":"In\u00edcio","item":"https:\/\/vetanco.com\/br\/"},{"@type":"ListItem","position":2,"name":"Mi Buenos Aires querido\u2026 Fam\u00edlia Vetanco re\u00fane-se na Argentina"}]},{"@type":"WebSite","@id":"https:\/\/vetanco.com\/br\/#website","url":"https:\/\/vetanco.com\/br\/","name":"Vetanco Brasil","description":"Produtos Seguros para Alimentos Seguros","potentialAction":[{"@type":"SearchAction","target":{"@type":"EntryPoint","urlTemplate":"https:\/\/vetanco.com\/br\/?s={search_term_string}"},"query-input":{"@type":"PropertyValueSpecification","valueRequired":true,"valueName":"search_term_string"}}],"inLanguage":"pt-BR"},{"@type":"Person","@id":"https:\/\/vetanco.com\/br\/#\/schema\/person\/2f1ec2742b3d4f850572c66972a797de","name":"Simone","image":{"@type":"ImageObject","inLanguage":"pt-BR","@id":"https:\/\/vetanco.com\/br\/wp-content\/uploads\/2024\/09\/simone-100x100.jpg","url":"https:\/\/vetanco.com\/br\/wp-content\/uploads\/2024\/09\/simone-100x100.jpg","contentUrl":"https:\/\/vetanco.com\/br\/wp-content\/uploads\/2024\/09\/simone-100x100.jpg","caption":"Simone"},"url":"https:\/\/vetanco.com\/br\/author\/sijantsch\/"}]}},"_links":{"self":[{"href":"https:\/\/vetanco.com\/br\/wp-json\/wp\/v2\/posts\/22896","targetHints":{"allow":["GET"]}}],"collection":[{"href":"https:\/\/vetanco.com\/br\/wp-json\/wp\/v2\/posts"}],"about":[{"href":"https:\/\/vetanco.com\/br\/wp-json\/wp\/v2\/types\/post"}],"author":[{"embeddable":true,"href":"https:\/\/vetanco.com\/br\/wp-json\/wp\/v2\/users\/7"}],"replies":[{"embeddable":true,"href":"https:\/\/vetanco.com\/br\/wp-json\/wp\/v2\/comments?post=22896"}],"version-history":[{"count":4,"href":"https:\/\/vetanco.com\/br\/wp-json\/wp\/v2\/posts\/22896\/revisions"}],"predecessor-version":[{"id":22901,"href":"https:\/\/vetanco.com\/br\/wp-json\/wp\/v2\/posts\/22896\/revisions\/22901"}],"wp:featuredmedia":[{"embeddable":true,"href":"https:\/\/vetanco.com\/br\/wp-json\/wp\/v2\/media\/22899"}],"wp:attachment":[{"href":"https:\/\/vetanco.com\/br\/wp-json\/wp\/v2\/media?parent=22896"}],"wp:term":[{"taxonomy":"category","embeddable":true,"href":"https:\/\/vetanco.com\/br\/wp-json\/wp\/v2\/categories?post=22896"},{"taxonomy":"post_tag","embeddable":true,"href":"https:\/\/vetanco.com\/br\/wp-json\/wp\/v2\/tags?post=22896"}],"curies":[{"name":"wp","href":"https:\/\/api.w.org\/{rel}","templated":true}]}}