{"id":23120,"date":"2013-02-27T23:02:00","date_gmt":"2013-02-28T02:02:00","guid":{"rendered":"https:\/\/vetanco.com\/br\/?p=23120"},"modified":"2024-12-02T23:04:11","modified_gmt":"2024-12-03T02:04:11","slug":"vetanco-do-brasil-marca-presenca-no-show-rural-coopavel","status":"publish","type":"post","link":"https:\/\/vetanco.com\/br\/vetanco-do-brasil-marca-presenca-no-show-rural-coopavel\/","title":{"rendered":"Vetanco do Brasil marca presen\u00e7a no Show Rural Coopavel"},"content":{"rendered":"\n<p>A Vetanco do Brasil, atrav\u00e9s de sua equipe T\u00e9cnico\/Comercial, se fez presente em um dos maiores eventos do agroneg\u00f3cio do Paran\u00e1, o Show Rural promovido pela Coopavel. Nesta edi\u00e7\u00e3o dos 25 anos da cooperativa o\u00a0principal objetivo do Show Rural \u00e9 a difus\u00e3o de tecnologias voltadas ao aumento de produtividade de pequenas, m\u00e9dias e grandes propriedades rurais.<\/p>\n<h1>Show Rural 2013 em n\u00fameros<\/h1>\n<p><img loading=\"lazy\" decoding=\"async\" class=\"alignnone size-medium wp-image-23124\" src=\"https:\/\/vetanco.com\/br\/wp-content\/uploads\/2024\/12\/numeros-show-rural-coopavel-2013-300x169.png\" alt=\"\" width=\"300\" height=\"169\" srcset=\"https:\/\/vetanco.com\/br\/wp-content\/uploads\/2024\/12\/numeros-show-rural-coopavel-2013-300x169.png 300w, https:\/\/vetanco.com\/br\/wp-content\/uploads\/2024\/12\/numeros-show-rural-coopavel-2013-768x432.png 768w, https:\/\/vetanco.com\/br\/wp-content\/uploads\/2024\/12\/numeros-show-rural-coopavel-2013-600x338.png 600w, https:\/\/vetanco.com\/br\/wp-content\/uploads\/2024\/12\/numeros-show-rural-coopavel-2013.png 800w\" sizes=\"auto, (max-width: 300px) 100vw, 300px\" \/><\/p>\n<p><em>Fonte: assessoria de imprensa.<\/em><\/p>\n<p>\u00a0<\/p>\n<p><strong><em>Na foto: equipe de Su\u00ednos da Vetanco\u00a0e\u00a0Selmar Franck Marquesin (3\u00ba E\/D), Gerente de Comunica\u00e7\u00e3o e Marketing \u00a0do jornal O Presente Rural<\/em><\/strong><\/p>\n\n","protected":false},"excerpt":{"rendered":"","protected":false},"author":7,"featured_media":23123,"comment_status":"open","ping_status":"open","sticky":false,"template":"","format":"standard","meta":{"footnotes":""},"categories":[1,45],"tags":[626,498,51,186],"class_list":["post-23120","post","type-post","status-publish","format-standard","has-post-thumbnail","hentry","category-eventos","category-noticias","tag-show-rural-coopavel","tag-suinos","tag-vetanco","tag-vetanco-brasil"],"yoast_head":"<!-- This site is optimized with the Yoast SEO plugin v27.3 - https:\/\/yoast.com\/product\/yoast-seo-wordpress\/ -->\n<title>Vetanco do Brasil marca presen\u00e7a no Show Rural Coopavel - Vetanco Brasil<\/title>\n<meta name=\"robots\" content=\"index, follow, max-snippet:-1, max-image-preview:large, max-video-preview:-1\" \/>\n<link rel=\"canonical\" href=\"https:\/\/vetanco.com\/br\/vetanco-do-brasil-marca-presenca-no-show-rural-coopavel\/\" \/>\n<meta property=\"og:locale\" content=\"pt_BR\" \/>\n<meta property=\"og:type\" content=\"article\" \/>\n<meta property=\"og:title\" content=\"Vetanco do Brasil marca presen\u00e7a no Show Rural Coopavel - Vetanco Brasil\" \/>\n<meta property=\"og:url\" content=\"https:\/\/vetanco.com\/br\/vetanco-do-brasil-marca-presenca-no-show-rural-coopavel\/\" \/>\n<meta property=\"og:site_name\" content=\"Vetanco Brasil\" \/>\n<meta property=\"article:published_time\" content=\"2013-02-28T02:02:00+00:00\" \/>\n<meta property=\"article:modified_time\" content=\"2024-12-03T02:04:11+00:00\" \/>\n<meta property=\"og:image\" content=\"https:\/\/vetanco.com\/br\/wp-content\/uploads\/2024\/12\/show-rural-coopavel-vetanco.png\" \/>\n\t<meta property=\"og:image:width\" content=\"800\" \/>\n\t<meta property=\"og:image:height\" content=\"450\" \/>\n\t<meta property=\"og:image:type\" content=\"image\/png\" \/>\n<meta name=\"author\" content=\"Simone\" \/>\n<meta name=\"twitter:card\" content=\"summary_large_image\" \/>\n<meta name=\"twitter:label1\" content=\"Escrito por\" \/>\n\t<meta name=\"twitter:data1\" content=\"Simone\" \/>\n\t<meta name=\"twitter:label2\" content=\"Est. tempo de leitura\" \/>\n\t<meta name=\"twitter:data2\" content=\"1 minuto\" \/>\n<script type=\"application\/ld+json\" class=\"yoast-schema-graph\">{\"@context\":\"https:\\\/\\\/schema.org\",\"@graph\":[{\"@type\":\"Article\",\"@id\":\"https:\\\/\\\/vetanco.com\\\/br\\\/vetanco-do-brasil-marca-presenca-no-show-rural-coopavel\\\/#article\",\"isPartOf\":{\"@id\":\"https:\\\/\\\/vetanco.com\\\/br\\\/vetanco-do-brasil-marca-presenca-no-show-rural-coopavel\\\/\"},\"author\":{\"name\":\"Simone\",\"@id\":\"https:\\\/\\\/vetanco.com\\\/br\\\/#\\\/schema\\\/person\\\/2f1ec2742b3d4f850572c66972a797de\"},\"headline\":\"Vetanco do Brasil marca presen\u00e7a no Show Rural Coopavel\",\"datePublished\":\"2013-02-28T02:02:00+00:00\",\"dateModified\":\"2024-12-03T02:04:11+00:00\",\"mainEntityOfPage\":{\"@id\":\"https:\\\/\\\/vetanco.com\\\/br\\\/vetanco-do-brasil-marca-presenca-no-show-rural-coopavel\\\/\"},\"wordCount\":106,\"commentCount\":0,\"image\":{\"@id\":\"https:\\\/\\\/vetanco.com\\\/br\\\/vetanco-do-brasil-marca-presenca-no-show-rural-coopavel\\\/#primaryimage\"},\"thumbnailUrl\":\"https:\\\/\\\/vetanco.com\\\/br\\\/wp-content\\\/uploads\\\/2024\\\/12\\\/show-rural-coopavel-vetanco.png\",\"keywords\":[\"Show Rural Coopavel\",\"su\u00ednos\",\"Vetanco\",\"VETANCO BRASIL\"],\"articleSection\":[\"Eventos\",\"Not\u00edcias\"],\"inLanguage\":\"pt-BR\",\"potentialAction\":[{\"@type\":\"CommentAction\",\"name\":\"Comment\",\"target\":[\"https:\\\/\\\/vetanco.com\\\/br\\\/vetanco-do-brasil-marca-presenca-no-show-rural-coopavel\\\/#respond\"]}]},{\"@type\":\"WebPage\",\"@id\":\"https:\\\/\\\/vetanco.com\\\/br\\\/vetanco-do-brasil-marca-presenca-no-show-rural-coopavel\\\/\",\"url\":\"https:\\\/\\\/vetanco.com\\\/br\\\/vetanco-do-brasil-marca-presenca-no-show-rural-coopavel\\\/\",\"name\":\"Vetanco do Brasil marca presen\u00e7a no Show Rural Coopavel - Vetanco Brasil\",\"isPartOf\":{\"@id\":\"https:\\\/\\\/vetanco.com\\\/br\\\/#website\"},\"primaryImageOfPage\":{\"@id\":\"https:\\\/\\\/vetanco.com\\\/br\\\/vetanco-do-brasil-marca-presenca-no-show-rural-coopavel\\\/#primaryimage\"},\"image\":{\"@id\":\"https:\\\/\\\/vetanco.com\\\/br\\\/vetanco-do-brasil-marca-presenca-no-show-rural-coopavel\\\/#primaryimage\"},\"thumbnailUrl\":\"https:\\\/\\\/vetanco.com\\\/br\\\/wp-content\\\/uploads\\\/2024\\\/12\\\/show-rural-coopavel-vetanco.png\",\"datePublished\":\"2013-02-28T02:02:00+00:00\",\"dateModified\":\"2024-12-03T02:04:11+00:00\",\"author\":{\"@id\":\"https:\\\/\\\/vetanco.com\\\/br\\\/#\\\/schema\\\/person\\\/2f1ec2742b3d4f850572c66972a797de\"},\"breadcrumb\":{\"@id\":\"https:\\\/\\\/vetanco.com\\\/br\\\/vetanco-do-brasil-marca-presenca-no-show-rural-coopavel\\\/#breadcrumb\"},\"inLanguage\":\"pt-BR\",\"potentialAction\":[{\"@type\":\"ReadAction\",\"target\":[\"https:\\\/\\\/vetanco.com\\\/br\\\/vetanco-do-brasil-marca-presenca-no-show-rural-coopavel\\\/\"]}]},{\"@type\":\"ImageObject\",\"inLanguage\":\"pt-BR\",\"@id\":\"https:\\\/\\\/vetanco.com\\\/br\\\/vetanco-do-brasil-marca-presenca-no-show-rural-coopavel\\\/#primaryimage\",\"url\":\"https:\\\/\\\/vetanco.com\\\/br\\\/wp-content\\\/uploads\\\/2024\\\/12\\\/show-rural-coopavel-vetanco.png\",\"contentUrl\":\"https:\\\/\\\/vetanco.com\\\/br\\\/wp-content\\\/uploads\\\/2024\\\/12\\\/show-rural-coopavel-vetanco.png\",\"width\":800,\"height\":450},{\"@type\":\"BreadcrumbList\",\"@id\":\"https:\\\/\\\/vetanco.com\\\/br\\\/vetanco-do-brasil-marca-presenca-no-show-rural-coopavel\\\/#breadcrumb\",\"itemListElement\":[{\"@type\":\"ListItem\",\"position\":1,\"name\":\"In\u00edcio\",\"item\":\"https:\\\/\\\/vetanco.com\\\/br\\\/\"},{\"@type\":\"ListItem\",\"position\":2,\"name\":\"Vetanco do Brasil marca presen\u00e7a no Show Rural Coopavel\"}]},{\"@type\":\"WebSite\",\"@id\":\"https:\\\/\\\/vetanco.com\\\/br\\\/#website\",\"url\":\"https:\\\/\\\/vetanco.com\\\/br\\\/\",\"name\":\"Vetanco Brasil\",\"description\":\"Produtos Seguros para Alimentos Seguros\",\"potentialAction\":[{\"@type\":\"SearchAction\",\"target\":{\"@type\":\"EntryPoint\",\"urlTemplate\":\"https:\\\/\\\/vetanco.com\\\/br\\\/?s={search_term_string}\"},\"query-input\":{\"@type\":\"PropertyValueSpecification\",\"valueRequired\":true,\"valueName\":\"search_term_string\"}}],\"inLanguage\":\"pt-BR\"},{\"@type\":\"Person\",\"@id\":\"https:\\\/\\\/vetanco.com\\\/br\\\/#\\\/schema\\\/person\\\/2f1ec2742b3d4f850572c66972a797de\",\"name\":\"Simone\",\"image\":{\"@type\":\"ImageObject\",\"inLanguage\":\"pt-BR\",\"@id\":\"https:\\\/\\\/vetanco.com\\\/br\\\/wp-content\\\/uploads\\\/2024\\\/09\\\/simone-100x100.jpg\",\"url\":\"https:\\\/\\\/vetanco.com\\\/br\\\/wp-content\\\/uploads\\\/2024\\\/09\\\/simone-100x100.jpg\",\"contentUrl\":\"https:\\\/\\\/vetanco.com\\\/br\\\/wp-content\\\/uploads\\\/2024\\\/09\\\/simone-100x100.jpg\",\"caption\":\"Simone\"},\"url\":\"https:\\\/\\\/vetanco.com\\\/br\\\/author\\\/sijantsch\\\/\"}]}<\/script>\n<!-- \/ Yoast SEO plugin. -->","yoast_head_json":{"title":"Vetanco do Brasil marca presen\u00e7a no Show Rural Coopavel - Vetanco Brasil","robots":{"index":"index","follow":"follow","max-snippet":"max-snippet:-1","max-image-preview":"max-image-preview:large","max-video-preview":"max-video-preview:-1"},"canonical":"https:\/\/vetanco.com\/br\/vetanco-do-brasil-marca-presenca-no-show-rural-coopavel\/","og_locale":"pt_BR","og_type":"article","og_title":"Vetanco do Brasil marca presen\u00e7a no Show Rural Coopavel - Vetanco Brasil","og_url":"https:\/\/vetanco.com\/br\/vetanco-do-brasil-marca-presenca-no-show-rural-coopavel\/","og_site_name":"Vetanco Brasil","article_published_time":"2013-02-28T02:02:00+00:00","article_modified_time":"2024-12-03T02:04:11+00:00","og_image":[{"width":800,"height":450,"url":"https:\/\/vetanco.com\/br\/wp-content\/uploads\/2024\/12\/show-rural-coopavel-vetanco.png","type":"image\/png"}],"author":"Simone","twitter_card":"summary_large_image","twitter_misc":{"Escrito por":"Simone","Est. tempo de leitura":"1 minuto"},"schema":{"@context":"https:\/\/schema.org","@graph":[{"@type":"Article","@id":"https:\/\/vetanco.com\/br\/vetanco-do-brasil-marca-presenca-no-show-rural-coopavel\/#article","isPartOf":{"@id":"https:\/\/vetanco.com\/br\/vetanco-do-brasil-marca-presenca-no-show-rural-coopavel\/"},"author":{"name":"Simone","@id":"https:\/\/vetanco.com\/br\/#\/schema\/person\/2f1ec2742b3d4f850572c66972a797de"},"headline":"Vetanco do Brasil marca presen\u00e7a no Show Rural Coopavel","datePublished":"2013-02-28T02:02:00+00:00","dateModified":"2024-12-03T02:04:11+00:00","mainEntityOfPage":{"@id":"https:\/\/vetanco.com\/br\/vetanco-do-brasil-marca-presenca-no-show-rural-coopavel\/"},"wordCount":106,"commentCount":0,"image":{"@id":"https:\/\/vetanco.com\/br\/vetanco-do-brasil-marca-presenca-no-show-rural-coopavel\/#primaryimage"},"thumbnailUrl":"https:\/\/vetanco.com\/br\/wp-content\/uploads\/2024\/12\/show-rural-coopavel-vetanco.png","keywords":["Show Rural Coopavel","su\u00ednos","Vetanco","VETANCO BRASIL"],"articleSection":["Eventos","Not\u00edcias"],"inLanguage":"pt-BR","potentialAction":[{"@type":"CommentAction","name":"Comment","target":["https:\/\/vetanco.com\/br\/vetanco-do-brasil-marca-presenca-no-show-rural-coopavel\/#respond"]}]},{"@type":"WebPage","@id":"https:\/\/vetanco.com\/br\/vetanco-do-brasil-marca-presenca-no-show-rural-coopavel\/","url":"https:\/\/vetanco.com\/br\/vetanco-do-brasil-marca-presenca-no-show-rural-coopavel\/","name":"Vetanco do Brasil marca presen\u00e7a no Show Rural Coopavel - Vetanco Brasil","isPartOf":{"@id":"https:\/\/vetanco.com\/br\/#website"},"primaryImageOfPage":{"@id":"https:\/\/vetanco.com\/br\/vetanco-do-brasil-marca-presenca-no-show-rural-coopavel\/#primaryimage"},"image":{"@id":"https:\/\/vetanco.com\/br\/vetanco-do-brasil-marca-presenca-no-show-rural-coopavel\/#primaryimage"},"thumbnailUrl":"https:\/\/vetanco.com\/br\/wp-content\/uploads\/2024\/12\/show-rural-coopavel-vetanco.png","datePublished":"2013-02-28T02:02:00+00:00","dateModified":"2024-12-03T02:04:11+00:00","author":{"@id":"https:\/\/vetanco.com\/br\/#\/schema\/person\/2f1ec2742b3d4f850572c66972a797de"},"breadcrumb":{"@id":"https:\/\/vetanco.com\/br\/vetanco-do-brasil-marca-presenca-no-show-rural-coopavel\/#breadcrumb"},"inLanguage":"pt-BR","potentialAction":[{"@type":"ReadAction","target":["https:\/\/vetanco.com\/br\/vetanco-do-brasil-marca-presenca-no-show-rural-coopavel\/"]}]},{"@type":"ImageObject","inLanguage":"pt-BR","@id":"https:\/\/vetanco.com\/br\/vetanco-do-brasil-marca-presenca-no-show-rural-coopavel\/#primaryimage","url":"https:\/\/vetanco.com\/br\/wp-content\/uploads\/2024\/12\/show-rural-coopavel-vetanco.png","contentUrl":"https:\/\/vetanco.com\/br\/wp-content\/uploads\/2024\/12\/show-rural-coopavel-vetanco.png","width":800,"height":450},{"@type":"BreadcrumbList","@id":"https:\/\/vetanco.com\/br\/vetanco-do-brasil-marca-presenca-no-show-rural-coopavel\/#breadcrumb","itemListElement":[{"@type":"ListItem","position":1,"name":"In\u00edcio","item":"https:\/\/vetanco.com\/br\/"},{"@type":"ListItem","position":2,"name":"Vetanco do Brasil marca presen\u00e7a no Show Rural Coopavel"}]},{"@type":"WebSite","@id":"https:\/\/vetanco.com\/br\/#website","url":"https:\/\/vetanco.com\/br\/","name":"Vetanco Brasil","description":"Produtos Seguros para Alimentos Seguros","potentialAction":[{"@type":"SearchAction","target":{"@type":"EntryPoint","urlTemplate":"https:\/\/vetanco.com\/br\/?s={search_term_string}"},"query-input":{"@type":"PropertyValueSpecification","valueRequired":true,"valueName":"search_term_string"}}],"inLanguage":"pt-BR"},{"@type":"Person","@id":"https:\/\/vetanco.com\/br\/#\/schema\/person\/2f1ec2742b3d4f850572c66972a797de","name":"Simone","image":{"@type":"ImageObject","inLanguage":"pt-BR","@id":"https:\/\/vetanco.com\/br\/wp-content\/uploads\/2024\/09\/simone-100x100.jpg","url":"https:\/\/vetanco.com\/br\/wp-content\/uploads\/2024\/09\/simone-100x100.jpg","contentUrl":"https:\/\/vetanco.com\/br\/wp-content\/uploads\/2024\/09\/simone-100x100.jpg","caption":"Simone"},"url":"https:\/\/vetanco.com\/br\/author\/sijantsch\/"}]}},"_links":{"self":[{"href":"https:\/\/vetanco.com\/br\/wp-json\/wp\/v2\/posts\/23120","targetHints":{"allow":["GET"]}}],"collection":[{"href":"https:\/\/vetanco.com\/br\/wp-json\/wp\/v2\/posts"}],"about":[{"href":"https:\/\/vetanco.com\/br\/wp-json\/wp\/v2\/types\/post"}],"author":[{"embeddable":true,"href":"https:\/\/vetanco.com\/br\/wp-json\/wp\/v2\/users\/7"}],"replies":[{"embeddable":true,"href":"https:\/\/vetanco.com\/br\/wp-json\/wp\/v2\/comments?post=23120"}],"version-history":[{"count":3,"href":"https:\/\/vetanco.com\/br\/wp-json\/wp\/v2\/posts\/23120\/revisions"}],"predecessor-version":[{"id":23125,"href":"https:\/\/vetanco.com\/br\/wp-json\/wp\/v2\/posts\/23120\/revisions\/23125"}],"wp:featuredmedia":[{"embeddable":true,"href":"https:\/\/vetanco.com\/br\/wp-json\/wp\/v2\/media\/23123"}],"wp:attachment":[{"href":"https:\/\/vetanco.com\/br\/wp-json\/wp\/v2\/media?parent=23120"}],"wp:term":[{"taxonomy":"category","embeddable":true,"href":"https:\/\/vetanco.com\/br\/wp-json\/wp\/v2\/categories?post=23120"},{"taxonomy":"post_tag","embeddable":true,"href":"https:\/\/vetanco.com\/br\/wp-json\/wp\/v2\/tags?post=23120"}],"curies":[{"name":"wp","href":"https:\/\/api.w.org\/{rel}","templated":true}]}}