{"id":23296,"date":"2012-05-24T19:00:00","date_gmt":"2012-05-24T22:00:00","guid":{"rendered":"https:\/\/vetanco.com\/br\/?p=23296"},"modified":"2024-12-04T19:03:02","modified_gmt":"2024-12-04T22:03:02","slug":"a-vetanco-do-brasil-lanca-acao-inverno-solidario-2012","status":"publish","type":"post","link":"https:\/\/vetanco.com\/br\/a-vetanco-do-brasil-lanca-acao-inverno-solidario-2012\/","title":{"rendered":"A Vetanco do Brasil lan\u00e7a a\u00e7\u00e3o \u201cInverno Solid\u00e1rio 2012\u201d"},"content":{"rendered":"\n<p>Com o intuito de fazer sua parte pelo bem-estar social a Vetanco do Brasil idealizou uma a\u00e7\u00e3o denominada \u201cInverno solid\u00e1rio\u201d. Essa a\u00e7\u00e3o visa arrecadar itens de vestu\u00e1rio como de roupas e cobertores, para aquecer pessoas que se encontram em situa\u00e7\u00e3o de vulnerabilidade social. A iniciativa partiu dos colaboradores da Vetanco do Brasil e ser\u00e1 desenvolvida em Chapec\u00f3 e tamb\u00e9m pelo escrit\u00f3rio da empresa em Vinhedo SP. A primeira edi\u00e7\u00e3o da campanha tem a inten\u00e7\u00e3o de arrecadar\u00a0 mais de 150 pe\u00e7as.<\/p>\n<p>Contamos com a sensibilidade\u00a0 de todos os amigos, clientes e fornecedores da Vetanco em prol dessa ideia, doando itens de vestu\u00e1rio para adultos e principalmente crian\u00e7as que s\u00e3o as que mais sofrem com o frio desta \u00e9poca.<\/p>\n<p>A Vetanco far\u00e1 um trabalho com os \u201cvizinhos\u201d do distrito industrial em Chapec\u00f3, engajando-os em prol dessa ideia, fomentando a a\u00e7\u00e3o e atuando como ponto de recolhimento das doa\u00e7\u00f5es.<\/p>\n<p>Todas as pe\u00e7as arrecadadas ser\u00e3o destinadas a FASC \u2013 Funda\u00e7\u00e3o de Assist\u00eancia Social e Cidadania, que tem um log\u00edstica de distribui\u00e7\u00e3o que atende fam\u00edlias cadastradas.<\/p>\n<p>Contatos: neimar@vetanco.com.br | 49 3329.7099 ou no celular 49 9122.7920<\/p>\n<p>Participe!<\/p>\n\n","protected":false},"excerpt":{"rendered":"","protected":false},"author":7,"featured_media":23299,"comment_status":"open","ping_status":"open","sticky":false,"template":"","format":"standard","meta":{"footnotes":""},"categories":[45,58],"tags":[117,51,186],"class_list":["post-23296","post","type-post","status-publish","format-standard","has-post-thumbnail","hentry","category-noticias","category-responsabilidade-social","tag-campanha-do-agasalho","tag-vetanco","tag-vetanco-brasil"],"yoast_head":"<!-- This site is optimized with the Yoast SEO plugin v27.3 - https:\/\/yoast.com\/product\/yoast-seo-wordpress\/ -->\n<title>A Vetanco do Brasil lan\u00e7a a\u00e7\u00e3o \u201cInverno Solid\u00e1rio 2012\u201d - Vetanco Brasil<\/title>\n<meta name=\"robots\" content=\"index, follow, max-snippet:-1, max-image-preview:large, max-video-preview:-1\" \/>\n<link rel=\"canonical\" href=\"https:\/\/vetanco.com\/br\/a-vetanco-do-brasil-lanca-acao-inverno-solidario-2012\/\" \/>\n<meta property=\"og:locale\" content=\"pt_BR\" \/>\n<meta property=\"og:type\" content=\"article\" \/>\n<meta property=\"og:title\" content=\"A Vetanco do Brasil lan\u00e7a a\u00e7\u00e3o \u201cInverno Solid\u00e1rio 2012\u201d - Vetanco Brasil\" \/>\n<meta property=\"og:url\" content=\"https:\/\/vetanco.com\/br\/a-vetanco-do-brasil-lanca-acao-inverno-solidario-2012\/\" \/>\n<meta property=\"og:site_name\" content=\"Vetanco Brasil\" \/>\n<meta property=\"article:published_time\" content=\"2012-05-24T22:00:00+00:00\" \/>\n<meta property=\"article:modified_time\" content=\"2024-12-04T22:03:02+00:00\" \/>\n<meta property=\"og:image\" content=\"https:\/\/vetanco.com\/br\/wp-content\/uploads\/2024\/12\/inverno-solidario-vetanco-chapeco.png\" \/>\n\t<meta property=\"og:image:width\" content=\"800\" \/>\n\t<meta property=\"og:image:height\" content=\"450\" \/>\n\t<meta property=\"og:image:type\" content=\"image\/png\" \/>\n<meta name=\"author\" content=\"Simone\" \/>\n<meta name=\"twitter:card\" content=\"summary_large_image\" \/>\n<meta name=\"twitter:label1\" content=\"Escrito por\" \/>\n\t<meta name=\"twitter:data1\" content=\"Simone\" \/>\n\t<meta name=\"twitter:label2\" content=\"Est. tempo de leitura\" \/>\n\t<meta name=\"twitter:data2\" content=\"2 minutos\" \/>\n<script type=\"application\/ld+json\" class=\"yoast-schema-graph\">{\"@context\":\"https:\\\/\\\/schema.org\",\"@graph\":[{\"@type\":\"Article\",\"@id\":\"https:\\\/\\\/vetanco.com\\\/br\\\/a-vetanco-do-brasil-lanca-acao-inverno-solidario-2012\\\/#article\",\"isPartOf\":{\"@id\":\"https:\\\/\\\/vetanco.com\\\/br\\\/a-vetanco-do-brasil-lanca-acao-inverno-solidario-2012\\\/\"},\"author\":{\"name\":\"Simone\",\"@id\":\"https:\\\/\\\/vetanco.com\\\/br\\\/#\\\/schema\\\/person\\\/2f1ec2742b3d4f850572c66972a797de\"},\"headline\":\"A Vetanco do Brasil lan\u00e7a a\u00e7\u00e3o \u201cInverno Solid\u00e1rio 2012\u201d\",\"datePublished\":\"2012-05-24T22:00:00+00:00\",\"dateModified\":\"2024-12-04T22:03:02+00:00\",\"mainEntityOfPage\":{\"@id\":\"https:\\\/\\\/vetanco.com\\\/br\\\/a-vetanco-do-brasil-lanca-acao-inverno-solidario-2012\\\/\"},\"wordCount\":211,\"commentCount\":0,\"image\":{\"@id\":\"https:\\\/\\\/vetanco.com\\\/br\\\/a-vetanco-do-brasil-lanca-acao-inverno-solidario-2012\\\/#primaryimage\"},\"thumbnailUrl\":\"https:\\\/\\\/vetanco.com\\\/br\\\/wp-content\\\/uploads\\\/2024\\\/12\\\/inverno-solidario-vetanco-chapeco.png\",\"keywords\":[\"campanha do agasalho\",\"Vetanco\",\"VETANCO BRASIL\"],\"articleSection\":[\"Not\u00edcias\",\"Responsabilidade social\"],\"inLanguage\":\"pt-BR\",\"potentialAction\":[{\"@type\":\"CommentAction\",\"name\":\"Comment\",\"target\":[\"https:\\\/\\\/vetanco.com\\\/br\\\/a-vetanco-do-brasil-lanca-acao-inverno-solidario-2012\\\/#respond\"]}]},{\"@type\":\"WebPage\",\"@id\":\"https:\\\/\\\/vetanco.com\\\/br\\\/a-vetanco-do-brasil-lanca-acao-inverno-solidario-2012\\\/\",\"url\":\"https:\\\/\\\/vetanco.com\\\/br\\\/a-vetanco-do-brasil-lanca-acao-inverno-solidario-2012\\\/\",\"name\":\"A Vetanco do Brasil lan\u00e7a a\u00e7\u00e3o \u201cInverno Solid\u00e1rio 2012\u201d - Vetanco Brasil\",\"isPartOf\":{\"@id\":\"https:\\\/\\\/vetanco.com\\\/br\\\/#website\"},\"primaryImageOfPage\":{\"@id\":\"https:\\\/\\\/vetanco.com\\\/br\\\/a-vetanco-do-brasil-lanca-acao-inverno-solidario-2012\\\/#primaryimage\"},\"image\":{\"@id\":\"https:\\\/\\\/vetanco.com\\\/br\\\/a-vetanco-do-brasil-lanca-acao-inverno-solidario-2012\\\/#primaryimage\"},\"thumbnailUrl\":\"https:\\\/\\\/vetanco.com\\\/br\\\/wp-content\\\/uploads\\\/2024\\\/12\\\/inverno-solidario-vetanco-chapeco.png\",\"datePublished\":\"2012-05-24T22:00:00+00:00\",\"dateModified\":\"2024-12-04T22:03:02+00:00\",\"author\":{\"@id\":\"https:\\\/\\\/vetanco.com\\\/br\\\/#\\\/schema\\\/person\\\/2f1ec2742b3d4f850572c66972a797de\"},\"breadcrumb\":{\"@id\":\"https:\\\/\\\/vetanco.com\\\/br\\\/a-vetanco-do-brasil-lanca-acao-inverno-solidario-2012\\\/#breadcrumb\"},\"inLanguage\":\"pt-BR\",\"potentialAction\":[{\"@type\":\"ReadAction\",\"target\":[\"https:\\\/\\\/vetanco.com\\\/br\\\/a-vetanco-do-brasil-lanca-acao-inverno-solidario-2012\\\/\"]}]},{\"@type\":\"ImageObject\",\"inLanguage\":\"pt-BR\",\"@id\":\"https:\\\/\\\/vetanco.com\\\/br\\\/a-vetanco-do-brasil-lanca-acao-inverno-solidario-2012\\\/#primaryimage\",\"url\":\"https:\\\/\\\/vetanco.com\\\/br\\\/wp-content\\\/uploads\\\/2024\\\/12\\\/inverno-solidario-vetanco-chapeco.png\",\"contentUrl\":\"https:\\\/\\\/vetanco.com\\\/br\\\/wp-content\\\/uploads\\\/2024\\\/12\\\/inverno-solidario-vetanco-chapeco.png\",\"width\":800,\"height\":450},{\"@type\":\"BreadcrumbList\",\"@id\":\"https:\\\/\\\/vetanco.com\\\/br\\\/a-vetanco-do-brasil-lanca-acao-inverno-solidario-2012\\\/#breadcrumb\",\"itemListElement\":[{\"@type\":\"ListItem\",\"position\":1,\"name\":\"In\u00edcio\",\"item\":\"https:\\\/\\\/vetanco.com\\\/br\\\/\"},{\"@type\":\"ListItem\",\"position\":2,\"name\":\"A Vetanco do Brasil lan\u00e7a a\u00e7\u00e3o \u201cInverno Solid\u00e1rio 2012\u201d\"}]},{\"@type\":\"WebSite\",\"@id\":\"https:\\\/\\\/vetanco.com\\\/br\\\/#website\",\"url\":\"https:\\\/\\\/vetanco.com\\\/br\\\/\",\"name\":\"Vetanco Brasil\",\"description\":\"Produtos Seguros para Alimentos Seguros\",\"potentialAction\":[{\"@type\":\"SearchAction\",\"target\":{\"@type\":\"EntryPoint\",\"urlTemplate\":\"https:\\\/\\\/vetanco.com\\\/br\\\/?s={search_term_string}\"},\"query-input\":{\"@type\":\"PropertyValueSpecification\",\"valueRequired\":true,\"valueName\":\"search_term_string\"}}],\"inLanguage\":\"pt-BR\"},{\"@type\":\"Person\",\"@id\":\"https:\\\/\\\/vetanco.com\\\/br\\\/#\\\/schema\\\/person\\\/2f1ec2742b3d4f850572c66972a797de\",\"name\":\"Simone\",\"image\":{\"@type\":\"ImageObject\",\"inLanguage\":\"pt-BR\",\"@id\":\"https:\\\/\\\/vetanco.com\\\/br\\\/wp-content\\\/uploads\\\/2024\\\/09\\\/simone-100x100.jpg\",\"url\":\"https:\\\/\\\/vetanco.com\\\/br\\\/wp-content\\\/uploads\\\/2024\\\/09\\\/simone-100x100.jpg\",\"contentUrl\":\"https:\\\/\\\/vetanco.com\\\/br\\\/wp-content\\\/uploads\\\/2024\\\/09\\\/simone-100x100.jpg\",\"caption\":\"Simone\"},\"url\":\"https:\\\/\\\/vetanco.com\\\/br\\\/author\\\/sijantsch\\\/\"}]}<\/script>\n<!-- \/ Yoast SEO plugin. -->","yoast_head_json":{"title":"A Vetanco do Brasil lan\u00e7a a\u00e7\u00e3o \u201cInverno Solid\u00e1rio 2012\u201d - Vetanco Brasil","robots":{"index":"index","follow":"follow","max-snippet":"max-snippet:-1","max-image-preview":"max-image-preview:large","max-video-preview":"max-video-preview:-1"},"canonical":"https:\/\/vetanco.com\/br\/a-vetanco-do-brasil-lanca-acao-inverno-solidario-2012\/","og_locale":"pt_BR","og_type":"article","og_title":"A Vetanco do Brasil lan\u00e7a a\u00e7\u00e3o \u201cInverno Solid\u00e1rio 2012\u201d - Vetanco Brasil","og_url":"https:\/\/vetanco.com\/br\/a-vetanco-do-brasil-lanca-acao-inverno-solidario-2012\/","og_site_name":"Vetanco Brasil","article_published_time":"2012-05-24T22:00:00+00:00","article_modified_time":"2024-12-04T22:03:02+00:00","og_image":[{"width":800,"height":450,"url":"https:\/\/vetanco.com\/br\/wp-content\/uploads\/2024\/12\/inverno-solidario-vetanco-chapeco.png","type":"image\/png"}],"author":"Simone","twitter_card":"summary_large_image","twitter_misc":{"Escrito por":"Simone","Est. tempo de leitura":"2 minutos"},"schema":{"@context":"https:\/\/schema.org","@graph":[{"@type":"Article","@id":"https:\/\/vetanco.com\/br\/a-vetanco-do-brasil-lanca-acao-inverno-solidario-2012\/#article","isPartOf":{"@id":"https:\/\/vetanco.com\/br\/a-vetanco-do-brasil-lanca-acao-inverno-solidario-2012\/"},"author":{"name":"Simone","@id":"https:\/\/vetanco.com\/br\/#\/schema\/person\/2f1ec2742b3d4f850572c66972a797de"},"headline":"A Vetanco do Brasil lan\u00e7a a\u00e7\u00e3o \u201cInverno Solid\u00e1rio 2012\u201d","datePublished":"2012-05-24T22:00:00+00:00","dateModified":"2024-12-04T22:03:02+00:00","mainEntityOfPage":{"@id":"https:\/\/vetanco.com\/br\/a-vetanco-do-brasil-lanca-acao-inverno-solidario-2012\/"},"wordCount":211,"commentCount":0,"image":{"@id":"https:\/\/vetanco.com\/br\/a-vetanco-do-brasil-lanca-acao-inverno-solidario-2012\/#primaryimage"},"thumbnailUrl":"https:\/\/vetanco.com\/br\/wp-content\/uploads\/2024\/12\/inverno-solidario-vetanco-chapeco.png","keywords":["campanha do agasalho","Vetanco","VETANCO BRASIL"],"articleSection":["Not\u00edcias","Responsabilidade social"],"inLanguage":"pt-BR","potentialAction":[{"@type":"CommentAction","name":"Comment","target":["https:\/\/vetanco.com\/br\/a-vetanco-do-brasil-lanca-acao-inverno-solidario-2012\/#respond"]}]},{"@type":"WebPage","@id":"https:\/\/vetanco.com\/br\/a-vetanco-do-brasil-lanca-acao-inverno-solidario-2012\/","url":"https:\/\/vetanco.com\/br\/a-vetanco-do-brasil-lanca-acao-inverno-solidario-2012\/","name":"A Vetanco do Brasil lan\u00e7a a\u00e7\u00e3o \u201cInverno Solid\u00e1rio 2012\u201d - Vetanco Brasil","isPartOf":{"@id":"https:\/\/vetanco.com\/br\/#website"},"primaryImageOfPage":{"@id":"https:\/\/vetanco.com\/br\/a-vetanco-do-brasil-lanca-acao-inverno-solidario-2012\/#primaryimage"},"image":{"@id":"https:\/\/vetanco.com\/br\/a-vetanco-do-brasil-lanca-acao-inverno-solidario-2012\/#primaryimage"},"thumbnailUrl":"https:\/\/vetanco.com\/br\/wp-content\/uploads\/2024\/12\/inverno-solidario-vetanco-chapeco.png","datePublished":"2012-05-24T22:00:00+00:00","dateModified":"2024-12-04T22:03:02+00:00","author":{"@id":"https:\/\/vetanco.com\/br\/#\/schema\/person\/2f1ec2742b3d4f850572c66972a797de"},"breadcrumb":{"@id":"https:\/\/vetanco.com\/br\/a-vetanco-do-brasil-lanca-acao-inverno-solidario-2012\/#breadcrumb"},"inLanguage":"pt-BR","potentialAction":[{"@type":"ReadAction","target":["https:\/\/vetanco.com\/br\/a-vetanco-do-brasil-lanca-acao-inverno-solidario-2012\/"]}]},{"@type":"ImageObject","inLanguage":"pt-BR","@id":"https:\/\/vetanco.com\/br\/a-vetanco-do-brasil-lanca-acao-inverno-solidario-2012\/#primaryimage","url":"https:\/\/vetanco.com\/br\/wp-content\/uploads\/2024\/12\/inverno-solidario-vetanco-chapeco.png","contentUrl":"https:\/\/vetanco.com\/br\/wp-content\/uploads\/2024\/12\/inverno-solidario-vetanco-chapeco.png","width":800,"height":450},{"@type":"BreadcrumbList","@id":"https:\/\/vetanco.com\/br\/a-vetanco-do-brasil-lanca-acao-inverno-solidario-2012\/#breadcrumb","itemListElement":[{"@type":"ListItem","position":1,"name":"In\u00edcio","item":"https:\/\/vetanco.com\/br\/"},{"@type":"ListItem","position":2,"name":"A Vetanco do Brasil lan\u00e7a a\u00e7\u00e3o \u201cInverno Solid\u00e1rio 2012\u201d"}]},{"@type":"WebSite","@id":"https:\/\/vetanco.com\/br\/#website","url":"https:\/\/vetanco.com\/br\/","name":"Vetanco Brasil","description":"Produtos Seguros para Alimentos Seguros","potentialAction":[{"@type":"SearchAction","target":{"@type":"EntryPoint","urlTemplate":"https:\/\/vetanco.com\/br\/?s={search_term_string}"},"query-input":{"@type":"PropertyValueSpecification","valueRequired":true,"valueName":"search_term_string"}}],"inLanguage":"pt-BR"},{"@type":"Person","@id":"https:\/\/vetanco.com\/br\/#\/schema\/person\/2f1ec2742b3d4f850572c66972a797de","name":"Simone","image":{"@type":"ImageObject","inLanguage":"pt-BR","@id":"https:\/\/vetanco.com\/br\/wp-content\/uploads\/2024\/09\/simone-100x100.jpg","url":"https:\/\/vetanco.com\/br\/wp-content\/uploads\/2024\/09\/simone-100x100.jpg","contentUrl":"https:\/\/vetanco.com\/br\/wp-content\/uploads\/2024\/09\/simone-100x100.jpg","caption":"Simone"},"url":"https:\/\/vetanco.com\/br\/author\/sijantsch\/"}]}},"_links":{"self":[{"href":"https:\/\/vetanco.com\/br\/wp-json\/wp\/v2\/posts\/23296","targetHints":{"allow":["GET"]}}],"collection":[{"href":"https:\/\/vetanco.com\/br\/wp-json\/wp\/v2\/posts"}],"about":[{"href":"https:\/\/vetanco.com\/br\/wp-json\/wp\/v2\/types\/post"}],"author":[{"embeddable":true,"href":"https:\/\/vetanco.com\/br\/wp-json\/wp\/v2\/users\/7"}],"replies":[{"embeddable":true,"href":"https:\/\/vetanco.com\/br\/wp-json\/wp\/v2\/comments?post=23296"}],"version-history":[{"count":2,"href":"https:\/\/vetanco.com\/br\/wp-json\/wp\/v2\/posts\/23296\/revisions"}],"predecessor-version":[{"id":23298,"href":"https:\/\/vetanco.com\/br\/wp-json\/wp\/v2\/posts\/23296\/revisions\/23298"}],"wp:featuredmedia":[{"embeddable":true,"href":"https:\/\/vetanco.com\/br\/wp-json\/wp\/v2\/media\/23299"}],"wp:attachment":[{"href":"https:\/\/vetanco.com\/br\/wp-json\/wp\/v2\/media?parent=23296"}],"wp:term":[{"taxonomy":"category","embeddable":true,"href":"https:\/\/vetanco.com\/br\/wp-json\/wp\/v2\/categories?post=23296"},{"taxonomy":"post_tag","embeddable":true,"href":"https:\/\/vetanco.com\/br\/wp-json\/wp\/v2\/tags?post=23296"}],"curies":[{"name":"wp","href":"https:\/\/api.w.org\/{rel}","templated":true}]}}