{"id":24707,"date":"2025-04-14T15:00:00","date_gmt":"2025-04-14T18:00:00","guid":{"rendered":"https:\/\/vetanco.com\/br\/?p=24707"},"modified":"2025-06-06T16:17:44","modified_gmt":"2025-06-06T19:17:44","slug":"convencao-administrativa-2025-protagonize-se","status":"publish","type":"post","link":"https:\/\/vetanco.com\/br\/convencao-administrativa-2025-protagonize-se\/","title":{"rendered":"Conven\u00e7\u00e3o Administrativa 2025: protagonize-se!"},"content":{"rendered":"\n<p>Durante a nossa Conven\u00e7\u00e3o Administrativa 2025, vivemos uma experi\u00eancia \u00fanica em meio \u00e0s paisagens da Serra Ga\u00facha, na cidade de Bento Gon\u00e7alves\/RS. Aproveitamos para renovar as energias, fortalecer la\u00e7os e manter o foco no crescimento cont\u00ednuo, al\u00e9m de refor\u00e7ar os valores que nos movem todos os dias.<\/p>\n<p>Ao longo da programa\u00e7\u00e3o, promovemos atividades de integra\u00e7\u00e3o alinhadas ao tema central \u2014 <strong>EVOLUINDO JUNTOS: PROTAGONIZE-SE!<\/strong> \u2014 que convidaram cada participante a refletir sobre seu papel, a reconhecer seus talentos e entender sua relev\u00e2ncia dentro da equipe.<\/p>\n<p>Al\u00e9m disso, durante nossa Conven\u00e7\u00e3o Administrativa, incentivamos cada colaborador a assumir o protagonismo da pr\u00f3pria hist\u00f3ria, contribuindo para o sucesso da companhia e com o desenvolvimento da avicultura e suinocultura brasileira.<\/p>\n<p>Seguimos juntos, ainda mais preparados, conectados e motivados para os pr\u00f3ximos passos!<\/p>\n<h1>Sobre a Vetanco<\/h1>\n<p>A <a href=\"https:\/\/vetanco.com\/br\/institucional\/\" target=\"_blank\" rel=\"noopener\">Vetanco<\/a> \u00e9 um laborat\u00f3rio veterin\u00e1rio internacional que, desde 1987, desenvolve, fabrica e comercializa produtos inovadores para a sa\u00fade animal.<\/p>\n<p>Atualmente, estamos presentes em mais de 40 pa\u00edses. Por isso, oferecemos produtos internacionalmente comprovados, controlados e seguros para a melhoria da produtividade e da seguran\u00e7a agroalimentar. Tudo isso dentro dos mais altos padr\u00f5es de qualidade, exigidos pelos mercados mais criteriosos.<\/p>\n<p>No Brasil, a Vetanco est\u00e1 presente h\u00e1 24 anos, com sede em Chapec\u00f3\/SC, filial em S\u00e3o Paulo e atua\u00e7\u00e3o em todo o territ\u00f3rio nacional.<\/p>\n<p><strong>Vetanco: produtos seguros para alimentos seguros.<\/strong><\/p>\n\n","protected":false},"excerpt":{"rendered":"","protected":false},"author":7,"featured_media":24710,"comment_status":"open","ping_status":"open","sticky":false,"template":"","format":"standard","meta":{"footnotes":""},"categories":[52,45],"tags":[520,1066,51,186],"class_list":["post-24707","post","type-post","status-publish","format-standard","has-post-thumbnail","hentry","category-geral","category-noticias","tag-convencao-administrativa","tag-crescimento-continuo","tag-vetanco","tag-vetanco-brasil"],"yoast_head":"<!-- This site is optimized with the Yoast SEO plugin v27.3 - https:\/\/yoast.com\/product\/yoast-seo-wordpress\/ -->\n<title>Conven\u00e7\u00e3o Administrativa 2025: protagonize-se! - Vetanco Brasil<\/title>\n<meta name=\"description\" content=\"Durante nossa Conven\u00e7\u00e3o Administrativa, vivemos uma experi\u00eancia \u00fanica em meio \u00e0s paisagens da Serra Ga\u00facha!\" \/>\n<meta name=\"robots\" content=\"index, follow, max-snippet:-1, max-image-preview:large, max-video-preview:-1\" \/>\n<link rel=\"canonical\" href=\"https:\/\/vetanco.com\/br\/convencao-administrativa-2025-protagonize-se\/\" \/>\n<meta property=\"og:locale\" content=\"pt_BR\" \/>\n<meta property=\"og:type\" content=\"article\" \/>\n<meta property=\"og:title\" content=\"Conven\u00e7\u00e3o Administrativa 2025: protagonize-se! - Vetanco Brasil\" \/>\n<meta property=\"og:description\" content=\"Durante nossa Conven\u00e7\u00e3o Administrativa, vivemos uma experi\u00eancia \u00fanica em meio \u00e0s paisagens da Serra Ga\u00facha!\" \/>\n<meta property=\"og:url\" content=\"https:\/\/vetanco.com\/br\/convencao-administrativa-2025-protagonize-se\/\" \/>\n<meta property=\"og:site_name\" content=\"Vetanco Brasil\" \/>\n<meta property=\"article:published_time\" content=\"2025-04-14T18:00:00+00:00\" \/>\n<meta property=\"article:modified_time\" content=\"2025-06-06T19:17:44+00:00\" \/>\n<meta property=\"og:image\" content=\"https:\/\/vetanco.com\/br\/wp-content\/uploads\/2025\/04\/convencao-administrativa-2025-vetanco.jpg\" \/>\n\t<meta property=\"og:image:width\" content=\"800\" \/>\n\t<meta property=\"og:image:height\" content=\"450\" \/>\n\t<meta property=\"og:image:type\" content=\"image\/jpeg\" \/>\n<meta name=\"author\" content=\"Simone\" \/>\n<meta name=\"twitter:card\" content=\"summary_large_image\" \/>\n<meta name=\"twitter:label1\" content=\"Escrito por\" \/>\n\t<meta name=\"twitter:data1\" content=\"Simone\" \/>\n\t<meta name=\"twitter:label2\" content=\"Est. tempo de leitura\" \/>\n\t<meta name=\"twitter:data2\" content=\"2 minutos\" \/>\n<script type=\"application\/ld+json\" class=\"yoast-schema-graph\">{\"@context\":\"https:\\\/\\\/schema.org\",\"@graph\":[{\"@type\":\"Article\",\"@id\":\"https:\\\/\\\/vetanco.com\\\/br\\\/convencao-administrativa-2025-protagonize-se\\\/#article\",\"isPartOf\":{\"@id\":\"https:\\\/\\\/vetanco.com\\\/br\\\/convencao-administrativa-2025-protagonize-se\\\/\"},\"author\":{\"name\":\"Simone\",\"@id\":\"https:\\\/\\\/vetanco.com\\\/br\\\/#\\\/schema\\\/person\\\/2f1ec2742b3d4f850572c66972a797de\"},\"headline\":\"Conven\u00e7\u00e3o Administrativa 2025: protagonize-se!\",\"datePublished\":\"2025-04-14T18:00:00+00:00\",\"dateModified\":\"2025-06-06T19:17:44+00:00\",\"mainEntityOfPage\":{\"@id\":\"https:\\\/\\\/vetanco.com\\\/br\\\/convencao-administrativa-2025-protagonize-se\\\/\"},\"wordCount\":244,\"commentCount\":0,\"image\":{\"@id\":\"https:\\\/\\\/vetanco.com\\\/br\\\/convencao-administrativa-2025-protagonize-se\\\/#primaryimage\"},\"thumbnailUrl\":\"https:\\\/\\\/vetanco.com\\\/br\\\/wp-content\\\/uploads\\\/2025\\\/04\\\/convencao-administrativa-2025-vetanco.jpg\",\"keywords\":[\"conven\u00e7\u00e3o administrativa\",\"crescimento cont\u00ednuo\",\"Vetanco\",\"VETANCO BRASIL\"],\"articleSection\":[\"Geral\",\"Not\u00edcias\"],\"inLanguage\":\"pt-BR\",\"potentialAction\":[{\"@type\":\"CommentAction\",\"name\":\"Comment\",\"target\":[\"https:\\\/\\\/vetanco.com\\\/br\\\/convencao-administrativa-2025-protagonize-se\\\/#respond\"]}]},{\"@type\":\"WebPage\",\"@id\":\"https:\\\/\\\/vetanco.com\\\/br\\\/convencao-administrativa-2025-protagonize-se\\\/\",\"url\":\"https:\\\/\\\/vetanco.com\\\/br\\\/convencao-administrativa-2025-protagonize-se\\\/\",\"name\":\"Conven\u00e7\u00e3o Administrativa 2025: protagonize-se! - Vetanco Brasil\",\"isPartOf\":{\"@id\":\"https:\\\/\\\/vetanco.com\\\/br\\\/#website\"},\"primaryImageOfPage\":{\"@id\":\"https:\\\/\\\/vetanco.com\\\/br\\\/convencao-administrativa-2025-protagonize-se\\\/#primaryimage\"},\"image\":{\"@id\":\"https:\\\/\\\/vetanco.com\\\/br\\\/convencao-administrativa-2025-protagonize-se\\\/#primaryimage\"},\"thumbnailUrl\":\"https:\\\/\\\/vetanco.com\\\/br\\\/wp-content\\\/uploads\\\/2025\\\/04\\\/convencao-administrativa-2025-vetanco.jpg\",\"datePublished\":\"2025-04-14T18:00:00+00:00\",\"dateModified\":\"2025-06-06T19:17:44+00:00\",\"author\":{\"@id\":\"https:\\\/\\\/vetanco.com\\\/br\\\/#\\\/schema\\\/person\\\/2f1ec2742b3d4f850572c66972a797de\"},\"description\":\"Durante nossa Conven\u00e7\u00e3o Administrativa, vivemos uma experi\u00eancia \u00fanica em meio \u00e0s paisagens da Serra Ga\u00facha!\",\"breadcrumb\":{\"@id\":\"https:\\\/\\\/vetanco.com\\\/br\\\/convencao-administrativa-2025-protagonize-se\\\/#breadcrumb\"},\"inLanguage\":\"pt-BR\",\"potentialAction\":[{\"@type\":\"ReadAction\",\"target\":[\"https:\\\/\\\/vetanco.com\\\/br\\\/convencao-administrativa-2025-protagonize-se\\\/\"]}]},{\"@type\":\"ImageObject\",\"inLanguage\":\"pt-BR\",\"@id\":\"https:\\\/\\\/vetanco.com\\\/br\\\/convencao-administrativa-2025-protagonize-se\\\/#primaryimage\",\"url\":\"https:\\\/\\\/vetanco.com\\\/br\\\/wp-content\\\/uploads\\\/2025\\\/04\\\/convencao-administrativa-2025-vetanco.jpg\",\"contentUrl\":\"https:\\\/\\\/vetanco.com\\\/br\\\/wp-content\\\/uploads\\\/2025\\\/04\\\/convencao-administrativa-2025-vetanco.jpg\",\"width\":800,\"height\":450},{\"@type\":\"BreadcrumbList\",\"@id\":\"https:\\\/\\\/vetanco.com\\\/br\\\/convencao-administrativa-2025-protagonize-se\\\/#breadcrumb\",\"itemListElement\":[{\"@type\":\"ListItem\",\"position\":1,\"name\":\"In\u00edcio\",\"item\":\"https:\\\/\\\/vetanco.com\\\/br\\\/\"},{\"@type\":\"ListItem\",\"position\":2,\"name\":\"Conven\u00e7\u00e3o Administrativa 2025: protagonize-se!\"}]},{\"@type\":\"WebSite\",\"@id\":\"https:\\\/\\\/vetanco.com\\\/br\\\/#website\",\"url\":\"https:\\\/\\\/vetanco.com\\\/br\\\/\",\"name\":\"Vetanco Brasil\",\"description\":\"Produtos Seguros para Alimentos Seguros\",\"potentialAction\":[{\"@type\":\"SearchAction\",\"target\":{\"@type\":\"EntryPoint\",\"urlTemplate\":\"https:\\\/\\\/vetanco.com\\\/br\\\/?s={search_term_string}\"},\"query-input\":{\"@type\":\"PropertyValueSpecification\",\"valueRequired\":true,\"valueName\":\"search_term_string\"}}],\"inLanguage\":\"pt-BR\"},{\"@type\":\"Person\",\"@id\":\"https:\\\/\\\/vetanco.com\\\/br\\\/#\\\/schema\\\/person\\\/2f1ec2742b3d4f850572c66972a797de\",\"name\":\"Simone\",\"image\":{\"@type\":\"ImageObject\",\"inLanguage\":\"pt-BR\",\"@id\":\"https:\\\/\\\/vetanco.com\\\/br\\\/wp-content\\\/uploads\\\/2024\\\/09\\\/simone-100x100.jpg\",\"url\":\"https:\\\/\\\/vetanco.com\\\/br\\\/wp-content\\\/uploads\\\/2024\\\/09\\\/simone-100x100.jpg\",\"contentUrl\":\"https:\\\/\\\/vetanco.com\\\/br\\\/wp-content\\\/uploads\\\/2024\\\/09\\\/simone-100x100.jpg\",\"caption\":\"Simone\"},\"url\":\"https:\\\/\\\/vetanco.com\\\/br\\\/author\\\/sijantsch\\\/\"}]}<\/script>\n<!-- \/ Yoast SEO plugin. -->","yoast_head_json":{"title":"Conven\u00e7\u00e3o Administrativa 2025: protagonize-se! - Vetanco Brasil","description":"Durante nossa Conven\u00e7\u00e3o Administrativa, vivemos uma experi\u00eancia \u00fanica em meio \u00e0s paisagens da Serra Ga\u00facha!","robots":{"index":"index","follow":"follow","max-snippet":"max-snippet:-1","max-image-preview":"max-image-preview:large","max-video-preview":"max-video-preview:-1"},"canonical":"https:\/\/vetanco.com\/br\/convencao-administrativa-2025-protagonize-se\/","og_locale":"pt_BR","og_type":"article","og_title":"Conven\u00e7\u00e3o Administrativa 2025: protagonize-se! - Vetanco Brasil","og_description":"Durante nossa Conven\u00e7\u00e3o Administrativa, vivemos uma experi\u00eancia \u00fanica em meio \u00e0s paisagens da Serra Ga\u00facha!","og_url":"https:\/\/vetanco.com\/br\/convencao-administrativa-2025-protagonize-se\/","og_site_name":"Vetanco Brasil","article_published_time":"2025-04-14T18:00:00+00:00","article_modified_time":"2025-06-06T19:17:44+00:00","og_image":[{"width":800,"height":450,"url":"https:\/\/vetanco.com\/br\/wp-content\/uploads\/2025\/04\/convencao-administrativa-2025-vetanco.jpg","type":"image\/jpeg"}],"author":"Simone","twitter_card":"summary_large_image","twitter_misc":{"Escrito por":"Simone","Est. tempo de leitura":"2 minutos"},"schema":{"@context":"https:\/\/schema.org","@graph":[{"@type":"Article","@id":"https:\/\/vetanco.com\/br\/convencao-administrativa-2025-protagonize-se\/#article","isPartOf":{"@id":"https:\/\/vetanco.com\/br\/convencao-administrativa-2025-protagonize-se\/"},"author":{"name":"Simone","@id":"https:\/\/vetanco.com\/br\/#\/schema\/person\/2f1ec2742b3d4f850572c66972a797de"},"headline":"Conven\u00e7\u00e3o Administrativa 2025: protagonize-se!","datePublished":"2025-04-14T18:00:00+00:00","dateModified":"2025-06-06T19:17:44+00:00","mainEntityOfPage":{"@id":"https:\/\/vetanco.com\/br\/convencao-administrativa-2025-protagonize-se\/"},"wordCount":244,"commentCount":0,"image":{"@id":"https:\/\/vetanco.com\/br\/convencao-administrativa-2025-protagonize-se\/#primaryimage"},"thumbnailUrl":"https:\/\/vetanco.com\/br\/wp-content\/uploads\/2025\/04\/convencao-administrativa-2025-vetanco.jpg","keywords":["conven\u00e7\u00e3o administrativa","crescimento cont\u00ednuo","Vetanco","VETANCO BRASIL"],"articleSection":["Geral","Not\u00edcias"],"inLanguage":"pt-BR","potentialAction":[{"@type":"CommentAction","name":"Comment","target":["https:\/\/vetanco.com\/br\/convencao-administrativa-2025-protagonize-se\/#respond"]}]},{"@type":"WebPage","@id":"https:\/\/vetanco.com\/br\/convencao-administrativa-2025-protagonize-se\/","url":"https:\/\/vetanco.com\/br\/convencao-administrativa-2025-protagonize-se\/","name":"Conven\u00e7\u00e3o Administrativa 2025: protagonize-se! - Vetanco Brasil","isPartOf":{"@id":"https:\/\/vetanco.com\/br\/#website"},"primaryImageOfPage":{"@id":"https:\/\/vetanco.com\/br\/convencao-administrativa-2025-protagonize-se\/#primaryimage"},"image":{"@id":"https:\/\/vetanco.com\/br\/convencao-administrativa-2025-protagonize-se\/#primaryimage"},"thumbnailUrl":"https:\/\/vetanco.com\/br\/wp-content\/uploads\/2025\/04\/convencao-administrativa-2025-vetanco.jpg","datePublished":"2025-04-14T18:00:00+00:00","dateModified":"2025-06-06T19:17:44+00:00","author":{"@id":"https:\/\/vetanco.com\/br\/#\/schema\/person\/2f1ec2742b3d4f850572c66972a797de"},"description":"Durante nossa Conven\u00e7\u00e3o Administrativa, vivemos uma experi\u00eancia \u00fanica em meio \u00e0s paisagens da Serra Ga\u00facha!","breadcrumb":{"@id":"https:\/\/vetanco.com\/br\/convencao-administrativa-2025-protagonize-se\/#breadcrumb"},"inLanguage":"pt-BR","potentialAction":[{"@type":"ReadAction","target":["https:\/\/vetanco.com\/br\/convencao-administrativa-2025-protagonize-se\/"]}]},{"@type":"ImageObject","inLanguage":"pt-BR","@id":"https:\/\/vetanco.com\/br\/convencao-administrativa-2025-protagonize-se\/#primaryimage","url":"https:\/\/vetanco.com\/br\/wp-content\/uploads\/2025\/04\/convencao-administrativa-2025-vetanco.jpg","contentUrl":"https:\/\/vetanco.com\/br\/wp-content\/uploads\/2025\/04\/convencao-administrativa-2025-vetanco.jpg","width":800,"height":450},{"@type":"BreadcrumbList","@id":"https:\/\/vetanco.com\/br\/convencao-administrativa-2025-protagonize-se\/#breadcrumb","itemListElement":[{"@type":"ListItem","position":1,"name":"In\u00edcio","item":"https:\/\/vetanco.com\/br\/"},{"@type":"ListItem","position":2,"name":"Conven\u00e7\u00e3o Administrativa 2025: protagonize-se!"}]},{"@type":"WebSite","@id":"https:\/\/vetanco.com\/br\/#website","url":"https:\/\/vetanco.com\/br\/","name":"Vetanco Brasil","description":"Produtos Seguros para Alimentos Seguros","potentialAction":[{"@type":"SearchAction","target":{"@type":"EntryPoint","urlTemplate":"https:\/\/vetanco.com\/br\/?s={search_term_string}"},"query-input":{"@type":"PropertyValueSpecification","valueRequired":true,"valueName":"search_term_string"}}],"inLanguage":"pt-BR"},{"@type":"Person","@id":"https:\/\/vetanco.com\/br\/#\/schema\/person\/2f1ec2742b3d4f850572c66972a797de","name":"Simone","image":{"@type":"ImageObject","inLanguage":"pt-BR","@id":"https:\/\/vetanco.com\/br\/wp-content\/uploads\/2024\/09\/simone-100x100.jpg","url":"https:\/\/vetanco.com\/br\/wp-content\/uploads\/2024\/09\/simone-100x100.jpg","contentUrl":"https:\/\/vetanco.com\/br\/wp-content\/uploads\/2024\/09\/simone-100x100.jpg","caption":"Simone"},"url":"https:\/\/vetanco.com\/br\/author\/sijantsch\/"}]}},"_links":{"self":[{"href":"https:\/\/vetanco.com\/br\/wp-json\/wp\/v2\/posts\/24707","targetHints":{"allow":["GET"]}}],"collection":[{"href":"https:\/\/vetanco.com\/br\/wp-json\/wp\/v2\/posts"}],"about":[{"href":"https:\/\/vetanco.com\/br\/wp-json\/wp\/v2\/types\/post"}],"author":[{"embeddable":true,"href":"https:\/\/vetanco.com\/br\/wp-json\/wp\/v2\/users\/7"}],"replies":[{"embeddable":true,"href":"https:\/\/vetanco.com\/br\/wp-json\/wp\/v2\/comments?post=24707"}],"version-history":[{"count":9,"href":"https:\/\/vetanco.com\/br\/wp-json\/wp\/v2\/posts\/24707\/revisions"}],"predecessor-version":[{"id":25031,"href":"https:\/\/vetanco.com\/br\/wp-json\/wp\/v2\/posts\/24707\/revisions\/25031"}],"wp:featuredmedia":[{"embeddable":true,"href":"https:\/\/vetanco.com\/br\/wp-json\/wp\/v2\/media\/24710"}],"wp:attachment":[{"href":"https:\/\/vetanco.com\/br\/wp-json\/wp\/v2\/media?parent=24707"}],"wp:term":[{"taxonomy":"category","embeddable":true,"href":"https:\/\/vetanco.com\/br\/wp-json\/wp\/v2\/categories?post=24707"},{"taxonomy":"post_tag","embeddable":true,"href":"https:\/\/vetanco.com\/br\/wp-json\/wp\/v2\/tags?post=24707"}],"curies":[{"name":"wp","href":"https:\/\/api.w.org\/{rel}","templated":true}]}}