{"id":15668,"date":"2026-04-24T16:21:45","date_gmt":"2026-04-24T19:21:45","guid":{"rendered":"https:\/\/vetanco.com\/es\/?p=15668"},"modified":"2026-04-24T16:22:05","modified_gmt":"2026-04-24T19:22:05","slug":"vetanco-realizo-una-jornada-tecnica-sobre-desafios-inmunitarios-en-sistemas-de-alta-postura-en-salta","status":"publish","type":"post","link":"https:\/\/vetanco.com\/es\/vetanco-realizo-una-jornada-tecnica-sobre-desafios-inmunitarios-en-sistemas-de-alta-postura-en-salta\/","title":{"rendered":"Vetanco realiz\u00f3 una jornada t\u00e9cnica sobre desaf\u00edos inmunitarios en sistemas de Alta Postura en Salta"},"content":{"rendered":"\n\n\n<p>En el marco de sus acciones de actualizaci\u00f3n t\u00e9cnica y cercan\u00eda con el sector productivo, Vetanco llev\u00f3 adelante una nueva jornada de su divisi\u00f3n Alta Postura, enfocada en los principales desaf\u00edos inmunitarios en sistemas av\u00edcolas.<\/p>\n\n\n\n<p>El encuentro tuvo lugar el pasado <strong>23 de abril<\/strong> en la <strong>Sociedad Rural de Salta<\/strong>, y reuni\u00f3 a productores l\u00edderes de la regi\u00f3n \u2014entre ellos, los principales referentes de la postura comercial\u2014 junto a profesionales del sector, para abordar tem\u00e1ticas clave vinculadas a la sanidad y productividad.<\/p>\n\n\n\n<figure class=\"wp-block-image size-large\"><img loading=\"lazy\" decoding=\"async\" width=\"1024\" height=\"768\" src=\"https:\/\/vetanco.com\/es\/wp-content\/uploads\/2026\/04\/WhatsApp-Image-2026-04-24-at-08.10.31-1024x768.jpeg\" alt=\"\" class=\"wp-image-15671\" srcset=\"https:\/\/vetanco.com\/es\/wp-content\/uploads\/2026\/04\/WhatsApp-Image-2026-04-24-at-08.10.31-1024x768.jpeg 1024w, https:\/\/vetanco.com\/es\/wp-content\/uploads\/2026\/04\/WhatsApp-Image-2026-04-24-at-08.10.31-300x225.jpeg 300w, https:\/\/vetanco.com\/es\/wp-content\/uploads\/2026\/04\/WhatsApp-Image-2026-04-24-at-08.10.31-768x576.jpeg 768w, https:\/\/vetanco.com\/es\/wp-content\/uploads\/2026\/04\/WhatsApp-Image-2026-04-24-at-08.10.31-1536x1152.jpeg 1536w, https:\/\/vetanco.com\/es\/wp-content\/uploads\/2026\/04\/WhatsApp-Image-2026-04-24-at-08.10.31-510x383.jpeg 510w, https:\/\/vetanco.com\/es\/wp-content\/uploads\/2026\/04\/WhatsApp-Image-2026-04-24-at-08.10.31.jpeg 1600w\" sizes=\"auto, (max-width: 1024px) 100vw, 1024px\" \/><\/figure>\n\n\n\n<p>Bajo el eje \u201cDesaf\u00edos inmunitarios en Alta Postura\u201d, la jornada cont\u00f3 con la participaci\u00f3n de destacados disertantes, quienes compartieron conocimientos y experiencias aplicadas:<\/p>\n\n\n\n<ul class=\"wp-block-list\">\n<li><strong>Marcelo Ricci<\/strong>, con la charla \u201cPuntos cr\u00edticos en el control de Micoplasmosis\u201d<\/li>\n\n\n\n<li><strong>Facundo Ferrari<\/strong>, quien abord\u00f3 \u201cMenos es m\u00e1s: Vacunar vs. Inmunizar\u201d<\/li>\n\n\n\n<li><strong>Ignacio Fasanelli<\/strong>, con la presentaci\u00f3n \u201cPrebi\u00f3ticos: c\u00f3mo impactan en el desaf\u00edo sanitario\u201d<\/li>\n<\/ul>\n\n\n\n<p>La actividad se desarroll\u00f3 junto a <strong>Ceva<\/strong>, promoviendo el intercambio entre profesionales y la actualizaci\u00f3n en estrategias sanitarias orientadas a mejorar la eficiencia productiva. Asimismo, Vetanco destac\u00f3 especialmente el acompa\u00f1amiento de <strong>Centro Ganadero<\/strong>, su distribuidor en el norte del pa\u00eds, cuya gesti\u00f3n y compromiso fueron clave para la convocatoria y el desarrollo exitoso del encuentro.<\/p>\n\n\n\n<figure class=\"wp-block-image size-large\"><img loading=\"lazy\" decoding=\"async\" width=\"1024\" height=\"460\" src=\"https:\/\/vetanco.com\/es\/wp-content\/uploads\/2026\/04\/WhatsApp-Image-2026-04-24-at-08.10.57-1024x460.jpeg\" alt=\"\" class=\"wp-image-15672\" srcset=\"https:\/\/vetanco.com\/es\/wp-content\/uploads\/2026\/04\/WhatsApp-Image-2026-04-24-at-08.10.57-1024x460.jpeg 1024w, https:\/\/vetanco.com\/es\/wp-content\/uploads\/2026\/04\/WhatsApp-Image-2026-04-24-at-08.10.57-300x135.jpeg 300w, https:\/\/vetanco.com\/es\/wp-content\/uploads\/2026\/04\/WhatsApp-Image-2026-04-24-at-08.10.57-768x345.jpeg 768w, https:\/\/vetanco.com\/es\/wp-content\/uploads\/2026\/04\/WhatsApp-Image-2026-04-24-at-08.10.57-1536x690.jpeg 1536w, https:\/\/vetanco.com\/es\/wp-content\/uploads\/2026\/04\/WhatsApp-Image-2026-04-24-at-08.10.57-510x229.jpeg 510w, https:\/\/vetanco.com\/es\/wp-content\/uploads\/2026\/04\/WhatsApp-Image-2026-04-24-at-08.10.57.jpeg 1600w\" sizes=\"auto, (max-width: 1024px) 100vw, 1024px\" \/><\/figure>\n\n\n\n<p>Al finalizar las exposiciones, los asistentes participaron de un espacio de intercambio y networking, que culmin\u00f3 con una cena, favoreciendo el di\u00e1logo y el fortalecimiento de v\u00ednculos dentro del sector.<\/p>\n\n\n\n<p>Esta iniciativa form\u00f3 parte del compromiso de Vetanco con la innovaci\u00f3n, la transferencia de conocimiento y el acompa\u00f1amiento permanente a los sistemas productivos, impulsando soluciones que permitan optimizar el desempe\u00f1o y la sustentabilidad del sector av\u00edcola. En este sentido, la compa\u00f1\u00eda contin\u00faa consolidando su posicionamiento como un socio estrat\u00e9gico para la producci\u00f3n av\u00edcola, promoviendo instancias de encuentro que integran conocimiento t\u00e9cnico, experiencia en campo y visi\u00f3n de futuro.<\/p>\n","protected":false},"excerpt":{"rendered":"<p>En el marco de sus acciones de actualizaci\u00f3n t\u00e9cnica y cercan\u00eda con el sector productivo, Vetanco llev\u00f3 adelante una nueva jornada de su divisi\u00f3n Alta Postura, enfocada en los principales desaf\u00edos inmunitarios en sistemas av\u00edcolas. El encuentro tuvo lugar el pasado 23 de abril en la Sociedad Rural de Salta, y reuni\u00f3 a productores l\u00edderes [&#8230;]\n","protected":false},"author":8,"featured_media":15669,"comment_status":"open","ping_status":"open","sticky":false,"template":"","format":"standard","meta":{"footnotes":""},"categories":[32,30],"tags":[1150,1151,403,41],"class_list":["post-15668","post","type-post","status-publish","format-standard","has-post-thumbnail","hentry","category-charlas-tecnicas","category-eventos","tag-centro-ganadero","tag-ceva","tag-sociedad-rural-de-salta","tag-vetanco"],"yoast_head":"<!-- This site is optimized with the Yoast SEO plugin v27.3 - https:\/\/yoast.com\/product\/yoast-seo-wordpress\/ -->\n<title>Vetanco realiz\u00f3 una jornada t\u00e9cnica sobre desaf\u00edos inmunitarios en sistemas de Alta Postura en Salta - Vetanco Argentina<\/title>\n<meta name=\"description\" content=\"El encuentro tuvo lugar el pasado 23 de abril para abordar tem\u00e1ticas clave vinculadas a la sanidad y productividad.\" \/>\n<meta name=\"robots\" content=\"index, follow, max-snippet:-1, max-image-preview:large, max-video-preview:-1\" \/>\n<link rel=\"canonical\" href=\"https:\/\/vetanco.com\/es\/vetanco-realizo-una-jornada-tecnica-sobre-desafios-inmunitarios-en-sistemas-de-alta-postura-en-salta\/\" \/>\n<meta property=\"og:locale\" content=\"es_ES\" \/>\n<meta property=\"og:type\" content=\"article\" \/>\n<meta property=\"og:title\" content=\"Vetanco realiz\u00f3 una jornada t\u00e9cnica sobre desaf\u00edos inmunitarios en sistemas de Alta Postura en Salta - Vetanco Argentina\" \/>\n<meta property=\"og:description\" content=\"El encuentro tuvo lugar el pasado 23 de abril para abordar tem\u00e1ticas clave vinculadas a la sanidad y productividad.\" \/>\n<meta property=\"og:url\" content=\"https:\/\/vetanco.com\/es\/vetanco-realizo-una-jornada-tecnica-sobre-desafios-inmunitarios-en-sistemas-de-alta-postura-en-salta\/\" \/>\n<meta property=\"og:site_name\" content=\"Vetanco Argentina\" \/>\n<meta property=\"article:publisher\" content=\"https:\/\/www.facebook.com\/vetancoargentina\" \/>\n<meta property=\"article:published_time\" content=\"2026-04-24T19:21:45+00:00\" \/>\n<meta property=\"article:modified_time\" content=\"2026-04-24T19:22:05+00:00\" \/>\n<meta property=\"og:image\" content=\"https:\/\/vetanco.com\/es\/wp-content\/uploads\/2026\/04\/WhatsApp-Image-2026-04-24-at-08.10.52.jpg.jpeg\" \/>\n\t<meta property=\"og:image:width\" content=\"1361\" \/>\n\t<meta property=\"og:image:height\" content=\"715\" \/>\n\t<meta property=\"og:image:type\" content=\"image\/jpeg\" \/>\n<meta name=\"author\" content=\"julian\" \/>\n<meta name=\"twitter:card\" content=\"summary_large_image\" \/>\n<meta name=\"twitter:label1\" content=\"Escrito por\" \/>\n\t<meta name=\"twitter:data1\" content=\"julian\" \/>\n\t<meta name=\"twitter:label2\" content=\"Tiempo de lectura\" \/>\n\t<meta name=\"twitter:data2\" content=\"2 minutos\" \/>\n<script type=\"application\/ld+json\" class=\"yoast-schema-graph\">{\"@context\":\"https:\\\/\\\/schema.org\",\"@graph\":[{\"@type\":\"Article\",\"@id\":\"https:\\\/\\\/vetanco.com\\\/es\\\/vetanco-realizo-una-jornada-tecnica-sobre-desafios-inmunitarios-en-sistemas-de-alta-postura-en-salta\\\/#article\",\"isPartOf\":{\"@id\":\"https:\\\/\\\/vetanco.com\\\/es\\\/vetanco-realizo-una-jornada-tecnica-sobre-desafios-inmunitarios-en-sistemas-de-alta-postura-en-salta\\\/\"},\"author\":{\"name\":\"julian\",\"@id\":\"https:\\\/\\\/vetanco.com\\\/es\\\/#\\\/schema\\\/person\\\/46afb38cfab0fe11bf52a9ded679bfcd\"},\"headline\":\"Vetanco realiz\u00f3 una jornada t\u00e9cnica sobre desaf\u00edos inmunitarios en sistemas de Alta Postura en Salta\",\"datePublished\":\"2026-04-24T19:21:45+00:00\",\"dateModified\":\"2026-04-24T19:22:05+00:00\",\"mainEntityOfPage\":{\"@id\":\"https:\\\/\\\/vetanco.com\\\/es\\\/vetanco-realizo-una-jornada-tecnica-sobre-desafios-inmunitarios-en-sistemas-de-alta-postura-en-salta\\\/\"},\"wordCount\":342,\"commentCount\":0,\"image\":{\"@id\":\"https:\\\/\\\/vetanco.com\\\/es\\\/vetanco-realizo-una-jornada-tecnica-sobre-desafios-inmunitarios-en-sistemas-de-alta-postura-en-salta\\\/#primaryimage\"},\"thumbnailUrl\":\"https:\\\/\\\/vetanco.com\\\/es\\\/wp-content\\\/uploads\\\/2026\\\/04\\\/WhatsApp-Image-2026-04-24-at-08.10.52.jpg.jpeg\",\"keywords\":[\"Centro Ganadero\",\"Ceva\",\"Sociedad Rural de Salta\",\"Vetanco\"],\"articleSection\":[\"Charlas T\u00e9cnicas\",\"Eventos\"],\"inLanguage\":\"es\",\"potentialAction\":[{\"@type\":\"CommentAction\",\"name\":\"Comment\",\"target\":[\"https:\\\/\\\/vetanco.com\\\/es\\\/vetanco-realizo-una-jornada-tecnica-sobre-desafios-inmunitarios-en-sistemas-de-alta-postura-en-salta\\\/#respond\"]}]},{\"@type\":\"WebPage\",\"@id\":\"https:\\\/\\\/vetanco.com\\\/es\\\/vetanco-realizo-una-jornada-tecnica-sobre-desafios-inmunitarios-en-sistemas-de-alta-postura-en-salta\\\/\",\"url\":\"https:\\\/\\\/vetanco.com\\\/es\\\/vetanco-realizo-una-jornada-tecnica-sobre-desafios-inmunitarios-en-sistemas-de-alta-postura-en-salta\\\/\",\"name\":\"Vetanco realiz\u00f3 una jornada t\u00e9cnica sobre desaf\u00edos inmunitarios en sistemas de Alta Postura en Salta - Vetanco Argentina\",\"isPartOf\":{\"@id\":\"https:\\\/\\\/vetanco.com\\\/es\\\/#website\"},\"primaryImageOfPage\":{\"@id\":\"https:\\\/\\\/vetanco.com\\\/es\\\/vetanco-realizo-una-jornada-tecnica-sobre-desafios-inmunitarios-en-sistemas-de-alta-postura-en-salta\\\/#primaryimage\"},\"image\":{\"@id\":\"https:\\\/\\\/vetanco.com\\\/es\\\/vetanco-realizo-una-jornada-tecnica-sobre-desafios-inmunitarios-en-sistemas-de-alta-postura-en-salta\\\/#primaryimage\"},\"thumbnailUrl\":\"https:\\\/\\\/vetanco.com\\\/es\\\/wp-content\\\/uploads\\\/2026\\\/04\\\/WhatsApp-Image-2026-04-24-at-08.10.52.jpg.jpeg\",\"datePublished\":\"2026-04-24T19:21:45+00:00\",\"dateModified\":\"2026-04-24T19:22:05+00:00\",\"author\":{\"@id\":\"https:\\\/\\\/vetanco.com\\\/es\\\/#\\\/schema\\\/person\\\/46afb38cfab0fe11bf52a9ded679bfcd\"},\"description\":\"El encuentro tuvo lugar el pasado 23 de abril para abordar tem\u00e1ticas clave vinculadas a la sanidad y productividad.\",\"breadcrumb\":{\"@id\":\"https:\\\/\\\/vetanco.com\\\/es\\\/vetanco-realizo-una-jornada-tecnica-sobre-desafios-inmunitarios-en-sistemas-de-alta-postura-en-salta\\\/#breadcrumb\"},\"inLanguage\":\"es\",\"potentialAction\":[{\"@type\":\"ReadAction\",\"target\":[\"https:\\\/\\\/vetanco.com\\\/es\\\/vetanco-realizo-una-jornada-tecnica-sobre-desafios-inmunitarios-en-sistemas-de-alta-postura-en-salta\\\/\"]}]},{\"@type\":\"ImageObject\",\"inLanguage\":\"es\",\"@id\":\"https:\\\/\\\/vetanco.com\\\/es\\\/vetanco-realizo-una-jornada-tecnica-sobre-desafios-inmunitarios-en-sistemas-de-alta-postura-en-salta\\\/#primaryimage\",\"url\":\"https:\\\/\\\/vetanco.com\\\/es\\\/wp-content\\\/uploads\\\/2026\\\/04\\\/WhatsApp-Image-2026-04-24-at-08.10.52.jpg.jpeg\",\"contentUrl\":\"https:\\\/\\\/vetanco.com\\\/es\\\/wp-content\\\/uploads\\\/2026\\\/04\\\/WhatsApp-Image-2026-04-24-at-08.10.52.jpg.jpeg\",\"width\":1361,\"height\":715},{\"@type\":\"BreadcrumbList\",\"@id\":\"https:\\\/\\\/vetanco.com\\\/es\\\/vetanco-realizo-una-jornada-tecnica-sobre-desafios-inmunitarios-en-sistemas-de-alta-postura-en-salta\\\/#breadcrumb\",\"itemListElement\":[{\"@type\":\"ListItem\",\"position\":1,\"name\":\"In\u00edcio\",\"item\":\"https:\\\/\\\/vetanco.com\\\/es\\\/\"},{\"@type\":\"ListItem\",\"position\":2,\"name\":\"Vetanco realiz\u00f3 una jornada t\u00e9cnica sobre desaf\u00edos inmunitarios en sistemas de Alta Postura en Salta\"}]},{\"@type\":\"WebSite\",\"@id\":\"https:\\\/\\\/vetanco.com\\\/es\\\/#website\",\"url\":\"https:\\\/\\\/vetanco.com\\\/es\\\/\",\"name\":\"Vetanco Argentina\",\"description\":\"Productos Seguros para Alimentos Seguros\",\"potentialAction\":[{\"@type\":\"SearchAction\",\"target\":{\"@type\":\"EntryPoint\",\"urlTemplate\":\"https:\\\/\\\/vetanco.com\\\/es\\\/?s={search_term_string}\"},\"query-input\":{\"@type\":\"PropertyValueSpecification\",\"valueRequired\":true,\"valueName\":\"search_term_string\"}}],\"inLanguage\":\"es\"},{\"@type\":\"Person\",\"@id\":\"https:\\\/\\\/vetanco.com\\\/es\\\/#\\\/schema\\\/person\\\/46afb38cfab0fe11bf52a9ded679bfcd\",\"name\":\"julian\",\"image\":{\"@type\":\"ImageObject\",\"inLanguage\":\"es\",\"@id\":\"https:\\\/\\\/secure.gravatar.com\\\/avatar\\\/bc79426ed0651bb3545f906602e15ffcf6e4bdb7b02b2394b18705841d207f29?s=96&d=mm&r=g\",\"url\":\"https:\\\/\\\/secure.gravatar.com\\\/avatar\\\/bc79426ed0651bb3545f906602e15ffcf6e4bdb7b02b2394b18705841d207f29?s=96&d=mm&r=g\",\"contentUrl\":\"https:\\\/\\\/secure.gravatar.com\\\/avatar\\\/bc79426ed0651bb3545f906602e15ffcf6e4bdb7b02b2394b18705841d207f29?s=96&d=mm&r=g\",\"caption\":\"julian\"},\"url\":\"https:\\\/\\\/vetanco.com\\\/es\\\/author\\\/julian\\\/\"}]}<\/script>\n<!-- \/ Yoast SEO plugin. -->","yoast_head_json":{"title":"Vetanco realiz\u00f3 una jornada t\u00e9cnica sobre desaf\u00edos inmunitarios en sistemas de Alta Postura en Salta - Vetanco Argentina","description":"El encuentro tuvo lugar el pasado 23 de abril para abordar tem\u00e1ticas clave vinculadas a la sanidad y productividad.","robots":{"index":"index","follow":"follow","max-snippet":"max-snippet:-1","max-image-preview":"max-image-preview:large","max-video-preview":"max-video-preview:-1"},"canonical":"https:\/\/vetanco.com\/es\/vetanco-realizo-una-jornada-tecnica-sobre-desafios-inmunitarios-en-sistemas-de-alta-postura-en-salta\/","og_locale":"es_ES","og_type":"article","og_title":"Vetanco realiz\u00f3 una jornada t\u00e9cnica sobre desaf\u00edos inmunitarios en sistemas de Alta Postura en Salta - Vetanco Argentina","og_description":"El encuentro tuvo lugar el pasado 23 de abril para abordar tem\u00e1ticas clave vinculadas a la sanidad y productividad.","og_url":"https:\/\/vetanco.com\/es\/vetanco-realizo-una-jornada-tecnica-sobre-desafios-inmunitarios-en-sistemas-de-alta-postura-en-salta\/","og_site_name":"Vetanco Argentina","article_publisher":"https:\/\/www.facebook.com\/vetancoargentina","article_published_time":"2026-04-24T19:21:45+00:00","article_modified_time":"2026-04-24T19:22:05+00:00","og_image":[{"width":1361,"height":715,"url":"https:\/\/vetanco.com\/es\/wp-content\/uploads\/2026\/04\/WhatsApp-Image-2026-04-24-at-08.10.52.jpg.jpeg","type":"image\/jpeg"}],"author":"julian","twitter_card":"summary_large_image","twitter_misc":{"Escrito por":"julian","Tiempo de lectura":"2 minutos"},"schema":{"@context":"https:\/\/schema.org","@graph":[{"@type":"Article","@id":"https:\/\/vetanco.com\/es\/vetanco-realizo-una-jornada-tecnica-sobre-desafios-inmunitarios-en-sistemas-de-alta-postura-en-salta\/#article","isPartOf":{"@id":"https:\/\/vetanco.com\/es\/vetanco-realizo-una-jornada-tecnica-sobre-desafios-inmunitarios-en-sistemas-de-alta-postura-en-salta\/"},"author":{"name":"julian","@id":"https:\/\/vetanco.com\/es\/#\/schema\/person\/46afb38cfab0fe11bf52a9ded679bfcd"},"headline":"Vetanco realiz\u00f3 una jornada t\u00e9cnica sobre desaf\u00edos inmunitarios en sistemas de Alta Postura en Salta","datePublished":"2026-04-24T19:21:45+00:00","dateModified":"2026-04-24T19:22:05+00:00","mainEntityOfPage":{"@id":"https:\/\/vetanco.com\/es\/vetanco-realizo-una-jornada-tecnica-sobre-desafios-inmunitarios-en-sistemas-de-alta-postura-en-salta\/"},"wordCount":342,"commentCount":0,"image":{"@id":"https:\/\/vetanco.com\/es\/vetanco-realizo-una-jornada-tecnica-sobre-desafios-inmunitarios-en-sistemas-de-alta-postura-en-salta\/#primaryimage"},"thumbnailUrl":"https:\/\/vetanco.com\/es\/wp-content\/uploads\/2026\/04\/WhatsApp-Image-2026-04-24-at-08.10.52.jpg.jpeg","keywords":["Centro Ganadero","Ceva","Sociedad Rural de Salta","Vetanco"],"articleSection":["Charlas T\u00e9cnicas","Eventos"],"inLanguage":"es","potentialAction":[{"@type":"CommentAction","name":"Comment","target":["https:\/\/vetanco.com\/es\/vetanco-realizo-una-jornada-tecnica-sobre-desafios-inmunitarios-en-sistemas-de-alta-postura-en-salta\/#respond"]}]},{"@type":"WebPage","@id":"https:\/\/vetanco.com\/es\/vetanco-realizo-una-jornada-tecnica-sobre-desafios-inmunitarios-en-sistemas-de-alta-postura-en-salta\/","url":"https:\/\/vetanco.com\/es\/vetanco-realizo-una-jornada-tecnica-sobre-desafios-inmunitarios-en-sistemas-de-alta-postura-en-salta\/","name":"Vetanco realiz\u00f3 una jornada t\u00e9cnica sobre desaf\u00edos inmunitarios en sistemas de Alta Postura en Salta - Vetanco Argentina","isPartOf":{"@id":"https:\/\/vetanco.com\/es\/#website"},"primaryImageOfPage":{"@id":"https:\/\/vetanco.com\/es\/vetanco-realizo-una-jornada-tecnica-sobre-desafios-inmunitarios-en-sistemas-de-alta-postura-en-salta\/#primaryimage"},"image":{"@id":"https:\/\/vetanco.com\/es\/vetanco-realizo-una-jornada-tecnica-sobre-desafios-inmunitarios-en-sistemas-de-alta-postura-en-salta\/#primaryimage"},"thumbnailUrl":"https:\/\/vetanco.com\/es\/wp-content\/uploads\/2026\/04\/WhatsApp-Image-2026-04-24-at-08.10.52.jpg.jpeg","datePublished":"2026-04-24T19:21:45+00:00","dateModified":"2026-04-24T19:22:05+00:00","author":{"@id":"https:\/\/vetanco.com\/es\/#\/schema\/person\/46afb38cfab0fe11bf52a9ded679bfcd"},"description":"El encuentro tuvo lugar el pasado 23 de abril para abordar tem\u00e1ticas clave vinculadas a la sanidad y productividad.","breadcrumb":{"@id":"https:\/\/vetanco.com\/es\/vetanco-realizo-una-jornada-tecnica-sobre-desafios-inmunitarios-en-sistemas-de-alta-postura-en-salta\/#breadcrumb"},"inLanguage":"es","potentialAction":[{"@type":"ReadAction","target":["https:\/\/vetanco.com\/es\/vetanco-realizo-una-jornada-tecnica-sobre-desafios-inmunitarios-en-sistemas-de-alta-postura-en-salta\/"]}]},{"@type":"ImageObject","inLanguage":"es","@id":"https:\/\/vetanco.com\/es\/vetanco-realizo-una-jornada-tecnica-sobre-desafios-inmunitarios-en-sistemas-de-alta-postura-en-salta\/#primaryimage","url":"https:\/\/vetanco.com\/es\/wp-content\/uploads\/2026\/04\/WhatsApp-Image-2026-04-24-at-08.10.52.jpg.jpeg","contentUrl":"https:\/\/vetanco.com\/es\/wp-content\/uploads\/2026\/04\/WhatsApp-Image-2026-04-24-at-08.10.52.jpg.jpeg","width":1361,"height":715},{"@type":"BreadcrumbList","@id":"https:\/\/vetanco.com\/es\/vetanco-realizo-una-jornada-tecnica-sobre-desafios-inmunitarios-en-sistemas-de-alta-postura-en-salta\/#breadcrumb","itemListElement":[{"@type":"ListItem","position":1,"name":"In\u00edcio","item":"https:\/\/vetanco.com\/es\/"},{"@type":"ListItem","position":2,"name":"Vetanco realiz\u00f3 una jornada t\u00e9cnica sobre desaf\u00edos inmunitarios en sistemas de Alta Postura en Salta"}]},{"@type":"WebSite","@id":"https:\/\/vetanco.com\/es\/#website","url":"https:\/\/vetanco.com\/es\/","name":"Vetanco Argentina","description":"Productos Seguros para Alimentos Seguros","potentialAction":[{"@type":"SearchAction","target":{"@type":"EntryPoint","urlTemplate":"https:\/\/vetanco.com\/es\/?s={search_term_string}"},"query-input":{"@type":"PropertyValueSpecification","valueRequired":true,"valueName":"search_term_string"}}],"inLanguage":"es"},{"@type":"Person","@id":"https:\/\/vetanco.com\/es\/#\/schema\/person\/46afb38cfab0fe11bf52a9ded679bfcd","name":"julian","image":{"@type":"ImageObject","inLanguage":"es","@id":"https:\/\/secure.gravatar.com\/avatar\/bc79426ed0651bb3545f906602e15ffcf6e4bdb7b02b2394b18705841d207f29?s=96&d=mm&r=g","url":"https:\/\/secure.gravatar.com\/avatar\/bc79426ed0651bb3545f906602e15ffcf6e4bdb7b02b2394b18705841d207f29?s=96&d=mm&r=g","contentUrl":"https:\/\/secure.gravatar.com\/avatar\/bc79426ed0651bb3545f906602e15ffcf6e4bdb7b02b2394b18705841d207f29?s=96&d=mm&r=g","caption":"julian"},"url":"https:\/\/vetanco.com\/es\/author\/julian\/"}]}},"_links":{"self":[{"href":"https:\/\/vetanco.com\/es\/wp-json\/wp\/v2\/posts\/15668","targetHints":{"allow":["GET"]}}],"collection":[{"href":"https:\/\/vetanco.com\/es\/wp-json\/wp\/v2\/posts"}],"about":[{"href":"https:\/\/vetanco.com\/es\/wp-json\/wp\/v2\/types\/post"}],"author":[{"embeddable":true,"href":"https:\/\/vetanco.com\/es\/wp-json\/wp\/v2\/users\/8"}],"replies":[{"embeddable":true,"href":"https:\/\/vetanco.com\/es\/wp-json\/wp\/v2\/comments?post=15668"}],"version-history":[{"count":1,"href":"https:\/\/vetanco.com\/es\/wp-json\/wp\/v2\/posts\/15668\/revisions"}],"predecessor-version":[{"id":15673,"href":"https:\/\/vetanco.com\/es\/wp-json\/wp\/v2\/posts\/15668\/revisions\/15673"}],"wp:featuredmedia":[{"embeddable":true,"href":"https:\/\/vetanco.com\/es\/wp-json\/wp\/v2\/media\/15669"}],"wp:attachment":[{"href":"https:\/\/vetanco.com\/es\/wp-json\/wp\/v2\/media?parent=15668"}],"wp:term":[{"taxonomy":"category","embeddable":true,"href":"https:\/\/vetanco.com\/es\/wp-json\/wp\/v2\/categories?post=15668"},{"taxonomy":"post_tag","embeddable":true,"href":"https:\/\/vetanco.com\/es\/wp-json\/wp\/v2\/tags?post=15668"}],"curies":[{"name":"wp","href":"https:\/\/api.w.org\/{rel}","templated":true}]}}