{"id":6720,"date":"2024-05-17T11:30:00","date_gmt":"2024-05-17T14:30:00","guid":{"rendered":"https:\/\/vetanco.com\/es\/?p=6720"},"modified":"2025-03-14T14:43:56","modified_gmt":"2025-03-14T17:43:56","slug":"encuentro-empresarial-porcino-argentina-2024","status":"publish","type":"post","link":"https:\/\/vetanco.com\/es\/encuentro-empresarial-porcino-argentina-2024\/","title":{"rendered":"Vetanco en el 2\u00ba Encuentro Empresarial Porcino de Argentina 2024"},"content":{"rendered":"\n\n\n<p>El&nbsp;<a href=\"https:\/\/www.3tres3.com\/es-ar\/eventos\/encuentroempresarial_argentina\" target=\"_blank\" rel=\"noreferrer noopener\">333 Encuentro Empresarial Porcino de Argentina 2024<\/a>&nbsp;fue una excelente oportunidad para crear un espacio \u00fanico de uni\u00f3n y confianza entre productores, empresarios y directivos porcino del pa\u00eds.<\/p>\n\n\n\n<p>Desde&nbsp;<strong>Vetanco<\/strong>&nbsp;tuvimos una participaci\u00f3n&nbsp;<strong>Diamante<\/strong>&nbsp;en el&nbsp;EEPA 2024.&nbsp;El evento se realiz\u00f3 el 8 y 9 de Mayo, y el mismo reuni\u00f3 a destacados l\u00edderes del sector porcino para explorar temas claves y oportunidades de desarrollo en la industria.<\/p>\n\n\n\n<figure class=\"wp-block-image aligncenter size-full\"><img loading=\"lazy\" decoding=\"async\" width=\"577\" height=\"1024\" src=\"https:\/\/vetanco.com\/es\/wp-content\/uploads\/2024\/09\/vetanco5-577x1024-1.png\" alt=\"\" class=\"wp-image-6721\" srcset=\"https:\/\/vetanco.com\/es\/wp-content\/uploads\/2024\/09\/vetanco5-577x1024-1.png 577w, https:\/\/vetanco.com\/es\/wp-content\/uploads\/2024\/09\/vetanco5-577x1024-1-169x300.png 169w, https:\/\/vetanco.com\/es\/wp-content\/uploads\/2024\/09\/vetanco5-577x1024-1-510x905.png 510w\" sizes=\"auto, (max-width: 577px) 100vw, 577px\" \/><\/figure>\n\n\n\n<figure class=\"wp-block-image aligncenter size-full\"><img loading=\"lazy\" decoding=\"async\" width=\"577\" height=\"1024\" src=\"https:\/\/vetanco.com\/es\/wp-content\/uploads\/2024\/09\/vetanco6-577x1024-1.png\" alt=\"\" class=\"wp-image-6722\" srcset=\"https:\/\/vetanco.com\/es\/wp-content\/uploads\/2024\/09\/vetanco6-577x1024-1.png 577w, https:\/\/vetanco.com\/es\/wp-content\/uploads\/2024\/09\/vetanco6-577x1024-1-169x300.png 169w, https:\/\/vetanco.com\/es\/wp-content\/uploads\/2024\/09\/vetanco6-577x1024-1-510x905.png 510w\" sizes=\"auto, (max-width: 577px) 100vw, 577px\" \/><\/figure>\n\n\n\n<p>El encuentro cont\u00f3 con varios ejes estrat\u00e9gicos, entre ellos, econom\u00eda, bioseguridad, asociativismo, sostenibilidad, desarrollo de personas y bienestar animal.<\/p>\n\n\n\n<p>Los l\u00edderes del sector se congregaron para explorar los puntos claves que impulsar\u00e1n el futuro de la porcicultura. Se llevaron a cabo sesiones, paneles de discusi\u00f3n y&nbsp;<strong>talleres interactivos<\/strong>&nbsp;donde los expertos compartieron valor, experiencias y conocimientos para enriquecer a todos los participantes.<\/p>\n\n\n\n<p>Tenemos el agradar de comunicar que acompa\u00f1amos en la organizaci\u00f3n del&nbsp;<strong>333 Caf\u00e9.<\/strong>&nbsp;El mismo tuvo la participaci\u00f3n de Florencia D\u00b4Angelo y Marianela Mata, managers &amp; co-founders en MOOD, quienes trabajaron la tem\u00e1tica&nbsp;<strong>\u201cMarca Empleadora\u201d<\/strong>. Durante el taller se compartieron ideas, conocimientos y experiencias sobre la importancia de las personas y la comunicaci\u00f3n dentro del sector porcino.<\/p>\n\n\n\n<figure class=\"wp-block-image aligncenter size-full\"><img loading=\"lazy\" decoding=\"async\" width=\"577\" height=\"1024\" src=\"https:\/\/vetanco.com\/es\/wp-content\/uploads\/2024\/09\/WhatsApp-Image-2024-05-08-at-12.07.11-1-577x1024-1.jpeg\" alt=\"\" class=\"wp-image-6723\" srcset=\"https:\/\/vetanco.com\/es\/wp-content\/uploads\/2024\/09\/WhatsApp-Image-2024-05-08-at-12.07.11-1-577x1024-1.jpeg 577w, https:\/\/vetanco.com\/es\/wp-content\/uploads\/2024\/09\/WhatsApp-Image-2024-05-08-at-12.07.11-1-577x1024-1-169x300.jpeg 169w, https:\/\/vetanco.com\/es\/wp-content\/uploads\/2024\/09\/WhatsApp-Image-2024-05-08-at-12.07.11-1-577x1024-1-510x905.jpeg 510w\" sizes=\"auto, (max-width: 577px) 100vw, 577px\" \/><\/figure>\n\n\n\n<p>Tambi\u00e9n tuvimos presencia en el panel&nbsp;<strong>\u201cFortaleciendo la cadena porcina: estrategias de asociativismo y alianzas estrat\u00e9gicas\u201d,&nbsp;<\/strong>que tuvo la participaci\u00f3n de&nbsp;<strong>Hernando Bland\u00f3n<\/strong>,&nbsp;<strong>Ian O\u00b4Dwyer<\/strong>&nbsp;y&nbsp;<strong>Federico Testa.<\/strong><\/p>\n\n\n\n<figure class=\"wp-block-image size-full\"><img loading=\"lazy\" decoding=\"async\" width=\"1024\" height=\"577\" src=\"https:\/\/vetanco.com\/es\/wp-content\/uploads\/2024\/09\/vetanco2-1024x577-1.jpg\" alt=\"\" class=\"wp-image-6724\" srcset=\"https:\/\/vetanco.com\/es\/wp-content\/uploads\/2024\/09\/vetanco2-1024x577-1.jpg 1024w, https:\/\/vetanco.com\/es\/wp-content\/uploads\/2024\/09\/vetanco2-1024x577-1-300x169.jpg 300w, https:\/\/vetanco.com\/es\/wp-content\/uploads\/2024\/09\/vetanco2-1024x577-1-768x433.jpg 768w, https:\/\/vetanco.com\/es\/wp-content\/uploads\/2024\/09\/vetanco2-1024x577-1-510x287.jpg 510w\" sizes=\"auto, (max-width: 1024px) 100vw, 1024px\" \/><\/figure>\n\n\n\n<p>Esperamos seguir construyendo juntos el futuro de la&nbsp;industria porcina en Argentina.<\/p>\n","protected":false},"excerpt":{"rendered":"<p>El&nbsp;333 Encuentro Empresarial Porcino de Argentina 2024&nbsp;fue una excelente oportunidad para crear un espacio \u00fanico de uni\u00f3n y confianza entre productores, empresarios y directivos porcino del pa\u00eds. Desde&nbsp;Vetanco&nbsp;tuvimos una participaci\u00f3n&nbsp;Diamante&nbsp;en el&nbsp;EEPA 2024.&nbsp;El evento se realiz\u00f3 el 8 y 9 de Mayo, y el mismo reuni\u00f3 a destacados l\u00edderes del sector porcino para explorar temas claves [&#8230;]\n","protected":false},"author":6,"featured_media":6724,"comment_status":"open","ping_status":"open","sticky":false,"template":"","format":"standard","meta":{"footnotes":""},"categories":[30,31],"tags":[713,715,714,41],"class_list":["post-6720","post","type-post","status-publish","format-standard","has-post-thumbnail","hentry","category-eventos","category-novedades","tag-eepa","tag-eepa-2024","tag-encuentro-empresarial-porcino-de-argentina","tag-vetanco"],"yoast_head":"<!-- This site is optimized with the Yoast SEO plugin v27.3 - https:\/\/yoast.com\/product\/yoast-seo-wordpress\/ -->\n<title>Vetanco en el 2\u00ba Encuentro Empresarial Porcino de Argentina 2024 - Vetanco Argentina<\/title>\n<meta name=\"description\" content=\"El evento reuni\u00f3 a destacados l\u00edderes del sector porcino para explorar temas claves y oportunidades de desarrollo en la industria.\" \/>\n<meta name=\"robots\" content=\"index, follow, max-snippet:-1, max-image-preview:large, max-video-preview:-1\" \/>\n<link rel=\"canonical\" href=\"https:\/\/vetanco.com\/es\/encuentro-empresarial-porcino-argentina-2024\/\" \/>\n<meta property=\"og:locale\" content=\"es_ES\" \/>\n<meta property=\"og:type\" content=\"article\" \/>\n<meta property=\"og:title\" content=\"Vetanco en el 2\u00ba Encuentro Empresarial Porcino de Argentina 2024 - Vetanco Argentina\" \/>\n<meta property=\"og:description\" content=\"El evento reuni\u00f3 a destacados l\u00edderes del sector porcino para explorar temas claves y oportunidades de desarrollo en la industria.\" \/>\n<meta property=\"og:url\" content=\"https:\/\/vetanco.com\/es\/encuentro-empresarial-porcino-argentina-2024\/\" \/>\n<meta property=\"og:site_name\" content=\"Vetanco Argentina\" \/>\n<meta property=\"article:publisher\" content=\"https:\/\/www.facebook.com\/vetancoargentina\" \/>\n<meta property=\"article:published_time\" content=\"2024-05-17T14:30:00+00:00\" \/>\n<meta property=\"article:modified_time\" content=\"2025-03-14T17:43:56+00:00\" \/>\n<meta property=\"og:image\" content=\"https:\/\/vetanco.com\/es\/wp-content\/uploads\/2024\/09\/vetanco2-1024x577-1.jpg\" \/>\n\t<meta property=\"og:image:width\" content=\"1024\" \/>\n\t<meta property=\"og:image:height\" content=\"577\" \/>\n\t<meta property=\"og:image:type\" content=\"image\/jpeg\" \/>\n<meta name=\"author\" content=\"evangelinamenghini\" \/>\n<meta name=\"twitter:card\" content=\"summary_large_image\" \/>\n<meta name=\"twitter:label1\" content=\"Escrito por\" \/>\n\t<meta name=\"twitter:data1\" content=\"evangelinamenghini\" \/>\n\t<meta name=\"twitter:label2\" content=\"Tiempo de lectura\" \/>\n\t<meta name=\"twitter:data2\" content=\"3 minutos\" \/>\n<script type=\"application\/ld+json\" class=\"yoast-schema-graph\">{\"@context\":\"https:\\\/\\\/schema.org\",\"@graph\":[{\"@type\":\"Article\",\"@id\":\"https:\\\/\\\/vetanco.com\\\/es\\\/encuentro-empresarial-porcino-argentina-2024\\\/#article\",\"isPartOf\":{\"@id\":\"https:\\\/\\\/vetanco.com\\\/es\\\/encuentro-empresarial-porcino-argentina-2024\\\/\"},\"author\":{\"name\":\"evangelinamenghini\",\"@id\":\"https:\\\/\\\/vetanco.com\\\/es\\\/#\\\/schema\\\/person\\\/4a333212148c551e5d1f9d99a5cbb716\"},\"headline\":\"Vetanco en el 2\u00ba Encuentro Empresarial Porcino de Argentina 2024\",\"datePublished\":\"2024-05-17T14:30:00+00:00\",\"dateModified\":\"2025-03-14T17:43:56+00:00\",\"mainEntityOfPage\":{\"@id\":\"https:\\\/\\\/vetanco.com\\\/es\\\/encuentro-empresarial-porcino-argentina-2024\\\/\"},\"wordCount\":271,\"commentCount\":0,\"image\":{\"@id\":\"https:\\\/\\\/vetanco.com\\\/es\\\/encuentro-empresarial-porcino-argentina-2024\\\/#primaryimage\"},\"thumbnailUrl\":\"https:\\\/\\\/vetanco.com\\\/es\\\/wp-content\\\/uploads\\\/2024\\\/09\\\/vetanco2-1024x577-1.jpg\",\"keywords\":[\"EEPA\",\"EEPA 2024\",\"Encuentro Empresarial Porcino de Argentina\",\"Vetanco\"],\"articleSection\":[\"Eventos\",\"Novedades\"],\"inLanguage\":\"es\",\"potentialAction\":[{\"@type\":\"CommentAction\",\"name\":\"Comment\",\"target\":[\"https:\\\/\\\/vetanco.com\\\/es\\\/encuentro-empresarial-porcino-argentina-2024\\\/#respond\"]}]},{\"@type\":\"WebPage\",\"@id\":\"https:\\\/\\\/vetanco.com\\\/es\\\/encuentro-empresarial-porcino-argentina-2024\\\/\",\"url\":\"https:\\\/\\\/vetanco.com\\\/es\\\/encuentro-empresarial-porcino-argentina-2024\\\/\",\"name\":\"Vetanco en el 2\u00ba Encuentro Empresarial Porcino de Argentina 2024 - Vetanco Argentina\",\"isPartOf\":{\"@id\":\"https:\\\/\\\/vetanco.com\\\/es\\\/#website\"},\"primaryImageOfPage\":{\"@id\":\"https:\\\/\\\/vetanco.com\\\/es\\\/encuentro-empresarial-porcino-argentina-2024\\\/#primaryimage\"},\"image\":{\"@id\":\"https:\\\/\\\/vetanco.com\\\/es\\\/encuentro-empresarial-porcino-argentina-2024\\\/#primaryimage\"},\"thumbnailUrl\":\"https:\\\/\\\/vetanco.com\\\/es\\\/wp-content\\\/uploads\\\/2024\\\/09\\\/vetanco2-1024x577-1.jpg\",\"datePublished\":\"2024-05-17T14:30:00+00:00\",\"dateModified\":\"2025-03-14T17:43:56+00:00\",\"author\":{\"@id\":\"https:\\\/\\\/vetanco.com\\\/es\\\/#\\\/schema\\\/person\\\/4a333212148c551e5d1f9d99a5cbb716\"},\"description\":\"El evento reuni\u00f3 a destacados l\u00edderes del sector porcino para explorar temas claves y oportunidades de desarrollo en la industria.\",\"breadcrumb\":{\"@id\":\"https:\\\/\\\/vetanco.com\\\/es\\\/encuentro-empresarial-porcino-argentina-2024\\\/#breadcrumb\"},\"inLanguage\":\"es\",\"potentialAction\":[{\"@type\":\"ReadAction\",\"target\":[\"https:\\\/\\\/vetanco.com\\\/es\\\/encuentro-empresarial-porcino-argentina-2024\\\/\"]}]},{\"@type\":\"ImageObject\",\"inLanguage\":\"es\",\"@id\":\"https:\\\/\\\/vetanco.com\\\/es\\\/encuentro-empresarial-porcino-argentina-2024\\\/#primaryimage\",\"url\":\"https:\\\/\\\/vetanco.com\\\/es\\\/wp-content\\\/uploads\\\/2024\\\/09\\\/vetanco2-1024x577-1.jpg\",\"contentUrl\":\"https:\\\/\\\/vetanco.com\\\/es\\\/wp-content\\\/uploads\\\/2024\\\/09\\\/vetanco2-1024x577-1.jpg\",\"width\":1024,\"height\":577},{\"@type\":\"BreadcrumbList\",\"@id\":\"https:\\\/\\\/vetanco.com\\\/es\\\/encuentro-empresarial-porcino-argentina-2024\\\/#breadcrumb\",\"itemListElement\":[{\"@type\":\"ListItem\",\"position\":1,\"name\":\"In\u00edcio\",\"item\":\"https:\\\/\\\/vetanco.com\\\/es\\\/\"},{\"@type\":\"ListItem\",\"position\":2,\"name\":\"Vetanco en el 2\u00ba Encuentro Empresarial Porcino de Argentina 2024\"}]},{\"@type\":\"WebSite\",\"@id\":\"https:\\\/\\\/vetanco.com\\\/es\\\/#website\",\"url\":\"https:\\\/\\\/vetanco.com\\\/es\\\/\",\"name\":\"Vetanco Argentina\",\"description\":\"Productos Seguros para Alimentos Seguros\",\"potentialAction\":[{\"@type\":\"SearchAction\",\"target\":{\"@type\":\"EntryPoint\",\"urlTemplate\":\"https:\\\/\\\/vetanco.com\\\/es\\\/?s={search_term_string}\"},\"query-input\":{\"@type\":\"PropertyValueSpecification\",\"valueRequired\":true,\"valueName\":\"search_term_string\"}}],\"inLanguage\":\"es\"},{\"@type\":\"Person\",\"@id\":\"https:\\\/\\\/vetanco.com\\\/es\\\/#\\\/schema\\\/person\\\/4a333212148c551e5d1f9d99a5cbb716\",\"name\":\"evangelinamenghini\",\"image\":{\"@type\":\"ImageObject\",\"inLanguage\":\"es\",\"@id\":\"https:\\\/\\\/secure.gravatar.com\\\/avatar\\\/08f726e9876e489e5034751b2c3ddf9c39dcd219012a94cd42e52ea935b5eeef?s=96&d=mm&r=g\",\"url\":\"https:\\\/\\\/secure.gravatar.com\\\/avatar\\\/08f726e9876e489e5034751b2c3ddf9c39dcd219012a94cd42e52ea935b5eeef?s=96&d=mm&r=g\",\"contentUrl\":\"https:\\\/\\\/secure.gravatar.com\\\/avatar\\\/08f726e9876e489e5034751b2c3ddf9c39dcd219012a94cd42e52ea935b5eeef?s=96&d=mm&r=g\",\"caption\":\"evangelinamenghini\"},\"url\":\"https:\\\/\\\/vetanco.com\\\/es\\\/author\\\/evangelinamenghini\\\/\"}]}<\/script>\n<!-- \/ Yoast SEO plugin. -->","yoast_head_json":{"title":"Vetanco en el 2\u00ba Encuentro Empresarial Porcino de Argentina 2024 - Vetanco Argentina","description":"El evento reuni\u00f3 a destacados l\u00edderes del sector porcino para explorar temas claves y oportunidades de desarrollo en la industria.","robots":{"index":"index","follow":"follow","max-snippet":"max-snippet:-1","max-image-preview":"max-image-preview:large","max-video-preview":"max-video-preview:-1"},"canonical":"https:\/\/vetanco.com\/es\/encuentro-empresarial-porcino-argentina-2024\/","og_locale":"es_ES","og_type":"article","og_title":"Vetanco en el 2\u00ba Encuentro Empresarial Porcino de Argentina 2024 - Vetanco Argentina","og_description":"El evento reuni\u00f3 a destacados l\u00edderes del sector porcino para explorar temas claves y oportunidades de desarrollo en la industria.","og_url":"https:\/\/vetanco.com\/es\/encuentro-empresarial-porcino-argentina-2024\/","og_site_name":"Vetanco Argentina","article_publisher":"https:\/\/www.facebook.com\/vetancoargentina","article_published_time":"2024-05-17T14:30:00+00:00","article_modified_time":"2025-03-14T17:43:56+00:00","og_image":[{"width":1024,"height":577,"url":"https:\/\/vetanco.com\/es\/wp-content\/uploads\/2024\/09\/vetanco2-1024x577-1.jpg","type":"image\/jpeg"}],"author":"evangelinamenghini","twitter_card":"summary_large_image","twitter_misc":{"Escrito por":"evangelinamenghini","Tiempo de lectura":"3 minutos"},"schema":{"@context":"https:\/\/schema.org","@graph":[{"@type":"Article","@id":"https:\/\/vetanco.com\/es\/encuentro-empresarial-porcino-argentina-2024\/#article","isPartOf":{"@id":"https:\/\/vetanco.com\/es\/encuentro-empresarial-porcino-argentina-2024\/"},"author":{"name":"evangelinamenghini","@id":"https:\/\/vetanco.com\/es\/#\/schema\/person\/4a333212148c551e5d1f9d99a5cbb716"},"headline":"Vetanco en el 2\u00ba Encuentro Empresarial Porcino de Argentina 2024","datePublished":"2024-05-17T14:30:00+00:00","dateModified":"2025-03-14T17:43:56+00:00","mainEntityOfPage":{"@id":"https:\/\/vetanco.com\/es\/encuentro-empresarial-porcino-argentina-2024\/"},"wordCount":271,"commentCount":0,"image":{"@id":"https:\/\/vetanco.com\/es\/encuentro-empresarial-porcino-argentina-2024\/#primaryimage"},"thumbnailUrl":"https:\/\/vetanco.com\/es\/wp-content\/uploads\/2024\/09\/vetanco2-1024x577-1.jpg","keywords":["EEPA","EEPA 2024","Encuentro Empresarial Porcino de Argentina","Vetanco"],"articleSection":["Eventos","Novedades"],"inLanguage":"es","potentialAction":[{"@type":"CommentAction","name":"Comment","target":["https:\/\/vetanco.com\/es\/encuentro-empresarial-porcino-argentina-2024\/#respond"]}]},{"@type":"WebPage","@id":"https:\/\/vetanco.com\/es\/encuentro-empresarial-porcino-argentina-2024\/","url":"https:\/\/vetanco.com\/es\/encuentro-empresarial-porcino-argentina-2024\/","name":"Vetanco en el 2\u00ba Encuentro Empresarial Porcino de Argentina 2024 - Vetanco Argentina","isPartOf":{"@id":"https:\/\/vetanco.com\/es\/#website"},"primaryImageOfPage":{"@id":"https:\/\/vetanco.com\/es\/encuentro-empresarial-porcino-argentina-2024\/#primaryimage"},"image":{"@id":"https:\/\/vetanco.com\/es\/encuentro-empresarial-porcino-argentina-2024\/#primaryimage"},"thumbnailUrl":"https:\/\/vetanco.com\/es\/wp-content\/uploads\/2024\/09\/vetanco2-1024x577-1.jpg","datePublished":"2024-05-17T14:30:00+00:00","dateModified":"2025-03-14T17:43:56+00:00","author":{"@id":"https:\/\/vetanco.com\/es\/#\/schema\/person\/4a333212148c551e5d1f9d99a5cbb716"},"description":"El evento reuni\u00f3 a destacados l\u00edderes del sector porcino para explorar temas claves y oportunidades de desarrollo en la industria.","breadcrumb":{"@id":"https:\/\/vetanco.com\/es\/encuentro-empresarial-porcino-argentina-2024\/#breadcrumb"},"inLanguage":"es","potentialAction":[{"@type":"ReadAction","target":["https:\/\/vetanco.com\/es\/encuentro-empresarial-porcino-argentina-2024\/"]}]},{"@type":"ImageObject","inLanguage":"es","@id":"https:\/\/vetanco.com\/es\/encuentro-empresarial-porcino-argentina-2024\/#primaryimage","url":"https:\/\/vetanco.com\/es\/wp-content\/uploads\/2024\/09\/vetanco2-1024x577-1.jpg","contentUrl":"https:\/\/vetanco.com\/es\/wp-content\/uploads\/2024\/09\/vetanco2-1024x577-1.jpg","width":1024,"height":577},{"@type":"BreadcrumbList","@id":"https:\/\/vetanco.com\/es\/encuentro-empresarial-porcino-argentina-2024\/#breadcrumb","itemListElement":[{"@type":"ListItem","position":1,"name":"In\u00edcio","item":"https:\/\/vetanco.com\/es\/"},{"@type":"ListItem","position":2,"name":"Vetanco en el 2\u00ba Encuentro Empresarial Porcino de Argentina 2024"}]},{"@type":"WebSite","@id":"https:\/\/vetanco.com\/es\/#website","url":"https:\/\/vetanco.com\/es\/","name":"Vetanco Argentina","description":"Productos Seguros para Alimentos Seguros","potentialAction":[{"@type":"SearchAction","target":{"@type":"EntryPoint","urlTemplate":"https:\/\/vetanco.com\/es\/?s={search_term_string}"},"query-input":{"@type":"PropertyValueSpecification","valueRequired":true,"valueName":"search_term_string"}}],"inLanguage":"es"},{"@type":"Person","@id":"https:\/\/vetanco.com\/es\/#\/schema\/person\/4a333212148c551e5d1f9d99a5cbb716","name":"evangelinamenghini","image":{"@type":"ImageObject","inLanguage":"es","@id":"https:\/\/secure.gravatar.com\/avatar\/08f726e9876e489e5034751b2c3ddf9c39dcd219012a94cd42e52ea935b5eeef?s=96&d=mm&r=g","url":"https:\/\/secure.gravatar.com\/avatar\/08f726e9876e489e5034751b2c3ddf9c39dcd219012a94cd42e52ea935b5eeef?s=96&d=mm&r=g","contentUrl":"https:\/\/secure.gravatar.com\/avatar\/08f726e9876e489e5034751b2c3ddf9c39dcd219012a94cd42e52ea935b5eeef?s=96&d=mm&r=g","caption":"evangelinamenghini"},"url":"https:\/\/vetanco.com\/es\/author\/evangelinamenghini\/"}]}},"_links":{"self":[{"href":"https:\/\/vetanco.com\/es\/wp-json\/wp\/v2\/posts\/6720","targetHints":{"allow":["GET"]}}],"collection":[{"href":"https:\/\/vetanco.com\/es\/wp-json\/wp\/v2\/posts"}],"about":[{"href":"https:\/\/vetanco.com\/es\/wp-json\/wp\/v2\/types\/post"}],"author":[{"embeddable":true,"href":"https:\/\/vetanco.com\/es\/wp-json\/wp\/v2\/users\/6"}],"replies":[{"embeddable":true,"href":"https:\/\/vetanco.com\/es\/wp-json\/wp\/v2\/comments?post=6720"}],"version-history":[{"count":3,"href":"https:\/\/vetanco.com\/es\/wp-json\/wp\/v2\/posts\/6720\/revisions"}],"predecessor-version":[{"id":14109,"href":"https:\/\/vetanco.com\/es\/wp-json\/wp\/v2\/posts\/6720\/revisions\/14109"}],"wp:featuredmedia":[{"embeddable":true,"href":"https:\/\/vetanco.com\/es\/wp-json\/wp\/v2\/media\/6724"}],"wp:attachment":[{"href":"https:\/\/vetanco.com\/es\/wp-json\/wp\/v2\/media?parent=6720"}],"wp:term":[{"taxonomy":"category","embeddable":true,"href":"https:\/\/vetanco.com\/es\/wp-json\/wp\/v2\/categories?post=6720"},{"taxonomy":"post_tag","embeddable":true,"href":"https:\/\/vetanco.com\/es\/wp-json\/wp\/v2\/tags?post=6720"}],"curies":[{"name":"wp","href":"https:\/\/api.w.org\/{rel}","templated":true}]}}