{"id":7070,"date":"2022-09-07T09:30:00","date_gmt":"2022-09-07T12:30:00","guid":{"rendered":"https:\/\/vetanco.com\/es\/?p=7070"},"modified":"2025-07-02T09:51:39","modified_gmt":"2025-07-02T12:51:39","slug":"nuevamisionsolidariajuntoatodoportodos","status":"publish","type":"post","link":"https:\/\/vetanco.com\/es\/nuevamisionsolidariajuntoatodoportodos\/","title":{"rendered":"Nueva misi\u00f3n solidaria junto a Todo por Todos"},"content":{"rendered":"\n\n\n\n\n<p>En el mes de agosto, la&nbsp;M\u00e9dica Veterinaria Eugenia Ruiz,&nbsp;docente en la&nbsp;<a href=\"https:\/\/www.fcv.unl.edu.ar\/\" target=\"_blank\" rel=\"noreferrer noopener\">Facultad de Ciencias Veterinarias de la Universidad Nacional del Litoral<\/a>, junto&nbsp;con la Fundaci\u00f3n&nbsp;<em>Todo por Todos<\/em>&nbsp;arribaron a la Misi\u00f3n Carboncito en la provincia de Salta, para brindar asistencia m\u00e9dica primaria a los hermanos Wich\u00eds y asistencia veterinaria para sus animales. Vetanco colabor\u00f3 con la misi\u00f3n a&nbsp;trav\u00e9s de la donaci\u00f3n de medicamentos veterinarios.<\/p>\n\n\n\n<figure class=\"wp-block-image size-full\"><img loading=\"lazy\" decoding=\"async\" width=\"829\" height=\"547\" src=\"https:\/\/vetanco.com\/es\/wp-content\/uploads\/2024\/09\/mapa.jpg\" alt=\"\" class=\"wp-image-7071\" srcset=\"https:\/\/vetanco.com\/es\/wp-content\/uploads\/2024\/09\/mapa.jpg 829w, https:\/\/vetanco.com\/es\/wp-content\/uploads\/2024\/09\/mapa-300x198.jpg 300w, https:\/\/vetanco.com\/es\/wp-content\/uploads\/2024\/09\/mapa-768x507.jpg 768w, https:\/\/vetanco.com\/es\/wp-content\/uploads\/2024\/09\/mapa-510x337.jpg 510w\" sizes=\"auto, (max-width: 829px) 100vw, 829px\" \/><\/figure>\n\n\n\n<p>Durante 2 d\u00edas de intenso trabajo\u00a0m\u00e1s de 200 personas se acercaron a buscar atenci\u00f3n para sus animales, tanto de compa\u00f1\u00eda como de producci\u00f3n, con una necesidad tangible de mejorar la salud y de recibir informaci\u00f3n sobre distintas opciones de manejo de los mismos.\u00a0Se brind\u00f3 atenci\u00f3n a todos los animales\u00a0y se repartieron medicamentos veterinarios para comenzar y dar continuidad a distintos tratamientos indicados por la profesional.<\/p>\n\n\n\n<figure class=\"wp-block-image size-full\"><img loading=\"lazy\" decoding=\"async\" width=\"506\" height=\"674\" src=\"https:\/\/vetanco.com\/es\/wp-content\/uploads\/2024\/09\/Nota-agradecimiento-lab-1.jpg\" alt=\"\" class=\"wp-image-7072\" srcset=\"https:\/\/vetanco.com\/es\/wp-content\/uploads\/2024\/09\/Nota-agradecimiento-lab-1.jpg 506w, https:\/\/vetanco.com\/es\/wp-content\/uploads\/2024\/09\/Nota-agradecimiento-lab-1-225x300.jpg 225w\" sizes=\"auto, (max-width: 506px) 100vw, 506px\" \/><\/figure>\n\n\n\n<figure class=\"wp-block-image size-full\"><img loading=\"lazy\" decoding=\"async\" width=\"508\" height=\"677\" src=\"https:\/\/vetanco.com\/es\/wp-content\/uploads\/2024\/09\/Nota-agradecimiento-lab-2.jpg\" alt=\"\" class=\"wp-image-7073\" srcset=\"https:\/\/vetanco.com\/es\/wp-content\/uploads\/2024\/09\/Nota-agradecimiento-lab-2.jpg 508w, https:\/\/vetanco.com\/es\/wp-content\/uploads\/2024\/09\/Nota-agradecimiento-lab-2-225x300.jpg 225w\" sizes=\"auto, (max-width: 508px) 100vw, 508px\" \/><\/figure>\n\n\n\n<figure class=\"wp-block-image size-full\"><img loading=\"lazy\" decoding=\"async\" width=\"369\" height=\"492\" src=\"https:\/\/vetanco.com\/es\/wp-content\/uploads\/2024\/09\/Nota-agradecimiento-lab-3.jpg\" alt=\"\" class=\"wp-image-7074\" srcset=\"https:\/\/vetanco.com\/es\/wp-content\/uploads\/2024\/09\/Nota-agradecimiento-lab-3.jpg 369w, https:\/\/vetanco.com\/es\/wp-content\/uploads\/2024\/09\/Nota-agradecimiento-lab-3-225x300.jpg 225w\" sizes=\"auto, (max-width: 369px) 100vw, 369px\" \/><\/figure>\n\n\n\n<figure class=\"wp-block-image size-full\"><img loading=\"lazy\" decoding=\"async\" width=\"359\" height=\"478\" src=\"https:\/\/vetanco.com\/es\/wp-content\/uploads\/2024\/09\/Nota-agradecimiento-lab-4.jpg\" alt=\"\" class=\"wp-image-7075\" srcset=\"https:\/\/vetanco.com\/es\/wp-content\/uploads\/2024\/09\/Nota-agradecimiento-lab-4.jpg 359w, https:\/\/vetanco.com\/es\/wp-content\/uploads\/2024\/09\/Nota-agradecimiento-lab-4-225x300.jpg 225w\" sizes=\"auto, (max-width: 359px) 100vw, 359px\" \/><\/figure>\n\n\n\n<p>El 100% de los animales de Misi\u00f3n Carboncito&nbsp;que recibieron atenci\u00f3n veterinaria padec\u00edan&nbsp;deshidrataci\u00f3n, desnutrici\u00f3n, y endo y ectoparasitosis, transform\u00e1ndose estas \u00faltimas, en potenciales riesgos para la salud p\u00fablica.<\/p>\n\n\n\n<p>En este contexto en el que viven diariamente los pobladores&nbsp;de esta localidad y sus entornos cercanos se vuelve a poner en evidencia la importancia del trabajo en equipo junto a los profesionales de la salud y enaltece la profesi\u00f3n veterinaria como agente de cambio en la sociedad.<\/p>\n\n\n\n<figure class=\"wp-block-image size-full\"><img loading=\"lazy\" decoding=\"async\" width=\"732\" height=\"549\" src=\"https:\/\/vetanco.com\/es\/wp-content\/uploads\/2024\/09\/Nota-agradecimiento-lab.jpg\" alt=\"\" class=\"wp-image-7076\" srcset=\"https:\/\/vetanco.com\/es\/wp-content\/uploads\/2024\/09\/Nota-agradecimiento-lab.jpg 732w, https:\/\/vetanco.com\/es\/wp-content\/uploads\/2024\/09\/Nota-agradecimiento-lab-300x225.jpg 300w, https:\/\/vetanco.com\/es\/wp-content\/uploads\/2024\/09\/Nota-agradecimiento-lab-510x383.jpg 510w\" sizes=\"auto, (max-width: 732px) 100vw, 732px\" \/><\/figure>\n\n\n\n<p>Si bien a\u00fan queda un largo camino por recorrer, continuamos trabajando arduamente en esta tarea solidaria que tiene como horizonte la prevenci\u00f3n y tratamiento de enfermedades zoon\u00f3ticas.<\/p>\n","protected":false},"excerpt":{"rendered":"<p>En el mes de agosto, la&nbsp;M\u00e9dica Veterinaria Eugenia Ruiz,&nbsp;docente en la&nbsp;Facultad de Ciencias Veterinarias de la Universidad Nacional del Litoral, junto&nbsp;con la Fundaci\u00f3n&nbsp;Todo por Todos&nbsp;arribaron a la Misi\u00f3n Carboncito en la provincia de Salta, para brindar asistencia m\u00e9dica primaria a los hermanos Wich\u00eds y asistencia veterinaria para sus animales. Vetanco colabor\u00f3 con la misi\u00f3n a&nbsp;trav\u00e9s [&#8230;]\n","protected":false},"author":6,"featured_media":7076,"comment_status":"open","ping_status":"open","sticky":false,"template":"","format":"standard","meta":{"footnotes":""},"categories":[31,24],"tags":[799,800,41],"class_list":["post-7070","post","type-post","status-publish","format-standard","has-post-thumbnail","hentry","category-novedades","category-responsabilidad-social-empresaria","tag-fundacion-todo-por-todos","tag-mision-carboncito","tag-vetanco"],"yoast_head":"<!-- This site is optimized with the Yoast SEO plugin v27.3 - https:\/\/yoast.com\/product\/yoast-seo-wordpress\/ -->\n<title>Nueva misi\u00f3n solidaria junto a Todo por Todos - Vetanco Argentina<\/title>\n<meta name=\"description\" content=\"En la Misi\u00f3n Carboncito en la provincia de Salta se brind\u00f3 atenci\u00f3n a a los hermanos Wich\u00eds y asistencia veterinaria para sus animales.\" \/>\n<meta name=\"robots\" content=\"index, follow, max-snippet:-1, max-image-preview:large, max-video-preview:-1\" \/>\n<link rel=\"canonical\" href=\"https:\/\/vetanco.com\/es\/nuevamisionsolidariajuntoatodoportodos\/\" \/>\n<meta property=\"og:locale\" content=\"es_ES\" \/>\n<meta property=\"og:type\" content=\"article\" \/>\n<meta property=\"og:title\" content=\"Nueva misi\u00f3n solidaria junto a Todo por Todos - Vetanco Argentina\" \/>\n<meta property=\"og:description\" content=\"En la Misi\u00f3n Carboncito en la provincia de Salta se brind\u00f3 atenci\u00f3n a a los hermanos Wich\u00eds y asistencia veterinaria para sus animales.\" \/>\n<meta property=\"og:url\" content=\"https:\/\/vetanco.com\/es\/nuevamisionsolidariajuntoatodoportodos\/\" \/>\n<meta property=\"og:site_name\" content=\"Vetanco Argentina\" \/>\n<meta property=\"article:publisher\" content=\"https:\/\/www.facebook.com\/vetancoargentina\" \/>\n<meta property=\"article:published_time\" content=\"2022-09-07T12:30:00+00:00\" \/>\n<meta property=\"article:modified_time\" content=\"2025-07-02T12:51:39+00:00\" \/>\n<meta property=\"og:image\" content=\"https:\/\/vetanco.com\/es\/wp-content\/uploads\/2024\/09\/Nota-agradecimiento-lab.jpg\" \/>\n\t<meta property=\"og:image:width\" content=\"732\" \/>\n\t<meta property=\"og:image:height\" content=\"549\" \/>\n\t<meta property=\"og:image:type\" content=\"image\/jpeg\" \/>\n<meta name=\"author\" content=\"evangelinamenghini\" \/>\n<meta name=\"twitter:card\" content=\"summary_large_image\" \/>\n<meta name=\"twitter:label1\" content=\"Escrito por\" \/>\n\t<meta name=\"twitter:data1\" content=\"evangelinamenghini\" \/>\n\t<meta name=\"twitter:label2\" content=\"Tiempo de lectura\" \/>\n\t<meta name=\"twitter:data2\" content=\"3 minutos\" \/>\n<script type=\"application\/ld+json\" class=\"yoast-schema-graph\">{\"@context\":\"https:\\\/\\\/schema.org\",\"@graph\":[{\"@type\":\"Article\",\"@id\":\"https:\\\/\\\/vetanco.com\\\/es\\\/nuevamisionsolidariajuntoatodoportodos\\\/#article\",\"isPartOf\":{\"@id\":\"https:\\\/\\\/vetanco.com\\\/es\\\/nuevamisionsolidariajuntoatodoportodos\\\/\"},\"author\":{\"name\":\"evangelinamenghini\",\"@id\":\"https:\\\/\\\/vetanco.com\\\/es\\\/#\\\/schema\\\/person\\\/4a333212148c551e5d1f9d99a5cbb716\"},\"headline\":\"Nueva misi\u00f3n solidaria junto a Todo por Todos\",\"datePublished\":\"2022-09-07T12:30:00+00:00\",\"dateModified\":\"2025-07-02T12:51:39+00:00\",\"mainEntityOfPage\":{\"@id\":\"https:\\\/\\\/vetanco.com\\\/es\\\/nuevamisionsolidariajuntoatodoportodos\\\/\"},\"wordCount\":282,\"commentCount\":0,\"image\":{\"@id\":\"https:\\\/\\\/vetanco.com\\\/es\\\/nuevamisionsolidariajuntoatodoportodos\\\/#primaryimage\"},\"thumbnailUrl\":\"https:\\\/\\\/vetanco.com\\\/es\\\/wp-content\\\/uploads\\\/2024\\\/09\\\/Nota-agradecimiento-lab.jpg\",\"keywords\":[\"Fundaci\u00f3n Todo por Todos\",\"Misi\u00f3n Carboncito\",\"Vetanco\"],\"articleSection\":[\"Novedades\",\"Responsabilidad Social Empresaria\"],\"inLanguage\":\"es\",\"potentialAction\":[{\"@type\":\"CommentAction\",\"name\":\"Comment\",\"target\":[\"https:\\\/\\\/vetanco.com\\\/es\\\/nuevamisionsolidariajuntoatodoportodos\\\/#respond\"]}]},{\"@type\":\"WebPage\",\"@id\":\"https:\\\/\\\/vetanco.com\\\/es\\\/nuevamisionsolidariajuntoatodoportodos\\\/\",\"url\":\"https:\\\/\\\/vetanco.com\\\/es\\\/nuevamisionsolidariajuntoatodoportodos\\\/\",\"name\":\"Nueva misi\u00f3n solidaria junto a Todo por Todos - Vetanco Argentina\",\"isPartOf\":{\"@id\":\"https:\\\/\\\/vetanco.com\\\/es\\\/#website\"},\"primaryImageOfPage\":{\"@id\":\"https:\\\/\\\/vetanco.com\\\/es\\\/nuevamisionsolidariajuntoatodoportodos\\\/#primaryimage\"},\"image\":{\"@id\":\"https:\\\/\\\/vetanco.com\\\/es\\\/nuevamisionsolidariajuntoatodoportodos\\\/#primaryimage\"},\"thumbnailUrl\":\"https:\\\/\\\/vetanco.com\\\/es\\\/wp-content\\\/uploads\\\/2024\\\/09\\\/Nota-agradecimiento-lab.jpg\",\"datePublished\":\"2022-09-07T12:30:00+00:00\",\"dateModified\":\"2025-07-02T12:51:39+00:00\",\"author\":{\"@id\":\"https:\\\/\\\/vetanco.com\\\/es\\\/#\\\/schema\\\/person\\\/4a333212148c551e5d1f9d99a5cbb716\"},\"description\":\"En la Misi\u00f3n Carboncito en la provincia de Salta se brind\u00f3 atenci\u00f3n a a los hermanos Wich\u00eds y asistencia veterinaria para sus animales.\",\"breadcrumb\":{\"@id\":\"https:\\\/\\\/vetanco.com\\\/es\\\/nuevamisionsolidariajuntoatodoportodos\\\/#breadcrumb\"},\"inLanguage\":\"es\",\"potentialAction\":[{\"@type\":\"ReadAction\",\"target\":[\"https:\\\/\\\/vetanco.com\\\/es\\\/nuevamisionsolidariajuntoatodoportodos\\\/\"]}]},{\"@type\":\"ImageObject\",\"inLanguage\":\"es\",\"@id\":\"https:\\\/\\\/vetanco.com\\\/es\\\/nuevamisionsolidariajuntoatodoportodos\\\/#primaryimage\",\"url\":\"https:\\\/\\\/vetanco.com\\\/es\\\/wp-content\\\/uploads\\\/2024\\\/09\\\/Nota-agradecimiento-lab.jpg\",\"contentUrl\":\"https:\\\/\\\/vetanco.com\\\/es\\\/wp-content\\\/uploads\\\/2024\\\/09\\\/Nota-agradecimiento-lab.jpg\",\"width\":732,\"height\":549},{\"@type\":\"BreadcrumbList\",\"@id\":\"https:\\\/\\\/vetanco.com\\\/es\\\/nuevamisionsolidariajuntoatodoportodos\\\/#breadcrumb\",\"itemListElement\":[{\"@type\":\"ListItem\",\"position\":1,\"name\":\"In\u00edcio\",\"item\":\"https:\\\/\\\/vetanco.com\\\/es\\\/\"},{\"@type\":\"ListItem\",\"position\":2,\"name\":\"Nueva misi\u00f3n solidaria junto a Todo por Todos\"}]},{\"@type\":\"WebSite\",\"@id\":\"https:\\\/\\\/vetanco.com\\\/es\\\/#website\",\"url\":\"https:\\\/\\\/vetanco.com\\\/es\\\/\",\"name\":\"Vetanco Argentina\",\"description\":\"Productos Seguros para Alimentos Seguros\",\"potentialAction\":[{\"@type\":\"SearchAction\",\"target\":{\"@type\":\"EntryPoint\",\"urlTemplate\":\"https:\\\/\\\/vetanco.com\\\/es\\\/?s={search_term_string}\"},\"query-input\":{\"@type\":\"PropertyValueSpecification\",\"valueRequired\":true,\"valueName\":\"search_term_string\"}}],\"inLanguage\":\"es\"},{\"@type\":\"Person\",\"@id\":\"https:\\\/\\\/vetanco.com\\\/es\\\/#\\\/schema\\\/person\\\/4a333212148c551e5d1f9d99a5cbb716\",\"name\":\"evangelinamenghini\",\"image\":{\"@type\":\"ImageObject\",\"inLanguage\":\"es\",\"@id\":\"https:\\\/\\\/secure.gravatar.com\\\/avatar\\\/08f726e9876e489e5034751b2c3ddf9c39dcd219012a94cd42e52ea935b5eeef?s=96&d=mm&r=g\",\"url\":\"https:\\\/\\\/secure.gravatar.com\\\/avatar\\\/08f726e9876e489e5034751b2c3ddf9c39dcd219012a94cd42e52ea935b5eeef?s=96&d=mm&r=g\",\"contentUrl\":\"https:\\\/\\\/secure.gravatar.com\\\/avatar\\\/08f726e9876e489e5034751b2c3ddf9c39dcd219012a94cd42e52ea935b5eeef?s=96&d=mm&r=g\",\"caption\":\"evangelinamenghini\"},\"url\":\"https:\\\/\\\/vetanco.com\\\/es\\\/author\\\/evangelinamenghini\\\/\"}]}<\/script>\n<!-- \/ Yoast SEO plugin. -->","yoast_head_json":{"title":"Nueva misi\u00f3n solidaria junto a Todo por Todos - Vetanco Argentina","description":"En la Misi\u00f3n Carboncito en la provincia de Salta se brind\u00f3 atenci\u00f3n a a los hermanos Wich\u00eds y asistencia veterinaria para sus animales.","robots":{"index":"index","follow":"follow","max-snippet":"max-snippet:-1","max-image-preview":"max-image-preview:large","max-video-preview":"max-video-preview:-1"},"canonical":"https:\/\/vetanco.com\/es\/nuevamisionsolidariajuntoatodoportodos\/","og_locale":"es_ES","og_type":"article","og_title":"Nueva misi\u00f3n solidaria junto a Todo por Todos - Vetanco Argentina","og_description":"En la Misi\u00f3n Carboncito en la provincia de Salta se brind\u00f3 atenci\u00f3n a a los hermanos Wich\u00eds y asistencia veterinaria para sus animales.","og_url":"https:\/\/vetanco.com\/es\/nuevamisionsolidariajuntoatodoportodos\/","og_site_name":"Vetanco Argentina","article_publisher":"https:\/\/www.facebook.com\/vetancoargentina","article_published_time":"2022-09-07T12:30:00+00:00","article_modified_time":"2025-07-02T12:51:39+00:00","og_image":[{"width":732,"height":549,"url":"https:\/\/vetanco.com\/es\/wp-content\/uploads\/2024\/09\/Nota-agradecimiento-lab.jpg","type":"image\/jpeg"}],"author":"evangelinamenghini","twitter_card":"summary_large_image","twitter_misc":{"Escrito por":"evangelinamenghini","Tiempo de lectura":"3 minutos"},"schema":{"@context":"https:\/\/schema.org","@graph":[{"@type":"Article","@id":"https:\/\/vetanco.com\/es\/nuevamisionsolidariajuntoatodoportodos\/#article","isPartOf":{"@id":"https:\/\/vetanco.com\/es\/nuevamisionsolidariajuntoatodoportodos\/"},"author":{"name":"evangelinamenghini","@id":"https:\/\/vetanco.com\/es\/#\/schema\/person\/4a333212148c551e5d1f9d99a5cbb716"},"headline":"Nueva misi\u00f3n solidaria junto a Todo por Todos","datePublished":"2022-09-07T12:30:00+00:00","dateModified":"2025-07-02T12:51:39+00:00","mainEntityOfPage":{"@id":"https:\/\/vetanco.com\/es\/nuevamisionsolidariajuntoatodoportodos\/"},"wordCount":282,"commentCount":0,"image":{"@id":"https:\/\/vetanco.com\/es\/nuevamisionsolidariajuntoatodoportodos\/#primaryimage"},"thumbnailUrl":"https:\/\/vetanco.com\/es\/wp-content\/uploads\/2024\/09\/Nota-agradecimiento-lab.jpg","keywords":["Fundaci\u00f3n Todo por Todos","Misi\u00f3n Carboncito","Vetanco"],"articleSection":["Novedades","Responsabilidad Social Empresaria"],"inLanguage":"es","potentialAction":[{"@type":"CommentAction","name":"Comment","target":["https:\/\/vetanco.com\/es\/nuevamisionsolidariajuntoatodoportodos\/#respond"]}]},{"@type":"WebPage","@id":"https:\/\/vetanco.com\/es\/nuevamisionsolidariajuntoatodoportodos\/","url":"https:\/\/vetanco.com\/es\/nuevamisionsolidariajuntoatodoportodos\/","name":"Nueva misi\u00f3n solidaria junto a Todo por Todos - Vetanco Argentina","isPartOf":{"@id":"https:\/\/vetanco.com\/es\/#website"},"primaryImageOfPage":{"@id":"https:\/\/vetanco.com\/es\/nuevamisionsolidariajuntoatodoportodos\/#primaryimage"},"image":{"@id":"https:\/\/vetanco.com\/es\/nuevamisionsolidariajuntoatodoportodos\/#primaryimage"},"thumbnailUrl":"https:\/\/vetanco.com\/es\/wp-content\/uploads\/2024\/09\/Nota-agradecimiento-lab.jpg","datePublished":"2022-09-07T12:30:00+00:00","dateModified":"2025-07-02T12:51:39+00:00","author":{"@id":"https:\/\/vetanco.com\/es\/#\/schema\/person\/4a333212148c551e5d1f9d99a5cbb716"},"description":"En la Misi\u00f3n Carboncito en la provincia de Salta se brind\u00f3 atenci\u00f3n a a los hermanos Wich\u00eds y asistencia veterinaria para sus animales.","breadcrumb":{"@id":"https:\/\/vetanco.com\/es\/nuevamisionsolidariajuntoatodoportodos\/#breadcrumb"},"inLanguage":"es","potentialAction":[{"@type":"ReadAction","target":["https:\/\/vetanco.com\/es\/nuevamisionsolidariajuntoatodoportodos\/"]}]},{"@type":"ImageObject","inLanguage":"es","@id":"https:\/\/vetanco.com\/es\/nuevamisionsolidariajuntoatodoportodos\/#primaryimage","url":"https:\/\/vetanco.com\/es\/wp-content\/uploads\/2024\/09\/Nota-agradecimiento-lab.jpg","contentUrl":"https:\/\/vetanco.com\/es\/wp-content\/uploads\/2024\/09\/Nota-agradecimiento-lab.jpg","width":732,"height":549},{"@type":"BreadcrumbList","@id":"https:\/\/vetanco.com\/es\/nuevamisionsolidariajuntoatodoportodos\/#breadcrumb","itemListElement":[{"@type":"ListItem","position":1,"name":"In\u00edcio","item":"https:\/\/vetanco.com\/es\/"},{"@type":"ListItem","position":2,"name":"Nueva misi\u00f3n solidaria junto a Todo por Todos"}]},{"@type":"WebSite","@id":"https:\/\/vetanco.com\/es\/#website","url":"https:\/\/vetanco.com\/es\/","name":"Vetanco Argentina","description":"Productos Seguros para Alimentos Seguros","potentialAction":[{"@type":"SearchAction","target":{"@type":"EntryPoint","urlTemplate":"https:\/\/vetanco.com\/es\/?s={search_term_string}"},"query-input":{"@type":"PropertyValueSpecification","valueRequired":true,"valueName":"search_term_string"}}],"inLanguage":"es"},{"@type":"Person","@id":"https:\/\/vetanco.com\/es\/#\/schema\/person\/4a333212148c551e5d1f9d99a5cbb716","name":"evangelinamenghini","image":{"@type":"ImageObject","inLanguage":"es","@id":"https:\/\/secure.gravatar.com\/avatar\/08f726e9876e489e5034751b2c3ddf9c39dcd219012a94cd42e52ea935b5eeef?s=96&d=mm&r=g","url":"https:\/\/secure.gravatar.com\/avatar\/08f726e9876e489e5034751b2c3ddf9c39dcd219012a94cd42e52ea935b5eeef?s=96&d=mm&r=g","contentUrl":"https:\/\/secure.gravatar.com\/avatar\/08f726e9876e489e5034751b2c3ddf9c39dcd219012a94cd42e52ea935b5eeef?s=96&d=mm&r=g","caption":"evangelinamenghini"},"url":"https:\/\/vetanco.com\/es\/author\/evangelinamenghini\/"}]}},"_links":{"self":[{"href":"https:\/\/vetanco.com\/es\/wp-json\/wp\/v2\/posts\/7070","targetHints":{"allow":["GET"]}}],"collection":[{"href":"https:\/\/vetanco.com\/es\/wp-json\/wp\/v2\/posts"}],"about":[{"href":"https:\/\/vetanco.com\/es\/wp-json\/wp\/v2\/types\/post"}],"author":[{"embeddable":true,"href":"https:\/\/vetanco.com\/es\/wp-json\/wp\/v2\/users\/6"}],"replies":[{"embeddable":true,"href":"https:\/\/vetanco.com\/es\/wp-json\/wp\/v2\/comments?post=7070"}],"version-history":[{"count":2,"href":"https:\/\/vetanco.com\/es\/wp-json\/wp\/v2\/posts\/7070\/revisions"}],"predecessor-version":[{"id":14682,"href":"https:\/\/vetanco.com\/es\/wp-json\/wp\/v2\/posts\/7070\/revisions\/14682"}],"wp:featuredmedia":[{"embeddable":true,"href":"https:\/\/vetanco.com\/es\/wp-json\/wp\/v2\/media\/7076"}],"wp:attachment":[{"href":"https:\/\/vetanco.com\/es\/wp-json\/wp\/v2\/media?parent=7070"}],"wp:term":[{"taxonomy":"category","embeddable":true,"href":"https:\/\/vetanco.com\/es\/wp-json\/wp\/v2\/categories?post=7070"},{"taxonomy":"post_tag","embeddable":true,"href":"https:\/\/vetanco.com\/es\/wp-json\/wp\/v2\/tags?post=7070"}],"curies":[{"name":"wp","href":"https:\/\/api.w.org\/{rel}","templated":true}]}}