{"id":7214,"date":"2021-09-30T08:44:00","date_gmt":"2021-09-30T11:44:00","guid":{"rendered":"https:\/\/vetanco.com\/es\/?p=7214"},"modified":"2025-07-02T09:51:37","modified_gmt":"2025-07-02T12:51:37","slug":"vetanco-congreso-produccion-porcina-las-sierras","status":"publish","type":"post","link":"https:\/\/vetanco.com\/es\/vetanco-congreso-produccion-porcina-las-sierras\/","title":{"rendered":"Vetanco en el Congreso Porcino de las Sierras"},"content":{"rendered":"\n\n\n<p><em>Los d\u00edas 20 y 21 de octubre, Vetanco auspiciar\u00e1 el Congreso de Producci\u00f3n Porcina de las Sierras 2021<\/em><\/p>\n\n\n\n<p>Vetanco, laboratorio veterinario internacional que desde hace m\u00e1s de 30 a\u00f1os desarrolla, elabora y comercializa productos innovadores para la salud y la producci\u00f3n animal, auspicia el<strong>&nbsp;Congreso de Producci\u00f3n Porcina de las Sierras 2021<\/strong>, que se desarrollar\u00e1 los pr\u00f3ximos 20 y 21 de octubre, en el Hotel Eleton Resort &amp; Spa de la localidad de Carlos Paz, C\u00f3rdoba, de manera presencial, bajo el lema \u201c<em>Gesti\u00f3n de las personas y sus recursos ante una nueva estructura productiva<\/em>\u201d.<\/p>\n\n\n\n<p>En este marco, Vetanco comunicar\u00e1 las caracter\u00edsticas y atributos de&nbsp;<em>Circo\/Mycogard<\/em>, la vacuna para inmunizar a los cerdos frente a Circovirosis por PCV 2 y Mycoplasma hyopneumoniae, recientemente lanzada por el laboratorio en alianza con la empresa estadounidense&nbsp;<a href=\"https:\/\/www.pharmgate.com\/usa\/\" target=\"_blank\" rel=\"noreferrer noopener\">Pharmgate Animal Health<\/a>.<\/p>\n\n\n\n<p>Adem\u00e1s, brindar\u00e1 una charla sobre&nbsp;<strong>bienestar animal<\/strong>, el mi\u00e9rcoles 20 de octubre a las 18.30 hs. Los disertantes ser\u00e1n: M.V Msc. Alberto Armocida (Vetanco, UNLP); M.V D\u00e9bora Racciatti (SENASA) y el Ing. Agr. Daniel Campagna (UNR), quienes abordar\u00e1n los siguientes aspectos:&nbsp;<strong>\u00bfde qu\u00e9 se trata el bienestar animal?; exigencias del mercado externo; \u00bfqu\u00e9 se est\u00e1 haciendo desde el&nbsp;SENASA sobre este tema?<\/strong>. Los especialistas compartir\u00e1n experiencias realizadas en distintos sistemas productivos de nuestro pa\u00eds bajo protocolos europeos y se har\u00e1 referencia a los nuevos mercados.<\/p>\n\n\n\n<figure class=\"wp-block-image size-full\"><img loading=\"lazy\" decoding=\"async\" width=\"786\" height=\"1024\" src=\"https:\/\/vetanco.com\/es\/wp-content\/uploads\/2024\/09\/Congreso-de-las-sierras-1-786x1024-1.jpg\" alt=\"\" class=\"wp-image-7215\" srcset=\"https:\/\/vetanco.com\/es\/wp-content\/uploads\/2024\/09\/Congreso-de-las-sierras-1-786x1024-1.jpg 786w, https:\/\/vetanco.com\/es\/wp-content\/uploads\/2024\/09\/Congreso-de-las-sierras-1-786x1024-1-230x300.jpg 230w, https:\/\/vetanco.com\/es\/wp-content\/uploads\/2024\/09\/Congreso-de-las-sierras-1-786x1024-1-768x1001.jpg 768w, https:\/\/vetanco.com\/es\/wp-content\/uploads\/2024\/09\/Congreso-de-las-sierras-1-786x1024-1-510x664.jpg 510w\" sizes=\"auto, (max-width: 786px) 100vw, 786px\" \/><\/figure>\n\n\n\n<p>Por otra parte, el jueves 21 de octubre a las 9.00 hs., Vetanco auspiciar\u00e1 una charla sobre\u00a0<strong>Salud Intestinal<\/strong>, a cargo del Dr. Javier Sarradell, profesor de la Facultad de Ciencias Veterinarias de Rosario y asesor t\u00e9cnico-sanitarista.<\/p>\n\n\n\n<figure class=\"wp-block-image size-full\"><img loading=\"lazy\" decoding=\"async\" width=\"786\" height=\"1024\" src=\"https:\/\/vetanco.com\/es\/wp-content\/uploads\/2024\/09\/Congreso-de-las-sierras-2-786x1024-1.jpg\" alt=\"\" class=\"wp-image-7216\" srcset=\"https:\/\/vetanco.com\/es\/wp-content\/uploads\/2024\/09\/Congreso-de-las-sierras-2-786x1024-1.jpg 786w, https:\/\/vetanco.com\/es\/wp-content\/uploads\/2024\/09\/Congreso-de-las-sierras-2-786x1024-1-230x300.jpg 230w, https:\/\/vetanco.com\/es\/wp-content\/uploads\/2024\/09\/Congreso-de-las-sierras-2-786x1024-1-768x1001.jpg 768w, https:\/\/vetanco.com\/es\/wp-content\/uploads\/2024\/09\/Congreso-de-las-sierras-2-786x1024-1-510x664.jpg 510w\" sizes=\"auto, (max-width: 786px) 100vw, 786px\" \/><\/figure>\n\n\n\n<p>El Congreso est\u00e1 dirigido a productores en general, asesores privados, t\u00e9cnicos y comerciales de empresas, distribuidores,&nbsp;due\u00f1os de granjas y encargados de sitios.<\/p>\n\n\n\n<p>Para m\u00e1s informaci\u00f3n del evento:&nbsp;<a href=\"mailto:congresodelassierras@yahoo.com\">congresodelassierras@yahoo.com<\/a>&nbsp;\u2013 Evangelina In\u00e9s Luque: 3548-400755<\/p>\n\n\n\n<p><strong>PROGRAMA COMPLETO CONGRESO&nbsp;<\/strong><\/p>\n\n\n\n<p><strong>1\u00ba JORNADA MI\u00c9RCOLES 20\/10<\/strong><\/p>\n\n\n\n<p><strong>13:30hs&nbsp;&nbsp;&nbsp;&nbsp;&nbsp;&nbsp;&nbsp; ACREDITACION<\/strong><\/p>\n\n\n\n<p><strong>14:30hs &nbsp;&nbsp;&nbsp;&nbsp;&nbsp;&nbsp; &nbsp;Charla 1)<\/strong>&nbsp;<strong>Situaci\u00f3n y perspectivas del sector.<\/strong><\/p>\n\n\n\n<p>\u00bfD\u00f3nde estamos parados y hacia d\u00f3nde deber\u00eda ir&nbsp;la producci\u00f3n porcina?.&nbsp;Disertante:&nbsp;<strong>MV. Jorge BRUNORI<\/strong><\/p>\n\n\n\n<p><strong>15:30hs.<\/strong>&nbsp;&nbsp;&nbsp;&nbsp;&nbsp;&nbsp;<strong>Charla 2) Gesti\u00f3n de las personas y sus recursos.<\/strong><\/p>\n\n\n\n<p>Su impacto econ\u00f3mico y productivo en las granjas.<\/p>\n\n\n\n<p>Disertante:<strong>&nbsp;Ing Agr y Coach Gast\u00f3n IMOLA<\/strong><\/p>\n\n\n\n<p><strong>16:30hs<\/strong>. &nbsp;&nbsp;&nbsp;&nbsp;&nbsp;<strong>COFEE BREAK&nbsp;<\/strong><\/p>\n\n\n\n<p><strong>17:30hs<\/strong>.<strong>&nbsp;&nbsp;&nbsp;&nbsp;&nbsp;&nbsp; Charla 3)&nbsp;Protocolos de Bioseguridad en enfermedades emergentes.&nbsp;<\/strong>PRRS \u2013 PED \u2013 PPA.<\/p>\n\n\n\n<p>Disertante:&nbsp;<strong>MV. Ramiro LLAMAS<\/strong><\/p>\n\n\n\n<p><strong>18:30hs<\/strong>. &nbsp;&nbsp;&nbsp;&nbsp;&nbsp;<strong>Charla 4)<\/strong>&nbsp;<strong>Bienestar animal.<\/strong><\/p>\n\n\n\n<p>\u00bfDe qu\u00e9 se trata? Exigencias del mercado externo. \u00bfQu\u00e9 se est\u00e1 haciendo desde el SENASA sobre este tema? Experiencias realizadas en distintos sistemas productivos de nuestro pa\u00eds bajo protocolos europeos. Los nuevos mercados.<\/p>\n\n\n\n<p>Disertantes:&nbsp;<strong>MV. Alberto ARMOCIDA- MV. D\u00e9bora RACCIATTI (SENASA)- Ing. Agr. Daniel CAMPAGNA (UNR)<\/strong><strong>&nbsp; &nbsp; &nbsp; &nbsp; &nbsp; &nbsp; &nbsp; &nbsp; &nbsp; &nbsp; &nbsp; &nbsp; &nbsp; &nbsp; &nbsp; &nbsp; &nbsp; &nbsp; &nbsp; &nbsp; &nbsp; &nbsp; &nbsp; &nbsp; &nbsp; &nbsp;&nbsp;<\/strong><\/p>\n\n\n\n<p><strong>20:00hs. &nbsp;&nbsp;&nbsp;&nbsp;&nbsp; TIEMPO LIBRE DE INTERACCI\u00d3N CON LAS&nbsp;EMPRESAS.&nbsp;<\/strong><strong>&nbsp;&nbsp;&nbsp;&nbsp;&nbsp;&nbsp;&nbsp;&nbsp;&nbsp;&nbsp;&nbsp;&nbsp;&nbsp;<\/strong><\/p>\n\n\n\n<p><strong>21:30hs. &nbsp;&nbsp;&nbsp;&nbsp;&nbsp; CENA<\/strong><\/p>\n\n\n\n<p><strong>2\u00ba JORNADA JUEVES 21\/10<\/strong><\/p>\n\n\n\n<p><strong>09:00hs<\/strong>. &nbsp;&nbsp;&nbsp;&nbsp;&nbsp;<strong>Charla 1) Salud intestinal<\/strong><\/p>\n\n\n\n<p>Disertante:&nbsp;<strong>MV. Javier SARRADELL<\/strong><\/p>\n\n\n\n<p><strong>10:00hs<\/strong>. &nbsp;&nbsp;&nbsp;&nbsp;&nbsp;<strong>Charla 2)<\/strong>&nbsp;<strong>El agua como nutriente en lechones y cerdas en lactancia<\/strong>.&nbsp;&nbsp;La falta de atenci\u00f3n en este nutriente puede derivar en alteraciones de&nbsp;los indicadores productivos.<\/p>\n\n\n\n<p>Disertante:&nbsp;<strong>MV. Gerardo ROULET&nbsp;<\/strong><\/p>\n\n\n\n<p><strong>11:00hs<\/strong>. &nbsp;&nbsp;&nbsp;&nbsp;&nbsp;<strong>COFFE BREAK<\/strong><\/p>\n\n\n\n<p><strong>12:00hs<\/strong>. &nbsp;&nbsp;&nbsp;&nbsp;&nbsp;<strong>Charla 3) Gesti\u00f3n de las personas y sus recursos II<\/strong><\/p>\n\n\n\n<p>C\u00f3mo impacta en el personal (testimonios de operarios de granjas)<\/p>\n\n\n\n<p>Disertante:&nbsp;<strong>Ing. Agr. y Coach Gast\u00f3n IMOLA<\/strong><\/p>\n\n\n\n<p><strong>13:00hs<\/strong>. &nbsp;&nbsp;&nbsp;&nbsp;&nbsp;<strong>Charla 4) La producci\u00f3n que se viene.&nbsp;<\/strong><\/p>\n\n\n\n<p>C\u00f3mo producir carne segura. Producir sin antibi\u00f3ticos.<\/p>\n\n\n\n<p>Disertante: a confirmar<\/p>\n\n\n\n<p><strong>14:00hs<\/strong>.&nbsp;&nbsp;&nbsp;&nbsp;&nbsp;&nbsp;<strong>CIERRE DEL CONGRESO Y<\/strong>&nbsp;<strong>ALMUERZO<\/strong><\/p>\n","protected":false},"excerpt":{"rendered":"<p>Los d\u00edas 20 y 21 de octubre, Vetanco auspiciar\u00e1 el Congreso de Producci\u00f3n Porcina de las Sierras 2021 Vetanco, laboratorio veterinario internacional que desde hace m\u00e1s de 30 a\u00f1os desarrolla, elabora y comercializa productos innovadores para la salud y la producci\u00f3n animal, auspicia el&nbsp;Congreso de Producci\u00f3n Porcina de las Sierras 2021, que se desarrollar\u00e1 los [&#8230;]\n","protected":false},"author":6,"featured_media":7215,"comment_status":"open","ping_status":"open","sticky":false,"template":"","format":"standard","meta":{"footnotes":""},"categories":[32,30,31],"tags":[45,49,46,48,41],"class_list":["post-7214","post","type-post","status-publish","format-standard","has-post-thumbnail","hentry","category-charlas-tecnicas","category-eventos","category-novedades","tag-congreso-porcino-de-las-sierras","tag-salud-intestinal","tag-senasa","tag-unr","tag-vetanco"],"yoast_head":"<!-- This site is optimized with the Yoast SEO plugin v27.3 - https:\/\/yoast.com\/product\/yoast-seo-wordpress\/ -->\n<title>Vetanco en el Congreso Porcino de las Sierras - Vetanco Argentina<\/title>\n<meta name=\"description\" content=\"Se llevara a cabo en el Hotel Eleton Resort &amp; Spa de la localidad de Carlos Paz, C\u00f3rdoba, de manera presencial.\" \/>\n<meta name=\"robots\" content=\"index, follow, max-snippet:-1, max-image-preview:large, max-video-preview:-1\" \/>\n<link rel=\"canonical\" href=\"https:\/\/vetanco.com\/es\/vetanco-congreso-produccion-porcina-las-sierras\/\" \/>\n<meta property=\"og:locale\" content=\"es_ES\" \/>\n<meta property=\"og:type\" content=\"article\" \/>\n<meta property=\"og:title\" content=\"Vetanco en el Congreso Porcino de las Sierras - Vetanco Argentina\" \/>\n<meta property=\"og:description\" content=\"Se llevara a cabo en el Hotel Eleton Resort &amp; Spa de la localidad de Carlos Paz, C\u00f3rdoba, de manera presencial.\" \/>\n<meta property=\"og:url\" content=\"https:\/\/vetanco.com\/es\/vetanco-congreso-produccion-porcina-las-sierras\/\" \/>\n<meta property=\"og:site_name\" content=\"Vetanco Argentina\" \/>\n<meta property=\"article:publisher\" content=\"https:\/\/www.facebook.com\/vetancoargentina\" \/>\n<meta property=\"article:published_time\" content=\"2021-09-30T11:44:00+00:00\" \/>\n<meta property=\"article:modified_time\" content=\"2025-07-02T12:51:37+00:00\" \/>\n<meta property=\"og:image\" content=\"https:\/\/vetanco.com\/es\/wp-content\/uploads\/2024\/09\/Congreso-de-las-sierras-1-786x1024-1.jpg\" \/>\n\t<meta property=\"og:image:width\" content=\"786\" \/>\n\t<meta property=\"og:image:height\" content=\"1024\" \/>\n\t<meta property=\"og:image:type\" content=\"image\/jpeg\" \/>\n<meta name=\"author\" content=\"evangelinamenghini\" \/>\n<meta name=\"twitter:card\" content=\"summary_large_image\" \/>\n<meta name=\"twitter:label1\" content=\"Escrito por\" \/>\n\t<meta name=\"twitter:data1\" content=\"evangelinamenghini\" \/>\n\t<meta name=\"twitter:label2\" content=\"Tiempo de lectura\" \/>\n\t<meta name=\"twitter:data2\" content=\"4 minutos\" \/>\n<script type=\"application\/ld+json\" class=\"yoast-schema-graph\">{\"@context\":\"https:\\\/\\\/schema.org\",\"@graph\":[{\"@type\":\"Article\",\"@id\":\"https:\\\/\\\/vetanco.com\\\/es\\\/vetanco-congreso-produccion-porcina-las-sierras\\\/#article\",\"isPartOf\":{\"@id\":\"https:\\\/\\\/vetanco.com\\\/es\\\/vetanco-congreso-produccion-porcina-las-sierras\\\/\"},\"author\":{\"name\":\"evangelinamenghini\",\"@id\":\"https:\\\/\\\/vetanco.com\\\/es\\\/#\\\/schema\\\/person\\\/4a333212148c551e5d1f9d99a5cbb716\"},\"headline\":\"Vetanco en el Congreso Porcino de las Sierras\",\"datePublished\":\"2021-09-30T11:44:00+00:00\",\"dateModified\":\"2025-07-02T12:51:37+00:00\",\"mainEntityOfPage\":{\"@id\":\"https:\\\/\\\/vetanco.com\\\/es\\\/vetanco-congreso-produccion-porcina-las-sierras\\\/\"},\"wordCount\":709,\"commentCount\":0,\"image\":{\"@id\":\"https:\\\/\\\/vetanco.com\\\/es\\\/vetanco-congreso-produccion-porcina-las-sierras\\\/#primaryimage\"},\"thumbnailUrl\":\"https:\\\/\\\/vetanco.com\\\/es\\\/wp-content\\\/uploads\\\/2024\\\/09\\\/Congreso-de-las-sierras-1-786x1024-1.jpg\",\"keywords\":[\"Congreso Porcino de las Sierras\",\"Salud Intestinal\",\"SENASA\",\"UNR\",\"Vetanco\"],\"articleSection\":[\"Charlas T\u00e9cnicas\",\"Eventos\",\"Novedades\"],\"inLanguage\":\"es\",\"potentialAction\":[{\"@type\":\"CommentAction\",\"name\":\"Comment\",\"target\":[\"https:\\\/\\\/vetanco.com\\\/es\\\/vetanco-congreso-produccion-porcina-las-sierras\\\/#respond\"]}]},{\"@type\":\"WebPage\",\"@id\":\"https:\\\/\\\/vetanco.com\\\/es\\\/vetanco-congreso-produccion-porcina-las-sierras\\\/\",\"url\":\"https:\\\/\\\/vetanco.com\\\/es\\\/vetanco-congreso-produccion-porcina-las-sierras\\\/\",\"name\":\"Vetanco en el Congreso Porcino de las Sierras - Vetanco Argentina\",\"isPartOf\":{\"@id\":\"https:\\\/\\\/vetanco.com\\\/es\\\/#website\"},\"primaryImageOfPage\":{\"@id\":\"https:\\\/\\\/vetanco.com\\\/es\\\/vetanco-congreso-produccion-porcina-las-sierras\\\/#primaryimage\"},\"image\":{\"@id\":\"https:\\\/\\\/vetanco.com\\\/es\\\/vetanco-congreso-produccion-porcina-las-sierras\\\/#primaryimage\"},\"thumbnailUrl\":\"https:\\\/\\\/vetanco.com\\\/es\\\/wp-content\\\/uploads\\\/2024\\\/09\\\/Congreso-de-las-sierras-1-786x1024-1.jpg\",\"datePublished\":\"2021-09-30T11:44:00+00:00\",\"dateModified\":\"2025-07-02T12:51:37+00:00\",\"author\":{\"@id\":\"https:\\\/\\\/vetanco.com\\\/es\\\/#\\\/schema\\\/person\\\/4a333212148c551e5d1f9d99a5cbb716\"},\"description\":\"Se llevara a cabo en el Hotel Eleton Resort & Spa de la localidad de Carlos Paz, C\u00f3rdoba, de manera presencial.\",\"breadcrumb\":{\"@id\":\"https:\\\/\\\/vetanco.com\\\/es\\\/vetanco-congreso-produccion-porcina-las-sierras\\\/#breadcrumb\"},\"inLanguage\":\"es\",\"potentialAction\":[{\"@type\":\"ReadAction\",\"target\":[\"https:\\\/\\\/vetanco.com\\\/es\\\/vetanco-congreso-produccion-porcina-las-sierras\\\/\"]}]},{\"@type\":\"ImageObject\",\"inLanguage\":\"es\",\"@id\":\"https:\\\/\\\/vetanco.com\\\/es\\\/vetanco-congreso-produccion-porcina-las-sierras\\\/#primaryimage\",\"url\":\"https:\\\/\\\/vetanco.com\\\/es\\\/wp-content\\\/uploads\\\/2024\\\/09\\\/Congreso-de-las-sierras-1-786x1024-1.jpg\",\"contentUrl\":\"https:\\\/\\\/vetanco.com\\\/es\\\/wp-content\\\/uploads\\\/2024\\\/09\\\/Congreso-de-las-sierras-1-786x1024-1.jpg\",\"width\":786,\"height\":1024},{\"@type\":\"BreadcrumbList\",\"@id\":\"https:\\\/\\\/vetanco.com\\\/es\\\/vetanco-congreso-produccion-porcina-las-sierras\\\/#breadcrumb\",\"itemListElement\":[{\"@type\":\"ListItem\",\"position\":1,\"name\":\"In\u00edcio\",\"item\":\"https:\\\/\\\/vetanco.com\\\/es\\\/\"},{\"@type\":\"ListItem\",\"position\":2,\"name\":\"Vetanco en el Congreso Porcino de las Sierras\"}]},{\"@type\":\"WebSite\",\"@id\":\"https:\\\/\\\/vetanco.com\\\/es\\\/#website\",\"url\":\"https:\\\/\\\/vetanco.com\\\/es\\\/\",\"name\":\"Vetanco Argentina\",\"description\":\"Productos Seguros para Alimentos Seguros\",\"potentialAction\":[{\"@type\":\"SearchAction\",\"target\":{\"@type\":\"EntryPoint\",\"urlTemplate\":\"https:\\\/\\\/vetanco.com\\\/es\\\/?s={search_term_string}\"},\"query-input\":{\"@type\":\"PropertyValueSpecification\",\"valueRequired\":true,\"valueName\":\"search_term_string\"}}],\"inLanguage\":\"es\"},{\"@type\":\"Person\",\"@id\":\"https:\\\/\\\/vetanco.com\\\/es\\\/#\\\/schema\\\/person\\\/4a333212148c551e5d1f9d99a5cbb716\",\"name\":\"evangelinamenghini\",\"image\":{\"@type\":\"ImageObject\",\"inLanguage\":\"es\",\"@id\":\"https:\\\/\\\/secure.gravatar.com\\\/avatar\\\/08f726e9876e489e5034751b2c3ddf9c39dcd219012a94cd42e52ea935b5eeef?s=96&d=mm&r=g\",\"url\":\"https:\\\/\\\/secure.gravatar.com\\\/avatar\\\/08f726e9876e489e5034751b2c3ddf9c39dcd219012a94cd42e52ea935b5eeef?s=96&d=mm&r=g\",\"contentUrl\":\"https:\\\/\\\/secure.gravatar.com\\\/avatar\\\/08f726e9876e489e5034751b2c3ddf9c39dcd219012a94cd42e52ea935b5eeef?s=96&d=mm&r=g\",\"caption\":\"evangelinamenghini\"},\"url\":\"https:\\\/\\\/vetanco.com\\\/es\\\/author\\\/evangelinamenghini\\\/\"}]}<\/script>\n<!-- \/ Yoast SEO plugin. -->","yoast_head_json":{"title":"Vetanco en el Congreso Porcino de las Sierras - Vetanco Argentina","description":"Se llevara a cabo en el Hotel Eleton Resort & Spa de la localidad de Carlos Paz, C\u00f3rdoba, de manera presencial.","robots":{"index":"index","follow":"follow","max-snippet":"max-snippet:-1","max-image-preview":"max-image-preview:large","max-video-preview":"max-video-preview:-1"},"canonical":"https:\/\/vetanco.com\/es\/vetanco-congreso-produccion-porcina-las-sierras\/","og_locale":"es_ES","og_type":"article","og_title":"Vetanco en el Congreso Porcino de las Sierras - Vetanco Argentina","og_description":"Se llevara a cabo en el Hotel Eleton Resort & Spa de la localidad de Carlos Paz, C\u00f3rdoba, de manera presencial.","og_url":"https:\/\/vetanco.com\/es\/vetanco-congreso-produccion-porcina-las-sierras\/","og_site_name":"Vetanco Argentina","article_publisher":"https:\/\/www.facebook.com\/vetancoargentina","article_published_time":"2021-09-30T11:44:00+00:00","article_modified_time":"2025-07-02T12:51:37+00:00","og_image":[{"width":786,"height":1024,"url":"https:\/\/vetanco.com\/es\/wp-content\/uploads\/2024\/09\/Congreso-de-las-sierras-1-786x1024-1.jpg","type":"image\/jpeg"}],"author":"evangelinamenghini","twitter_card":"summary_large_image","twitter_misc":{"Escrito por":"evangelinamenghini","Tiempo de lectura":"4 minutos"},"schema":{"@context":"https:\/\/schema.org","@graph":[{"@type":"Article","@id":"https:\/\/vetanco.com\/es\/vetanco-congreso-produccion-porcina-las-sierras\/#article","isPartOf":{"@id":"https:\/\/vetanco.com\/es\/vetanco-congreso-produccion-porcina-las-sierras\/"},"author":{"name":"evangelinamenghini","@id":"https:\/\/vetanco.com\/es\/#\/schema\/person\/4a333212148c551e5d1f9d99a5cbb716"},"headline":"Vetanco en el Congreso Porcino de las Sierras","datePublished":"2021-09-30T11:44:00+00:00","dateModified":"2025-07-02T12:51:37+00:00","mainEntityOfPage":{"@id":"https:\/\/vetanco.com\/es\/vetanco-congreso-produccion-porcina-las-sierras\/"},"wordCount":709,"commentCount":0,"image":{"@id":"https:\/\/vetanco.com\/es\/vetanco-congreso-produccion-porcina-las-sierras\/#primaryimage"},"thumbnailUrl":"https:\/\/vetanco.com\/es\/wp-content\/uploads\/2024\/09\/Congreso-de-las-sierras-1-786x1024-1.jpg","keywords":["Congreso Porcino de las Sierras","Salud Intestinal","SENASA","UNR","Vetanco"],"articleSection":["Charlas T\u00e9cnicas","Eventos","Novedades"],"inLanguage":"es","potentialAction":[{"@type":"CommentAction","name":"Comment","target":["https:\/\/vetanco.com\/es\/vetanco-congreso-produccion-porcina-las-sierras\/#respond"]}]},{"@type":"WebPage","@id":"https:\/\/vetanco.com\/es\/vetanco-congreso-produccion-porcina-las-sierras\/","url":"https:\/\/vetanco.com\/es\/vetanco-congreso-produccion-porcina-las-sierras\/","name":"Vetanco en el Congreso Porcino de las Sierras - Vetanco Argentina","isPartOf":{"@id":"https:\/\/vetanco.com\/es\/#website"},"primaryImageOfPage":{"@id":"https:\/\/vetanco.com\/es\/vetanco-congreso-produccion-porcina-las-sierras\/#primaryimage"},"image":{"@id":"https:\/\/vetanco.com\/es\/vetanco-congreso-produccion-porcina-las-sierras\/#primaryimage"},"thumbnailUrl":"https:\/\/vetanco.com\/es\/wp-content\/uploads\/2024\/09\/Congreso-de-las-sierras-1-786x1024-1.jpg","datePublished":"2021-09-30T11:44:00+00:00","dateModified":"2025-07-02T12:51:37+00:00","author":{"@id":"https:\/\/vetanco.com\/es\/#\/schema\/person\/4a333212148c551e5d1f9d99a5cbb716"},"description":"Se llevara a cabo en el Hotel Eleton Resort & Spa de la localidad de Carlos Paz, C\u00f3rdoba, de manera presencial.","breadcrumb":{"@id":"https:\/\/vetanco.com\/es\/vetanco-congreso-produccion-porcina-las-sierras\/#breadcrumb"},"inLanguage":"es","potentialAction":[{"@type":"ReadAction","target":["https:\/\/vetanco.com\/es\/vetanco-congreso-produccion-porcina-las-sierras\/"]}]},{"@type":"ImageObject","inLanguage":"es","@id":"https:\/\/vetanco.com\/es\/vetanco-congreso-produccion-porcina-las-sierras\/#primaryimage","url":"https:\/\/vetanco.com\/es\/wp-content\/uploads\/2024\/09\/Congreso-de-las-sierras-1-786x1024-1.jpg","contentUrl":"https:\/\/vetanco.com\/es\/wp-content\/uploads\/2024\/09\/Congreso-de-las-sierras-1-786x1024-1.jpg","width":786,"height":1024},{"@type":"BreadcrumbList","@id":"https:\/\/vetanco.com\/es\/vetanco-congreso-produccion-porcina-las-sierras\/#breadcrumb","itemListElement":[{"@type":"ListItem","position":1,"name":"In\u00edcio","item":"https:\/\/vetanco.com\/es\/"},{"@type":"ListItem","position":2,"name":"Vetanco en el Congreso Porcino de las Sierras"}]},{"@type":"WebSite","@id":"https:\/\/vetanco.com\/es\/#website","url":"https:\/\/vetanco.com\/es\/","name":"Vetanco Argentina","description":"Productos Seguros para Alimentos Seguros","potentialAction":[{"@type":"SearchAction","target":{"@type":"EntryPoint","urlTemplate":"https:\/\/vetanco.com\/es\/?s={search_term_string}"},"query-input":{"@type":"PropertyValueSpecification","valueRequired":true,"valueName":"search_term_string"}}],"inLanguage":"es"},{"@type":"Person","@id":"https:\/\/vetanco.com\/es\/#\/schema\/person\/4a333212148c551e5d1f9d99a5cbb716","name":"evangelinamenghini","image":{"@type":"ImageObject","inLanguage":"es","@id":"https:\/\/secure.gravatar.com\/avatar\/08f726e9876e489e5034751b2c3ddf9c39dcd219012a94cd42e52ea935b5eeef?s=96&d=mm&r=g","url":"https:\/\/secure.gravatar.com\/avatar\/08f726e9876e489e5034751b2c3ddf9c39dcd219012a94cd42e52ea935b5eeef?s=96&d=mm&r=g","contentUrl":"https:\/\/secure.gravatar.com\/avatar\/08f726e9876e489e5034751b2c3ddf9c39dcd219012a94cd42e52ea935b5eeef?s=96&d=mm&r=g","caption":"evangelinamenghini"},"url":"https:\/\/vetanco.com\/es\/author\/evangelinamenghini\/"}]}},"_links":{"self":[{"href":"https:\/\/vetanco.com\/es\/wp-json\/wp\/v2\/posts\/7214","targetHints":{"allow":["GET"]}}],"collection":[{"href":"https:\/\/vetanco.com\/es\/wp-json\/wp\/v2\/posts"}],"about":[{"href":"https:\/\/vetanco.com\/es\/wp-json\/wp\/v2\/types\/post"}],"author":[{"embeddable":true,"href":"https:\/\/vetanco.com\/es\/wp-json\/wp\/v2\/users\/6"}],"replies":[{"embeddable":true,"href":"https:\/\/vetanco.com\/es\/wp-json\/wp\/v2\/comments?post=7214"}],"version-history":[{"count":2,"href":"https:\/\/vetanco.com\/es\/wp-json\/wp\/v2\/posts\/7214\/revisions"}],"predecessor-version":[{"id":14672,"href":"https:\/\/vetanco.com\/es\/wp-json\/wp\/v2\/posts\/7214\/revisions\/14672"}],"wp:featuredmedia":[{"embeddable":true,"href":"https:\/\/vetanco.com\/es\/wp-json\/wp\/v2\/media\/7215"}],"wp:attachment":[{"href":"https:\/\/vetanco.com\/es\/wp-json\/wp\/v2\/media?parent=7214"}],"wp:term":[{"taxonomy":"category","embeddable":true,"href":"https:\/\/vetanco.com\/es\/wp-json\/wp\/v2\/categories?post=7214"},{"taxonomy":"post_tag","embeddable":true,"href":"https:\/\/vetanco.com\/es\/wp-json\/wp\/v2\/tags?post=7214"}],"curies":[{"name":"wp","href":"https:\/\/api.w.org\/{rel}","templated":true}]}}