{"id":7296,"date":"2021-03-25T08:29:00","date_gmt":"2021-03-25T11:29:00","guid":{"rendered":"https:\/\/vetanco.com\/es\/?p=7296"},"modified":"2025-07-01T15:52:13","modified_gmt":"2025-07-01T18:52:13","slug":"inclusion-deportiva-addegro-y-vetanco-trabajando-juntos","status":"publish","type":"post","link":"https:\/\/vetanco.com\/es\/inclusion-deportiva-addegro-y-vetanco-trabajando-juntos\/","title":{"rendered":"Inclusi\u00f3n deportiva: ADDeGRo y Vetanco trabajando juntos"},"content":{"rendered":"\n\n\n\n\n<p>En Febrero de 2020,&nbsp;Amigos por la Diversidad Deportiva&nbsp;llev\u00f3 a cabo&nbsp;el evento<strong>&nbsp;<\/strong>deportivo y solidario&nbsp;Triatl\u00f3n y Aguas Abiertas&nbsp;junto con la Direcci\u00f3n de Deportes de Gral. Rodr\u00edguez, el auspicio de la Municipalidad de Gral. Rodr\u00edguez, Vetanco&nbsp;y otras empresas de este partido, adem\u00e1s del apoyo de innumerables acompa\u00f1amientos individuales e incondicionales de quienes comparten esta pasi\u00f3n por el deporte.<\/p>\n\n\n\n<p>Se trat\u00f3 del segundo evento de esta envergadura que esta Asociaci\u00f3n Civil realiza con el fin de recaudar fondos para un bien com\u00fan. En este caso, los fondos&nbsp;&nbsp;fueron destinados \u00edntegramente a la adquisici\u00f3n de un brazo hidr\u00e1ulico para facilitar el ingreso a piletas de personas con movilidad reducida,&nbsp;dando as\u00ed un paso m\u00e1s para igualar las oportunidades para todos.<\/p>\n\n\n\n<figure class=\"wp-block-image size-full\"><img loading=\"lazy\" decoding=\"async\" width=\"900\" height=\"600\" src=\"https:\/\/vetanco.com\/es\/wp-content\/uploads\/2024\/09\/TRIA-2020-02-900x600-1.jpg\" alt=\"\" class=\"wp-image-7297\" srcset=\"https:\/\/vetanco.com\/es\/wp-content\/uploads\/2024\/09\/TRIA-2020-02-900x600-1.jpg 900w, https:\/\/vetanco.com\/es\/wp-content\/uploads\/2024\/09\/TRIA-2020-02-900x600-1-300x200.jpg 300w, https:\/\/vetanco.com\/es\/wp-content\/uploads\/2024\/09\/TRIA-2020-02-900x600-1-768x512.jpg 768w, https:\/\/vetanco.com\/es\/wp-content\/uploads\/2024\/09\/TRIA-2020-02-900x600-1-510x340.jpg 510w\" sizes=\"auto, (max-width: 900px) 100vw, 900px\" \/><\/figure>\n\n\n\n<figure class=\"wp-block-image size-full\"><img loading=\"lazy\" decoding=\"async\" width=\"900\" height=\"506\" src=\"https:\/\/vetanco.com\/es\/wp-content\/uploads\/2024\/09\/TRIA-2020-21-900x506-1.jpg\" alt=\"\" class=\"wp-image-7298\" srcset=\"https:\/\/vetanco.com\/es\/wp-content\/uploads\/2024\/09\/TRIA-2020-21-900x506-1.jpg 900w, https:\/\/vetanco.com\/es\/wp-content\/uploads\/2024\/09\/TRIA-2020-21-900x506-1-300x169.jpg 300w, https:\/\/vetanco.com\/es\/wp-content\/uploads\/2024\/09\/TRIA-2020-21-900x506-1-768x432.jpg 768w, https:\/\/vetanco.com\/es\/wp-content\/uploads\/2024\/09\/TRIA-2020-21-900x506-1-510x287.jpg 510w\" sizes=\"auto, (max-width: 900px) 100vw, 900px\" \/><\/figure>\n\n\n\n<figure class=\"wp-block-image size-full\"><img loading=\"lazy\" decoding=\"async\" width=\"900\" height=\"600\" src=\"https:\/\/vetanco.com\/es\/wp-content\/uploads\/2024\/09\/TRIA-2020-01-900x600-1.jpg\" alt=\"\" class=\"wp-image-7299\" srcset=\"https:\/\/vetanco.com\/es\/wp-content\/uploads\/2024\/09\/TRIA-2020-01-900x600-1.jpg 900w, https:\/\/vetanco.com\/es\/wp-content\/uploads\/2024\/09\/TRIA-2020-01-900x600-1-300x200.jpg 300w, https:\/\/vetanco.com\/es\/wp-content\/uploads\/2024\/09\/TRIA-2020-01-900x600-1-768x512.jpg 768w, https:\/\/vetanco.com\/es\/wp-content\/uploads\/2024\/09\/TRIA-2020-01-900x600-1-510x340.jpg 510w\" sizes=\"auto, (max-width: 900px) 100vw, 900px\" \/><\/figure>\n\n\n\n<figure class=\"wp-block-image size-full\"><img loading=\"lazy\" decoding=\"async\" width=\"900\" height=\"600\" src=\"https:\/\/vetanco.com\/es\/wp-content\/uploads\/2024\/09\/TRIA-2020-16-900x600-1.jpg\" alt=\"\" class=\"wp-image-7300\" srcset=\"https:\/\/vetanco.com\/es\/wp-content\/uploads\/2024\/09\/TRIA-2020-16-900x600-1.jpg 900w, https:\/\/vetanco.com\/es\/wp-content\/uploads\/2024\/09\/TRIA-2020-16-900x600-1-300x200.jpg 300w, https:\/\/vetanco.com\/es\/wp-content\/uploads\/2024\/09\/TRIA-2020-16-900x600-1-768x512.jpg 768w, https:\/\/vetanco.com\/es\/wp-content\/uploads\/2024\/09\/TRIA-2020-16-900x600-1-510x340.jpg 510w\" sizes=\"auto, (max-width: 900px) 100vw, 900px\" \/><\/figure>\n\n\n\n<p>Creemos que este tipo de acciones no solo son una forma m\u00e1s de acercar posibilidades a qui\u00e9n no las tiene, sino un paso adelante para una sociedad m\u00e1s justa.<\/p>\n\n\n\n<p><strong>ADDeGRo&nbsp;(Amigxs por la Diversidad Deportiva General Rodr\u00edguez)&nbsp;<\/strong>es una Asociaci\u00f3n Civil creada el 4 de mayo de 2013 en la ciudad de General Rodr\u00edguez de la Pcia. de Buenos Aires, en el espacio f\u00edsico del Polideportivo Municipal Juan Antonio \u00c1vila, llevando a cabo la tarea de promover las pr\u00e1cticas deportivas, su desarrollo desde la empat\u00eda, equidad e inclusi\u00f3n social, brindando igualdad de oportunidades.<\/p>\n\n\n\n<p>Concurren ni\u00f1os y ni\u00f1as desde los 5 a\u00f1os, adolescentes, adultos y adultos mayores, se encuentren o no en situaci\u00f3n de vulnerabilidad, y\/o personas con discapacidad.&nbsp;Acompa\u00f1an las actividades profesores y profesoras de Educaci\u00f3n F\u00edsica; entrenadores y entrenadoras; personas con experiencia deportiva profesional, atletas que iniciaron su actividad en ADDeGRo y hoy eligen colaborar desde sus conocimientos vividos.&nbsp;Tambi\u00e9n cuenta con una Comisi\u00f3n Directiva, integrada por doce personas y subcomisiones de ATLETISMO, ATLETISMO MASTER, CICLISMO DE PISTA Y TURA y BOXEO.<\/p>\n\n\n\n<p>Su objetivo principal es concientizar sobre los beneficios que contribuye el deporte desde una vida saludable a procesos de socializaci\u00f3n.<\/p>\n","protected":false},"excerpt":{"rendered":"<p>En Febrero de 2020,&nbsp;Amigos por la Diversidad Deportiva&nbsp;llev\u00f3 a cabo&nbsp;el evento&nbsp;deportivo y solidario&nbsp;Triatl\u00f3n y Aguas Abiertas&nbsp;junto con la Direcci\u00f3n de Deportes de Gral. Rodr\u00edguez, el auspicio de la Municipalidad de Gral. Rodr\u00edguez, Vetanco&nbsp;y otras empresas de este partido, adem\u00e1s del apoyo de innumerables acompa\u00f1amientos individuales e incondicionales de quienes comparten esta pasi\u00f3n por el deporte. [&#8230;]\n","protected":false},"author":6,"featured_media":7297,"comment_status":"open","ping_status":"open","sticky":false,"template":"","format":"standard","meta":{"footnotes":""},"categories":[24],"tags":[93,94,41],"class_list":["post-7296","post","type-post","status-publish","format-standard","has-post-thumbnail","hentry","category-responsabilidad-social-empresaria","tag-addegro","tag-recaudacion","tag-vetanco"],"yoast_head":"<!-- This site is optimized with the Yoast SEO plugin v27.3 - https:\/\/yoast.com\/product\/yoast-seo-wordpress\/ -->\n<title>Inclusi\u00f3n deportiva: ADDeGRo y Vetanco trabajando juntos - Vetanco Argentina<\/title>\n<meta name=\"description\" content=\"Se trat\u00f3 del segundo evento de esta envergadura que esta Asociaci\u00f3n Civil realiza con el fin de recaudar fondos para un bien com\u00fan.\" \/>\n<meta name=\"robots\" content=\"index, follow, max-snippet:-1, max-image-preview:large, max-video-preview:-1\" \/>\n<link rel=\"canonical\" href=\"https:\/\/vetanco.com\/es\/inclusion-deportiva-addegro-y-vetanco-trabajando-juntos\/\" \/>\n<meta property=\"og:locale\" content=\"es_ES\" \/>\n<meta property=\"og:type\" content=\"article\" \/>\n<meta property=\"og:title\" content=\"Inclusi\u00f3n deportiva: ADDeGRo y Vetanco trabajando juntos - Vetanco Argentina\" \/>\n<meta property=\"og:description\" content=\"Se trat\u00f3 del segundo evento de esta envergadura que esta Asociaci\u00f3n Civil realiza con el fin de recaudar fondos para un bien com\u00fan.\" \/>\n<meta property=\"og:url\" content=\"https:\/\/vetanco.com\/es\/inclusion-deportiva-addegro-y-vetanco-trabajando-juntos\/\" \/>\n<meta property=\"og:site_name\" content=\"Vetanco Argentina\" \/>\n<meta property=\"article:publisher\" content=\"https:\/\/www.facebook.com\/vetancoargentina\" \/>\n<meta property=\"article:published_time\" content=\"2021-03-25T11:29:00+00:00\" \/>\n<meta property=\"article:modified_time\" content=\"2025-07-01T18:52:13+00:00\" \/>\n<meta property=\"og:image\" content=\"https:\/\/vetanco.com\/es\/wp-content\/uploads\/2024\/09\/TRIA-2020-02-900x600-1.jpg\" \/>\n\t<meta property=\"og:image:width\" content=\"900\" \/>\n\t<meta property=\"og:image:height\" content=\"600\" \/>\n\t<meta property=\"og:image:type\" content=\"image\/jpeg\" \/>\n<meta name=\"author\" content=\"evangelinamenghini\" \/>\n<meta name=\"twitter:card\" content=\"summary_large_image\" \/>\n<meta name=\"twitter:label1\" content=\"Escrito por\" \/>\n\t<meta name=\"twitter:data1\" content=\"evangelinamenghini\" \/>\n\t<meta name=\"twitter:label2\" content=\"Tiempo de lectura\" \/>\n\t<meta name=\"twitter:data2\" content=\"3 minutos\" \/>\n<script type=\"application\/ld+json\" class=\"yoast-schema-graph\">{\"@context\":\"https:\\\/\\\/schema.org\",\"@graph\":[{\"@type\":\"Article\",\"@id\":\"https:\\\/\\\/vetanco.com\\\/es\\\/inclusion-deportiva-addegro-y-vetanco-trabajando-juntos\\\/#article\",\"isPartOf\":{\"@id\":\"https:\\\/\\\/vetanco.com\\\/es\\\/inclusion-deportiva-addegro-y-vetanco-trabajando-juntos\\\/\"},\"author\":{\"name\":\"evangelinamenghini\",\"@id\":\"https:\\\/\\\/vetanco.com\\\/es\\\/#\\\/schema\\\/person\\\/4a333212148c551e5d1f9d99a5cbb716\"},\"headline\":\"Inclusi\u00f3n deportiva: ADDeGRo y Vetanco trabajando juntos\",\"datePublished\":\"2021-03-25T11:29:00+00:00\",\"dateModified\":\"2025-07-01T18:52:13+00:00\",\"mainEntityOfPage\":{\"@id\":\"https:\\\/\\\/vetanco.com\\\/es\\\/inclusion-deportiva-addegro-y-vetanco-trabajando-juntos\\\/\"},\"wordCount\":366,\"commentCount\":0,\"image\":{\"@id\":\"https:\\\/\\\/vetanco.com\\\/es\\\/inclusion-deportiva-addegro-y-vetanco-trabajando-juntos\\\/#primaryimage\"},\"thumbnailUrl\":\"https:\\\/\\\/vetanco.com\\\/es\\\/wp-content\\\/uploads\\\/2024\\\/09\\\/TRIA-2020-02-900x600-1.jpg\",\"keywords\":[\"ADDeGRo\",\"Recaudacion\",\"Vetanco\"],\"articleSection\":[\"Responsabilidad Social Empresaria\"],\"inLanguage\":\"es\",\"potentialAction\":[{\"@type\":\"CommentAction\",\"name\":\"Comment\",\"target\":[\"https:\\\/\\\/vetanco.com\\\/es\\\/inclusion-deportiva-addegro-y-vetanco-trabajando-juntos\\\/#respond\"]}]},{\"@type\":\"WebPage\",\"@id\":\"https:\\\/\\\/vetanco.com\\\/es\\\/inclusion-deportiva-addegro-y-vetanco-trabajando-juntos\\\/\",\"url\":\"https:\\\/\\\/vetanco.com\\\/es\\\/inclusion-deportiva-addegro-y-vetanco-trabajando-juntos\\\/\",\"name\":\"Inclusi\u00f3n deportiva: ADDeGRo y Vetanco trabajando juntos - Vetanco Argentina\",\"isPartOf\":{\"@id\":\"https:\\\/\\\/vetanco.com\\\/es\\\/#website\"},\"primaryImageOfPage\":{\"@id\":\"https:\\\/\\\/vetanco.com\\\/es\\\/inclusion-deportiva-addegro-y-vetanco-trabajando-juntos\\\/#primaryimage\"},\"image\":{\"@id\":\"https:\\\/\\\/vetanco.com\\\/es\\\/inclusion-deportiva-addegro-y-vetanco-trabajando-juntos\\\/#primaryimage\"},\"thumbnailUrl\":\"https:\\\/\\\/vetanco.com\\\/es\\\/wp-content\\\/uploads\\\/2024\\\/09\\\/TRIA-2020-02-900x600-1.jpg\",\"datePublished\":\"2021-03-25T11:29:00+00:00\",\"dateModified\":\"2025-07-01T18:52:13+00:00\",\"author\":{\"@id\":\"https:\\\/\\\/vetanco.com\\\/es\\\/#\\\/schema\\\/person\\\/4a333212148c551e5d1f9d99a5cbb716\"},\"description\":\"Se trat\u00f3 del segundo evento de esta envergadura que esta Asociaci\u00f3n Civil realiza con el fin de recaudar fondos para un bien com\u00fan.\",\"breadcrumb\":{\"@id\":\"https:\\\/\\\/vetanco.com\\\/es\\\/inclusion-deportiva-addegro-y-vetanco-trabajando-juntos\\\/#breadcrumb\"},\"inLanguage\":\"es\",\"potentialAction\":[{\"@type\":\"ReadAction\",\"target\":[\"https:\\\/\\\/vetanco.com\\\/es\\\/inclusion-deportiva-addegro-y-vetanco-trabajando-juntos\\\/\"]}]},{\"@type\":\"ImageObject\",\"inLanguage\":\"es\",\"@id\":\"https:\\\/\\\/vetanco.com\\\/es\\\/inclusion-deportiva-addegro-y-vetanco-trabajando-juntos\\\/#primaryimage\",\"url\":\"https:\\\/\\\/vetanco.com\\\/es\\\/wp-content\\\/uploads\\\/2024\\\/09\\\/TRIA-2020-02-900x600-1.jpg\",\"contentUrl\":\"https:\\\/\\\/vetanco.com\\\/es\\\/wp-content\\\/uploads\\\/2024\\\/09\\\/TRIA-2020-02-900x600-1.jpg\",\"width\":900,\"height\":600},{\"@type\":\"BreadcrumbList\",\"@id\":\"https:\\\/\\\/vetanco.com\\\/es\\\/inclusion-deportiva-addegro-y-vetanco-trabajando-juntos\\\/#breadcrumb\",\"itemListElement\":[{\"@type\":\"ListItem\",\"position\":1,\"name\":\"In\u00edcio\",\"item\":\"https:\\\/\\\/vetanco.com\\\/es\\\/\"},{\"@type\":\"ListItem\",\"position\":2,\"name\":\"Inclusi\u00f3n deportiva: ADDeGRo y Vetanco trabajando juntos\"}]},{\"@type\":\"WebSite\",\"@id\":\"https:\\\/\\\/vetanco.com\\\/es\\\/#website\",\"url\":\"https:\\\/\\\/vetanco.com\\\/es\\\/\",\"name\":\"Vetanco Argentina\",\"description\":\"Productos Seguros para Alimentos Seguros\",\"potentialAction\":[{\"@type\":\"SearchAction\",\"target\":{\"@type\":\"EntryPoint\",\"urlTemplate\":\"https:\\\/\\\/vetanco.com\\\/es\\\/?s={search_term_string}\"},\"query-input\":{\"@type\":\"PropertyValueSpecification\",\"valueRequired\":true,\"valueName\":\"search_term_string\"}}],\"inLanguage\":\"es\"},{\"@type\":\"Person\",\"@id\":\"https:\\\/\\\/vetanco.com\\\/es\\\/#\\\/schema\\\/person\\\/4a333212148c551e5d1f9d99a5cbb716\",\"name\":\"evangelinamenghini\",\"image\":{\"@type\":\"ImageObject\",\"inLanguage\":\"es\",\"@id\":\"https:\\\/\\\/secure.gravatar.com\\\/avatar\\\/08f726e9876e489e5034751b2c3ddf9c39dcd219012a94cd42e52ea935b5eeef?s=96&d=mm&r=g\",\"url\":\"https:\\\/\\\/secure.gravatar.com\\\/avatar\\\/08f726e9876e489e5034751b2c3ddf9c39dcd219012a94cd42e52ea935b5eeef?s=96&d=mm&r=g\",\"contentUrl\":\"https:\\\/\\\/secure.gravatar.com\\\/avatar\\\/08f726e9876e489e5034751b2c3ddf9c39dcd219012a94cd42e52ea935b5eeef?s=96&d=mm&r=g\",\"caption\":\"evangelinamenghini\"},\"url\":\"https:\\\/\\\/vetanco.com\\\/es\\\/author\\\/evangelinamenghini\\\/\"}]}<\/script>\n<!-- \/ Yoast SEO plugin. -->","yoast_head_json":{"title":"Inclusi\u00f3n deportiva: ADDeGRo y Vetanco trabajando juntos - Vetanco Argentina","description":"Se trat\u00f3 del segundo evento de esta envergadura que esta Asociaci\u00f3n Civil realiza con el fin de recaudar fondos para un bien com\u00fan.","robots":{"index":"index","follow":"follow","max-snippet":"max-snippet:-1","max-image-preview":"max-image-preview:large","max-video-preview":"max-video-preview:-1"},"canonical":"https:\/\/vetanco.com\/es\/inclusion-deportiva-addegro-y-vetanco-trabajando-juntos\/","og_locale":"es_ES","og_type":"article","og_title":"Inclusi\u00f3n deportiva: ADDeGRo y Vetanco trabajando juntos - Vetanco Argentina","og_description":"Se trat\u00f3 del segundo evento de esta envergadura que esta Asociaci\u00f3n Civil realiza con el fin de recaudar fondos para un bien com\u00fan.","og_url":"https:\/\/vetanco.com\/es\/inclusion-deportiva-addegro-y-vetanco-trabajando-juntos\/","og_site_name":"Vetanco Argentina","article_publisher":"https:\/\/www.facebook.com\/vetancoargentina","article_published_time":"2021-03-25T11:29:00+00:00","article_modified_time":"2025-07-01T18:52:13+00:00","og_image":[{"width":900,"height":600,"url":"https:\/\/vetanco.com\/es\/wp-content\/uploads\/2024\/09\/TRIA-2020-02-900x600-1.jpg","type":"image\/jpeg"}],"author":"evangelinamenghini","twitter_card":"summary_large_image","twitter_misc":{"Escrito por":"evangelinamenghini","Tiempo de lectura":"3 minutos"},"schema":{"@context":"https:\/\/schema.org","@graph":[{"@type":"Article","@id":"https:\/\/vetanco.com\/es\/inclusion-deportiva-addegro-y-vetanco-trabajando-juntos\/#article","isPartOf":{"@id":"https:\/\/vetanco.com\/es\/inclusion-deportiva-addegro-y-vetanco-trabajando-juntos\/"},"author":{"name":"evangelinamenghini","@id":"https:\/\/vetanco.com\/es\/#\/schema\/person\/4a333212148c551e5d1f9d99a5cbb716"},"headline":"Inclusi\u00f3n deportiva: ADDeGRo y Vetanco trabajando juntos","datePublished":"2021-03-25T11:29:00+00:00","dateModified":"2025-07-01T18:52:13+00:00","mainEntityOfPage":{"@id":"https:\/\/vetanco.com\/es\/inclusion-deportiva-addegro-y-vetanco-trabajando-juntos\/"},"wordCount":366,"commentCount":0,"image":{"@id":"https:\/\/vetanco.com\/es\/inclusion-deportiva-addegro-y-vetanco-trabajando-juntos\/#primaryimage"},"thumbnailUrl":"https:\/\/vetanco.com\/es\/wp-content\/uploads\/2024\/09\/TRIA-2020-02-900x600-1.jpg","keywords":["ADDeGRo","Recaudacion","Vetanco"],"articleSection":["Responsabilidad Social Empresaria"],"inLanguage":"es","potentialAction":[{"@type":"CommentAction","name":"Comment","target":["https:\/\/vetanco.com\/es\/inclusion-deportiva-addegro-y-vetanco-trabajando-juntos\/#respond"]}]},{"@type":"WebPage","@id":"https:\/\/vetanco.com\/es\/inclusion-deportiva-addegro-y-vetanco-trabajando-juntos\/","url":"https:\/\/vetanco.com\/es\/inclusion-deportiva-addegro-y-vetanco-trabajando-juntos\/","name":"Inclusi\u00f3n deportiva: ADDeGRo y Vetanco trabajando juntos - Vetanco Argentina","isPartOf":{"@id":"https:\/\/vetanco.com\/es\/#website"},"primaryImageOfPage":{"@id":"https:\/\/vetanco.com\/es\/inclusion-deportiva-addegro-y-vetanco-trabajando-juntos\/#primaryimage"},"image":{"@id":"https:\/\/vetanco.com\/es\/inclusion-deportiva-addegro-y-vetanco-trabajando-juntos\/#primaryimage"},"thumbnailUrl":"https:\/\/vetanco.com\/es\/wp-content\/uploads\/2024\/09\/TRIA-2020-02-900x600-1.jpg","datePublished":"2021-03-25T11:29:00+00:00","dateModified":"2025-07-01T18:52:13+00:00","author":{"@id":"https:\/\/vetanco.com\/es\/#\/schema\/person\/4a333212148c551e5d1f9d99a5cbb716"},"description":"Se trat\u00f3 del segundo evento de esta envergadura que esta Asociaci\u00f3n Civil realiza con el fin de recaudar fondos para un bien com\u00fan.","breadcrumb":{"@id":"https:\/\/vetanco.com\/es\/inclusion-deportiva-addegro-y-vetanco-trabajando-juntos\/#breadcrumb"},"inLanguage":"es","potentialAction":[{"@type":"ReadAction","target":["https:\/\/vetanco.com\/es\/inclusion-deportiva-addegro-y-vetanco-trabajando-juntos\/"]}]},{"@type":"ImageObject","inLanguage":"es","@id":"https:\/\/vetanco.com\/es\/inclusion-deportiva-addegro-y-vetanco-trabajando-juntos\/#primaryimage","url":"https:\/\/vetanco.com\/es\/wp-content\/uploads\/2024\/09\/TRIA-2020-02-900x600-1.jpg","contentUrl":"https:\/\/vetanco.com\/es\/wp-content\/uploads\/2024\/09\/TRIA-2020-02-900x600-1.jpg","width":900,"height":600},{"@type":"BreadcrumbList","@id":"https:\/\/vetanco.com\/es\/inclusion-deportiva-addegro-y-vetanco-trabajando-juntos\/#breadcrumb","itemListElement":[{"@type":"ListItem","position":1,"name":"In\u00edcio","item":"https:\/\/vetanco.com\/es\/"},{"@type":"ListItem","position":2,"name":"Inclusi\u00f3n deportiva: ADDeGRo y Vetanco trabajando juntos"}]},{"@type":"WebSite","@id":"https:\/\/vetanco.com\/es\/#website","url":"https:\/\/vetanco.com\/es\/","name":"Vetanco Argentina","description":"Productos Seguros para Alimentos Seguros","potentialAction":[{"@type":"SearchAction","target":{"@type":"EntryPoint","urlTemplate":"https:\/\/vetanco.com\/es\/?s={search_term_string}"},"query-input":{"@type":"PropertyValueSpecification","valueRequired":true,"valueName":"search_term_string"}}],"inLanguage":"es"},{"@type":"Person","@id":"https:\/\/vetanco.com\/es\/#\/schema\/person\/4a333212148c551e5d1f9d99a5cbb716","name":"evangelinamenghini","image":{"@type":"ImageObject","inLanguage":"es","@id":"https:\/\/secure.gravatar.com\/avatar\/08f726e9876e489e5034751b2c3ddf9c39dcd219012a94cd42e52ea935b5eeef?s=96&d=mm&r=g","url":"https:\/\/secure.gravatar.com\/avatar\/08f726e9876e489e5034751b2c3ddf9c39dcd219012a94cd42e52ea935b5eeef?s=96&d=mm&r=g","contentUrl":"https:\/\/secure.gravatar.com\/avatar\/08f726e9876e489e5034751b2c3ddf9c39dcd219012a94cd42e52ea935b5eeef?s=96&d=mm&r=g","caption":"evangelinamenghini"},"url":"https:\/\/vetanco.com\/es\/author\/evangelinamenghini\/"}]}},"_links":{"self":[{"href":"https:\/\/vetanco.com\/es\/wp-json\/wp\/v2\/posts\/7296","targetHints":{"allow":["GET"]}}],"collection":[{"href":"https:\/\/vetanco.com\/es\/wp-json\/wp\/v2\/posts"}],"about":[{"href":"https:\/\/vetanco.com\/es\/wp-json\/wp\/v2\/types\/post"}],"author":[{"embeddable":true,"href":"https:\/\/vetanco.com\/es\/wp-json\/wp\/v2\/users\/6"}],"replies":[{"embeddable":true,"href":"https:\/\/vetanco.com\/es\/wp-json\/wp\/v2\/comments?post=7296"}],"version-history":[{"count":4,"href":"https:\/\/vetanco.com\/es\/wp-json\/wp\/v2\/posts\/7296\/revisions"}],"predecessor-version":[{"id":14511,"href":"https:\/\/vetanco.com\/es\/wp-json\/wp\/v2\/posts\/7296\/revisions\/14511"}],"wp:featuredmedia":[{"embeddable":true,"href":"https:\/\/vetanco.com\/es\/wp-json\/wp\/v2\/media\/7297"}],"wp:attachment":[{"href":"https:\/\/vetanco.com\/es\/wp-json\/wp\/v2\/media?parent=7296"}],"wp:term":[{"taxonomy":"category","embeddable":true,"href":"https:\/\/vetanco.com\/es\/wp-json\/wp\/v2\/categories?post=7296"},{"taxonomy":"post_tag","embeddable":true,"href":"https:\/\/vetanco.com\/es\/wp-json\/wp\/v2\/tags?post=7296"}],"curies":[{"name":"wp","href":"https:\/\/api.w.org\/{rel}","templated":true}]}}