{"id":7446,"date":"2020-03-11T08:44:00","date_gmt":"2020-03-11T11:44:00","guid":{"rendered":"https:\/\/vetanco.com\/es\/?p=7446"},"modified":"2024-10-21T08:44:30","modified_gmt":"2024-10-21T11:44:30","slug":"vetanco-participo-la-primera-reunion-del-ano-del-gtpc","status":"publish","type":"post","link":"https:\/\/vetanco.com\/es\/vetanco-participo-la-primera-reunion-del-ano-del-gtpc\/","title":{"rendered":"Vetanco particip\u00f3 de la primera reuni\u00f3n del a\u00f1o del GTPC"},"content":{"rendered":"\n\n\n<p>El pasado martes 3 de marzo se llev\u00f3 a cabo la primera reuni\u00f3n del a\u00f1o\u00a0del\u00a0<strong>Grupo de T\u00e9cnicos y Productores de Cerdos del Sudeste de la Provincia de Buenos Aires<\/strong>\u00a0<strong>(GTPC)<\/strong>\u00a0en el Campus Universitario de Tandil para granjas y empresas adherentes.\u00a0 El programa del evento incluy\u00f3, una vez m\u00e1s, un\u00a0taller auspiciado por\u00a0<strong>Vetanco<\/strong>\u00a0donde el Gerente de Recursos Humanos, Lic. Carlos Nieva, se refiri\u00f3 a los\u00a0<strong>Factores claves\u00a0en equipos de alto rendimiento: la adaptaci\u00f3n al cambio, la comunicaci\u00f3n y la proactividad.<\/strong><\/p>\n\n\n\n<figure class=\"wp-block-image size-large\"><img loading=\"lazy\" decoding=\"async\" width=\"1024\" height=\"768\" src=\"https:\/\/vetanco.com\/es\/wp-content\/uploads\/2024\/09\/Si-1-1024x768.jpeg\" alt=\"\" class=\"wp-image-7447\" srcset=\"https:\/\/vetanco.com\/es\/wp-content\/uploads\/2024\/09\/Si-1-1024x768.jpeg 1024w, https:\/\/vetanco.com\/es\/wp-content\/uploads\/2024\/09\/Si-1-300x225.jpeg 300w, https:\/\/vetanco.com\/es\/wp-content\/uploads\/2024\/09\/Si-1-768x576.jpeg 768w, https:\/\/vetanco.com\/es\/wp-content\/uploads\/2024\/09\/Si-1-510x383.jpeg 510w, https:\/\/vetanco.com\/es\/wp-content\/uploads\/2024\/09\/Si-1.jpeg 1280w\" sizes=\"auto, (max-width: 1024px) 100vw, 1024px\" \/><\/figure>\n\n\n\n<figure class=\"wp-block-image size-large\"><img loading=\"lazy\" decoding=\"async\" width=\"1024\" height=\"768\" src=\"https:\/\/vetanco.com\/es\/wp-content\/uploads\/2024\/09\/Si-3-1024x768.jpeg\" alt=\"\" class=\"wp-image-7448\" srcset=\"https:\/\/vetanco.com\/es\/wp-content\/uploads\/2024\/09\/Si-3-1024x768.jpeg 1024w, https:\/\/vetanco.com\/es\/wp-content\/uploads\/2024\/09\/Si-3-300x225.jpeg 300w, https:\/\/vetanco.com\/es\/wp-content\/uploads\/2024\/09\/Si-3-768x576.jpeg 768w, https:\/\/vetanco.com\/es\/wp-content\/uploads\/2024\/09\/Si-3-510x383.jpeg 510w, https:\/\/vetanco.com\/es\/wp-content\/uploads\/2024\/09\/Si-3.jpeg 1280w\" sizes=\"auto, (max-width: 1024px) 100vw, 1024px\" \/><\/figure>\n\n\n\n<figure class=\"wp-block-image size-large\"><img loading=\"lazy\" decoding=\"async\" width=\"1024\" height=\"768\" src=\"https:\/\/vetanco.com\/es\/wp-content\/uploads\/2024\/09\/Si-2-1024x768.jpeg\" alt=\"\" class=\"wp-image-7449\" srcset=\"https:\/\/vetanco.com\/es\/wp-content\/uploads\/2024\/09\/Si-2-1024x768.jpeg 1024w, https:\/\/vetanco.com\/es\/wp-content\/uploads\/2024\/09\/Si-2-300x225.jpeg 300w, https:\/\/vetanco.com\/es\/wp-content\/uploads\/2024\/09\/Si-2-768x576.jpeg 768w, https:\/\/vetanco.com\/es\/wp-content\/uploads\/2024\/09\/Si-2-510x383.jpeg 510w, https:\/\/vetanco.com\/es\/wp-content\/uploads\/2024\/09\/Si-2.jpeg 1280w\" sizes=\"auto, (max-width: 1024px) 100vw, 1024px\" \/><\/figure>\n\n\n\n<figure class=\"wp-block-image size-large\"><img loading=\"lazy\" decoding=\"async\" width=\"1024\" height=\"768\" src=\"https:\/\/vetanco.com\/es\/wp-content\/uploads\/2024\/09\/Si-5-1024x768.jpeg\" alt=\"\" class=\"wp-image-7450\" srcset=\"https:\/\/vetanco.com\/es\/wp-content\/uploads\/2024\/09\/Si-5-1024x768.jpeg 1024w, https:\/\/vetanco.com\/es\/wp-content\/uploads\/2024\/09\/Si-5-300x225.jpeg 300w, https:\/\/vetanco.com\/es\/wp-content\/uploads\/2024\/09\/Si-5-768x576.jpeg 768w, https:\/\/vetanco.com\/es\/wp-content\/uploads\/2024\/09\/Si-5-510x383.jpeg 510w, https:\/\/vetanco.com\/es\/wp-content\/uploads\/2024\/09\/Si-5.jpeg 1280w\" sizes=\"auto, (max-width: 1024px) 100vw, 1024px\" \/><\/figure>\n\n\n\n<p>Durante&nbsp;la jornada tambi\u00e9n tuvo lugar la charla acerca de&nbsp;<strong>Nuevas Tecnolog\u00edas en sitio 1: aspectos pr\u00e1cticos<\/strong>, a cargo de Andr\u00e9s Est\u00e9vez (Ensolpigs). Finalmente, se realiz\u00f3 una reuni\u00f3n informativa para granjas y empresas donde se presentaron a Granja La Maceta y Granja Porsuis.<\/p>\n\n\n\n<figure class=\"wp-block-image size-large\"><img loading=\"lazy\" decoding=\"async\" width=\"1024\" height=\"576\" src=\"https:\/\/vetanco.com\/es\/wp-content\/uploads\/2024\/09\/Si-4-1024x576.jpeg\" alt=\"\" class=\"wp-image-7451\" srcset=\"https:\/\/vetanco.com\/es\/wp-content\/uploads\/2024\/09\/Si-4-1024x576.jpeg 1024w, https:\/\/vetanco.com\/es\/wp-content\/uploads\/2024\/09\/Si-4-300x169.jpeg 300w, https:\/\/vetanco.com\/es\/wp-content\/uploads\/2024\/09\/Si-4-768x432.jpeg 768w, https:\/\/vetanco.com\/es\/wp-content\/uploads\/2024\/09\/Si-4-510x287.jpeg 510w, https:\/\/vetanco.com\/es\/wp-content\/uploads\/2024\/09\/Si-4.jpeg 1040w\" sizes=\"auto, (max-width: 1024px) 100vw, 1024px\" \/><\/figure>\n\n\n\n<p>Agradecemos a todos los asistentes por su activa participaci\u00f3n y al GTPC por invitarnos y permitirnos ser parte.<\/p>\n","protected":false},"excerpt":{"rendered":"<p>El pasado martes 3 de marzo se llev\u00f3 a cabo la primera reuni\u00f3n del a\u00f1o\u00a0del\u00a0Grupo de T\u00e9cnicos y Productores de Cerdos del Sudeste de la Provincia de Buenos Aires\u00a0(GTPC)\u00a0en el Campus Universitario de Tandil para granjas y empresas adherentes.\u00a0 El programa del evento incluy\u00f3, una vez m\u00e1s, un\u00a0taller auspiciado por\u00a0Vetanco\u00a0donde el Gerente de Recursos Humanos, [&#8230;]\n","protected":false},"author":6,"featured_media":7450,"comment_status":"open","ping_status":"open","sticky":false,"template":"","format":"standard","meta":{"footnotes":""},"categories":[32,30,31],"tags":[169,168,41],"class_list":["post-7446","post","type-post","status-publish","format-standard","has-post-thumbnail","hentry","category-charlas-tecnicas","category-eventos","category-novedades","tag-grupo-de-tecnicos-y-productores-de-cerdos-del-sudeste-de-la-provincia-de-buenos-aires","tag-gtpc","tag-vetanco"],"yoast_head":"<!-- This site is optimized with the Yoast SEO plugin v27.3 - https:\/\/yoast.com\/product\/yoast-seo-wordpress\/ -->\n<title>Vetanco particip\u00f3 de la primera reuni\u00f3n del a\u00f1o del GTPC - Vetanco Argentina<\/title>\n<meta name=\"description\" content=\"La misma se llevo a cabo el martes 3 de marzo en el Campus Universitario de Tandil para granjas y empresas adherentes.\" \/>\n<meta name=\"robots\" content=\"index, follow, max-snippet:-1, max-image-preview:large, max-video-preview:-1\" \/>\n<link rel=\"canonical\" href=\"https:\/\/vetanco.com\/es\/vetanco-participo-la-primera-reunion-del-ano-del-gtpc\/\" \/>\n<meta property=\"og:locale\" content=\"es_ES\" \/>\n<meta property=\"og:type\" content=\"article\" \/>\n<meta property=\"og:title\" content=\"Vetanco particip\u00f3 de la primera reuni\u00f3n del a\u00f1o del GTPC - Vetanco Argentina\" \/>\n<meta property=\"og:description\" content=\"La misma se llevo a cabo el martes 3 de marzo en el Campus Universitario de Tandil para granjas y empresas adherentes.\" \/>\n<meta property=\"og:url\" content=\"https:\/\/vetanco.com\/es\/vetanco-participo-la-primera-reunion-del-ano-del-gtpc\/\" \/>\n<meta property=\"og:site_name\" content=\"Vetanco Argentina\" \/>\n<meta property=\"article:publisher\" content=\"https:\/\/www.facebook.com\/vetancoargentina\" \/>\n<meta property=\"article:published_time\" content=\"2020-03-11T11:44:00+00:00\" \/>\n<meta property=\"article:modified_time\" content=\"2024-10-21T11:44:30+00:00\" \/>\n<meta property=\"og:image\" content=\"https:\/\/vetanco.com\/es\/wp-content\/uploads\/2024\/09\/Si-5.jpeg\" \/>\n\t<meta property=\"og:image:width\" content=\"1280\" \/>\n\t<meta property=\"og:image:height\" content=\"960\" \/>\n\t<meta property=\"og:image:type\" content=\"image\/jpeg\" \/>\n<meta name=\"author\" content=\"evangelinamenghini\" \/>\n<meta name=\"twitter:card\" content=\"summary_large_image\" \/>\n<meta name=\"twitter:label1\" content=\"Escrito por\" \/>\n\t<meta name=\"twitter:data1\" content=\"evangelinamenghini\" \/>\n\t<meta name=\"twitter:label2\" content=\"Tiempo de lectura\" \/>\n\t<meta name=\"twitter:data2\" content=\"2 minutos\" \/>\n<script type=\"application\/ld+json\" class=\"yoast-schema-graph\">{\"@context\":\"https:\\\/\\\/schema.org\",\"@graph\":[{\"@type\":\"Article\",\"@id\":\"https:\\\/\\\/vetanco.com\\\/es\\\/vetanco-participo-la-primera-reunion-del-ano-del-gtpc\\\/#article\",\"isPartOf\":{\"@id\":\"https:\\\/\\\/vetanco.com\\\/es\\\/vetanco-participo-la-primera-reunion-del-ano-del-gtpc\\\/\"},\"author\":{\"name\":\"evangelinamenghini\",\"@id\":\"https:\\\/\\\/vetanco.com\\\/es\\\/#\\\/schema\\\/person\\\/4a333212148c551e5d1f9d99a5cbb716\"},\"headline\":\"Vetanco particip\u00f3 de la primera reuni\u00f3n del a\u00f1o del GTPC\",\"datePublished\":\"2020-03-11T11:44:00+00:00\",\"dateModified\":\"2024-10-21T11:44:30+00:00\",\"mainEntityOfPage\":{\"@id\":\"https:\\\/\\\/vetanco.com\\\/es\\\/vetanco-participo-la-primera-reunion-del-ano-del-gtpc\\\/\"},\"wordCount\":171,\"commentCount\":0,\"image\":{\"@id\":\"https:\\\/\\\/vetanco.com\\\/es\\\/vetanco-participo-la-primera-reunion-del-ano-del-gtpc\\\/#primaryimage\"},\"thumbnailUrl\":\"https:\\\/\\\/vetanco.com\\\/es\\\/wp-content\\\/uploads\\\/2024\\\/09\\\/Si-5.jpeg\",\"keywords\":[\"Grupo de T\u00e9cnicos y Productores de Cerdos del Sudeste de la Provincia de Buenos Aires\",\"GTPC\",\"Vetanco\"],\"articleSection\":[\"Charlas T\u00e9cnicas\",\"Eventos\",\"Novedades\"],\"inLanguage\":\"es\",\"potentialAction\":[{\"@type\":\"CommentAction\",\"name\":\"Comment\",\"target\":[\"https:\\\/\\\/vetanco.com\\\/es\\\/vetanco-participo-la-primera-reunion-del-ano-del-gtpc\\\/#respond\"]}]},{\"@type\":\"WebPage\",\"@id\":\"https:\\\/\\\/vetanco.com\\\/es\\\/vetanco-participo-la-primera-reunion-del-ano-del-gtpc\\\/\",\"url\":\"https:\\\/\\\/vetanco.com\\\/es\\\/vetanco-participo-la-primera-reunion-del-ano-del-gtpc\\\/\",\"name\":\"Vetanco particip\u00f3 de la primera reuni\u00f3n del a\u00f1o del GTPC - Vetanco Argentina\",\"isPartOf\":{\"@id\":\"https:\\\/\\\/vetanco.com\\\/es\\\/#website\"},\"primaryImageOfPage\":{\"@id\":\"https:\\\/\\\/vetanco.com\\\/es\\\/vetanco-participo-la-primera-reunion-del-ano-del-gtpc\\\/#primaryimage\"},\"image\":{\"@id\":\"https:\\\/\\\/vetanco.com\\\/es\\\/vetanco-participo-la-primera-reunion-del-ano-del-gtpc\\\/#primaryimage\"},\"thumbnailUrl\":\"https:\\\/\\\/vetanco.com\\\/es\\\/wp-content\\\/uploads\\\/2024\\\/09\\\/Si-5.jpeg\",\"datePublished\":\"2020-03-11T11:44:00+00:00\",\"dateModified\":\"2024-10-21T11:44:30+00:00\",\"author\":{\"@id\":\"https:\\\/\\\/vetanco.com\\\/es\\\/#\\\/schema\\\/person\\\/4a333212148c551e5d1f9d99a5cbb716\"},\"description\":\"La misma se llevo a cabo el martes 3 de marzo en el Campus Universitario de Tandil para granjas y empresas adherentes.\",\"breadcrumb\":{\"@id\":\"https:\\\/\\\/vetanco.com\\\/es\\\/vetanco-participo-la-primera-reunion-del-ano-del-gtpc\\\/#breadcrumb\"},\"inLanguage\":\"es\",\"potentialAction\":[{\"@type\":\"ReadAction\",\"target\":[\"https:\\\/\\\/vetanco.com\\\/es\\\/vetanco-participo-la-primera-reunion-del-ano-del-gtpc\\\/\"]}]},{\"@type\":\"ImageObject\",\"inLanguage\":\"es\",\"@id\":\"https:\\\/\\\/vetanco.com\\\/es\\\/vetanco-participo-la-primera-reunion-del-ano-del-gtpc\\\/#primaryimage\",\"url\":\"https:\\\/\\\/vetanco.com\\\/es\\\/wp-content\\\/uploads\\\/2024\\\/09\\\/Si-5.jpeg\",\"contentUrl\":\"https:\\\/\\\/vetanco.com\\\/es\\\/wp-content\\\/uploads\\\/2024\\\/09\\\/Si-5.jpeg\",\"width\":1280,\"height\":960},{\"@type\":\"BreadcrumbList\",\"@id\":\"https:\\\/\\\/vetanco.com\\\/es\\\/vetanco-participo-la-primera-reunion-del-ano-del-gtpc\\\/#breadcrumb\",\"itemListElement\":[{\"@type\":\"ListItem\",\"position\":1,\"name\":\"In\u00edcio\",\"item\":\"https:\\\/\\\/vetanco.com\\\/es\\\/\"},{\"@type\":\"ListItem\",\"position\":2,\"name\":\"Vetanco particip\u00f3 de la primera reuni\u00f3n del a\u00f1o del GTPC\"}]},{\"@type\":\"WebSite\",\"@id\":\"https:\\\/\\\/vetanco.com\\\/es\\\/#website\",\"url\":\"https:\\\/\\\/vetanco.com\\\/es\\\/\",\"name\":\"Vetanco Argentina\",\"description\":\"Productos Seguros para Alimentos Seguros\",\"potentialAction\":[{\"@type\":\"SearchAction\",\"target\":{\"@type\":\"EntryPoint\",\"urlTemplate\":\"https:\\\/\\\/vetanco.com\\\/es\\\/?s={search_term_string}\"},\"query-input\":{\"@type\":\"PropertyValueSpecification\",\"valueRequired\":true,\"valueName\":\"search_term_string\"}}],\"inLanguage\":\"es\"},{\"@type\":\"Person\",\"@id\":\"https:\\\/\\\/vetanco.com\\\/es\\\/#\\\/schema\\\/person\\\/4a333212148c551e5d1f9d99a5cbb716\",\"name\":\"evangelinamenghini\",\"image\":{\"@type\":\"ImageObject\",\"inLanguage\":\"es\",\"@id\":\"https:\\\/\\\/secure.gravatar.com\\\/avatar\\\/08f726e9876e489e5034751b2c3ddf9c39dcd219012a94cd42e52ea935b5eeef?s=96&d=mm&r=g\",\"url\":\"https:\\\/\\\/secure.gravatar.com\\\/avatar\\\/08f726e9876e489e5034751b2c3ddf9c39dcd219012a94cd42e52ea935b5eeef?s=96&d=mm&r=g\",\"contentUrl\":\"https:\\\/\\\/secure.gravatar.com\\\/avatar\\\/08f726e9876e489e5034751b2c3ddf9c39dcd219012a94cd42e52ea935b5eeef?s=96&d=mm&r=g\",\"caption\":\"evangelinamenghini\"},\"url\":\"https:\\\/\\\/vetanco.com\\\/es\\\/author\\\/evangelinamenghini\\\/\"}]}<\/script>\n<!-- \/ Yoast SEO plugin. -->","yoast_head_json":{"title":"Vetanco particip\u00f3 de la primera reuni\u00f3n del a\u00f1o del GTPC - Vetanco Argentina","description":"La misma se llevo a cabo el martes 3 de marzo en el Campus Universitario de Tandil para granjas y empresas adherentes.","robots":{"index":"index","follow":"follow","max-snippet":"max-snippet:-1","max-image-preview":"max-image-preview:large","max-video-preview":"max-video-preview:-1"},"canonical":"https:\/\/vetanco.com\/es\/vetanco-participo-la-primera-reunion-del-ano-del-gtpc\/","og_locale":"es_ES","og_type":"article","og_title":"Vetanco particip\u00f3 de la primera reuni\u00f3n del a\u00f1o del GTPC - Vetanco Argentina","og_description":"La misma se llevo a cabo el martes 3 de marzo en el Campus Universitario de Tandil para granjas y empresas adherentes.","og_url":"https:\/\/vetanco.com\/es\/vetanco-participo-la-primera-reunion-del-ano-del-gtpc\/","og_site_name":"Vetanco Argentina","article_publisher":"https:\/\/www.facebook.com\/vetancoargentina","article_published_time":"2020-03-11T11:44:00+00:00","article_modified_time":"2024-10-21T11:44:30+00:00","og_image":[{"width":1280,"height":960,"url":"https:\/\/vetanco.com\/es\/wp-content\/uploads\/2024\/09\/Si-5.jpeg","type":"image\/jpeg"}],"author":"evangelinamenghini","twitter_card":"summary_large_image","twitter_misc":{"Escrito por":"evangelinamenghini","Tiempo de lectura":"2 minutos"},"schema":{"@context":"https:\/\/schema.org","@graph":[{"@type":"Article","@id":"https:\/\/vetanco.com\/es\/vetanco-participo-la-primera-reunion-del-ano-del-gtpc\/#article","isPartOf":{"@id":"https:\/\/vetanco.com\/es\/vetanco-participo-la-primera-reunion-del-ano-del-gtpc\/"},"author":{"name":"evangelinamenghini","@id":"https:\/\/vetanco.com\/es\/#\/schema\/person\/4a333212148c551e5d1f9d99a5cbb716"},"headline":"Vetanco particip\u00f3 de la primera reuni\u00f3n del a\u00f1o del GTPC","datePublished":"2020-03-11T11:44:00+00:00","dateModified":"2024-10-21T11:44:30+00:00","mainEntityOfPage":{"@id":"https:\/\/vetanco.com\/es\/vetanco-participo-la-primera-reunion-del-ano-del-gtpc\/"},"wordCount":171,"commentCount":0,"image":{"@id":"https:\/\/vetanco.com\/es\/vetanco-participo-la-primera-reunion-del-ano-del-gtpc\/#primaryimage"},"thumbnailUrl":"https:\/\/vetanco.com\/es\/wp-content\/uploads\/2024\/09\/Si-5.jpeg","keywords":["Grupo de T\u00e9cnicos y Productores de Cerdos del Sudeste de la Provincia de Buenos Aires","GTPC","Vetanco"],"articleSection":["Charlas T\u00e9cnicas","Eventos","Novedades"],"inLanguage":"es","potentialAction":[{"@type":"CommentAction","name":"Comment","target":["https:\/\/vetanco.com\/es\/vetanco-participo-la-primera-reunion-del-ano-del-gtpc\/#respond"]}]},{"@type":"WebPage","@id":"https:\/\/vetanco.com\/es\/vetanco-participo-la-primera-reunion-del-ano-del-gtpc\/","url":"https:\/\/vetanco.com\/es\/vetanco-participo-la-primera-reunion-del-ano-del-gtpc\/","name":"Vetanco particip\u00f3 de la primera reuni\u00f3n del a\u00f1o del GTPC - Vetanco Argentina","isPartOf":{"@id":"https:\/\/vetanco.com\/es\/#website"},"primaryImageOfPage":{"@id":"https:\/\/vetanco.com\/es\/vetanco-participo-la-primera-reunion-del-ano-del-gtpc\/#primaryimage"},"image":{"@id":"https:\/\/vetanco.com\/es\/vetanco-participo-la-primera-reunion-del-ano-del-gtpc\/#primaryimage"},"thumbnailUrl":"https:\/\/vetanco.com\/es\/wp-content\/uploads\/2024\/09\/Si-5.jpeg","datePublished":"2020-03-11T11:44:00+00:00","dateModified":"2024-10-21T11:44:30+00:00","author":{"@id":"https:\/\/vetanco.com\/es\/#\/schema\/person\/4a333212148c551e5d1f9d99a5cbb716"},"description":"La misma se llevo a cabo el martes 3 de marzo en el Campus Universitario de Tandil para granjas y empresas adherentes.","breadcrumb":{"@id":"https:\/\/vetanco.com\/es\/vetanco-participo-la-primera-reunion-del-ano-del-gtpc\/#breadcrumb"},"inLanguage":"es","potentialAction":[{"@type":"ReadAction","target":["https:\/\/vetanco.com\/es\/vetanco-participo-la-primera-reunion-del-ano-del-gtpc\/"]}]},{"@type":"ImageObject","inLanguage":"es","@id":"https:\/\/vetanco.com\/es\/vetanco-participo-la-primera-reunion-del-ano-del-gtpc\/#primaryimage","url":"https:\/\/vetanco.com\/es\/wp-content\/uploads\/2024\/09\/Si-5.jpeg","contentUrl":"https:\/\/vetanco.com\/es\/wp-content\/uploads\/2024\/09\/Si-5.jpeg","width":1280,"height":960},{"@type":"BreadcrumbList","@id":"https:\/\/vetanco.com\/es\/vetanco-participo-la-primera-reunion-del-ano-del-gtpc\/#breadcrumb","itemListElement":[{"@type":"ListItem","position":1,"name":"In\u00edcio","item":"https:\/\/vetanco.com\/es\/"},{"@type":"ListItem","position":2,"name":"Vetanco particip\u00f3 de la primera reuni\u00f3n del a\u00f1o del GTPC"}]},{"@type":"WebSite","@id":"https:\/\/vetanco.com\/es\/#website","url":"https:\/\/vetanco.com\/es\/","name":"Vetanco Argentina","description":"Productos Seguros para Alimentos Seguros","potentialAction":[{"@type":"SearchAction","target":{"@type":"EntryPoint","urlTemplate":"https:\/\/vetanco.com\/es\/?s={search_term_string}"},"query-input":{"@type":"PropertyValueSpecification","valueRequired":true,"valueName":"search_term_string"}}],"inLanguage":"es"},{"@type":"Person","@id":"https:\/\/vetanco.com\/es\/#\/schema\/person\/4a333212148c551e5d1f9d99a5cbb716","name":"evangelinamenghini","image":{"@type":"ImageObject","inLanguage":"es","@id":"https:\/\/secure.gravatar.com\/avatar\/08f726e9876e489e5034751b2c3ddf9c39dcd219012a94cd42e52ea935b5eeef?s=96&d=mm&r=g","url":"https:\/\/secure.gravatar.com\/avatar\/08f726e9876e489e5034751b2c3ddf9c39dcd219012a94cd42e52ea935b5eeef?s=96&d=mm&r=g","contentUrl":"https:\/\/secure.gravatar.com\/avatar\/08f726e9876e489e5034751b2c3ddf9c39dcd219012a94cd42e52ea935b5eeef?s=96&d=mm&r=g","caption":"evangelinamenghini"},"url":"https:\/\/vetanco.com\/es\/author\/evangelinamenghini\/"}]}},"_links":{"self":[{"href":"https:\/\/vetanco.com\/es\/wp-json\/wp\/v2\/posts\/7446","targetHints":{"allow":["GET"]}}],"collection":[{"href":"https:\/\/vetanco.com\/es\/wp-json\/wp\/v2\/posts"}],"about":[{"href":"https:\/\/vetanco.com\/es\/wp-json\/wp\/v2\/types\/post"}],"author":[{"embeddable":true,"href":"https:\/\/vetanco.com\/es\/wp-json\/wp\/v2\/users\/6"}],"replies":[{"embeddable":true,"href":"https:\/\/vetanco.com\/es\/wp-json\/wp\/v2\/comments?post=7446"}],"version-history":[{"count":1,"href":"https:\/\/vetanco.com\/es\/wp-json\/wp\/v2\/posts\/7446\/revisions"}],"predecessor-version":[{"id":7452,"href":"https:\/\/vetanco.com\/es\/wp-json\/wp\/v2\/posts\/7446\/revisions\/7452"}],"wp:featuredmedia":[{"embeddable":true,"href":"https:\/\/vetanco.com\/es\/wp-json\/wp\/v2\/media\/7450"}],"wp:attachment":[{"href":"https:\/\/vetanco.com\/es\/wp-json\/wp\/v2\/media?parent=7446"}],"wp:term":[{"taxonomy":"category","embeddable":true,"href":"https:\/\/vetanco.com\/es\/wp-json\/wp\/v2\/categories?post=7446"},{"taxonomy":"post_tag","embeddable":true,"href":"https:\/\/vetanco.com\/es\/wp-json\/wp\/v2\/tags?post=7446"}],"curies":[{"name":"wp","href":"https:\/\/api.w.org\/{rel}","templated":true}]}}