{"id":7556,"date":"2019-11-07T12:23:00","date_gmt":"2019-11-07T15:23:00","guid":{"rendered":"https:\/\/vetanco.com\/es\/?p=7556"},"modified":"2024-12-12T12:20:28","modified_gmt":"2024-12-12T15:20:28","slug":"la-presencia-palabras-carlos-nieva-se-realizo-cierre-del-ano-del-procagra-federal","status":"publish","type":"post","link":"https:\/\/vetanco.com\/es\/la-presencia-palabras-carlos-nieva-se-realizo-cierre-del-ano-del-procagra-federal\/","title":{"rendered":"Con la presencia y palabras de Carlos Nieva se realiz\u00f3 el cierre del a\u00f1o del Procagra Federal"},"content":{"rendered":"\n\n\n<p>El\u00a0<strong>Programa de Capacitaci\u00f3n Gratuita (Procagra)<\/strong>\u00a0cerr\u00f3 su d\u00e9cimo primera edici\u00f3n, con la satisfacci\u00f3n de sus organizadores de haber brindado formaci\u00f3n pre profesional a decenas de estudiantes universitarios y haber facilitado el acceso a su primer trabajo.\u00a0 Se trata de un programa de inclusi\u00f3n social inteligente, que contribuye a la formaci\u00f3n y preparaci\u00f3n de estudiantes universitarios para la obtenci\u00f3n de su primera fuente laboral, mediante la inserci\u00f3n participativa en el tejido estructural del sector privado, social y estatal.<\/p>\n\n\n\n<figure class=\"wp-block-image size-full\"><img loading=\"lazy\" decoding=\"async\" width=\"1024\" height=\"680\" src=\"https:\/\/vetanco.com\/es\/wp-content\/uploads\/2024\/09\/49028636797dfde393c13o-1024x680-1.jpg\" alt=\"\" class=\"wp-image-7557\" srcset=\"https:\/\/vetanco.com\/es\/wp-content\/uploads\/2024\/09\/49028636797dfde393c13o-1024x680-1.jpg 1024w, https:\/\/vetanco.com\/es\/wp-content\/uploads\/2024\/09\/49028636797dfde393c13o-1024x680-1-300x199.jpg 300w, https:\/\/vetanco.com\/es\/wp-content\/uploads\/2024\/09\/49028636797dfde393c13o-1024x680-1-768x510.jpg 768w, https:\/\/vetanco.com\/es\/wp-content\/uploads\/2024\/09\/49028636797dfde393c13o-1024x680-1-510x339.jpg 510w\" sizes=\"auto, (max-width: 1024px) 100vw, 1024px\" \/><\/figure>\n\n\n\n<p>El\u00a0<strong>Procagra<\/strong>\u00a0es un plan federal que tiene el objetivo de estimular y promover el intercambio cient\u00edfico-tecnol\u00f3gico que generan y ofrecen los once institutos del CNIA del INTA Castelar.<\/p>\n\n\n\n<figure class=\"wp-block-image size-full\"><img loading=\"lazy\" decoding=\"async\" width=\"1024\" height=\"680\" src=\"https:\/\/vetanco.com\/es\/wp-content\/uploads\/2024\/09\/49027913223d75b32b8dao-1024x680-1.jpg\" alt=\"\" class=\"wp-image-7558\" srcset=\"https:\/\/vetanco.com\/es\/wp-content\/uploads\/2024\/09\/49027913223d75b32b8dao-1024x680-1.jpg 1024w, https:\/\/vetanco.com\/es\/wp-content\/uploads\/2024\/09\/49027913223d75b32b8dao-1024x680-1-300x199.jpg 300w, https:\/\/vetanco.com\/es\/wp-content\/uploads\/2024\/09\/49027913223d75b32b8dao-1024x680-1-768x510.jpg 768w, https:\/\/vetanco.com\/es\/wp-content\/uploads\/2024\/09\/49027913223d75b32b8dao-1024x680-1-510x339.jpg 510w\" sizes=\"auto, (max-width: 1024px) 100vw, 1024px\" \/><\/figure>\n\n\n\n<figure class=\"wp-block-image size-full\"><img loading=\"lazy\" decoding=\"async\" width=\"1024\" height=\"680\" src=\"https:\/\/vetanco.com\/es\/wp-content\/uploads\/2024\/09\/490286365975e11c52f68o-1024x680-1.jpg\" alt=\"\" class=\"wp-image-7559\" srcset=\"https:\/\/vetanco.com\/es\/wp-content\/uploads\/2024\/09\/490286365975e11c52f68o-1024x680-1.jpg 1024w, https:\/\/vetanco.com\/es\/wp-content\/uploads\/2024\/09\/490286365975e11c52f68o-1024x680-1-300x199.jpg 300w, https:\/\/vetanco.com\/es\/wp-content\/uploads\/2024\/09\/490286365975e11c52f68o-1024x680-1-768x510.jpg 768w, https:\/\/vetanco.com\/es\/wp-content\/uploads\/2024\/09\/490286365975e11c52f68o-1024x680-1-510x339.jpg 510w\" sizes=\"auto, (max-width: 1024px) 100vw, 1024px\" \/><\/figure>\n\n\n\n<p>El cierre de la 11\u00b0 edici\u00f3n, cont\u00f3 con la presencia del presidente del INTA, Juan Balb\u00edn, y del vicepresidente Mariano Bosch, adem\u00e1s de Rub\u00e9n Luiz de la Fundaci\u00f3n ArgenINTA y&nbsp;<strong>Carlos Nieva de Vetanco, empresa auspiciante del programa<\/strong>. Tambi\u00e9n estuvieron presentes directores de Centro, Institutos y tutores.<\/p>\n\n\n\n<p>El director del Centro de Investigaci\u00f3n de Recursos Naturales (CIRN), Pablo Mercuri, dio las palabras de bienvenida: \u201cEs un programa que nos lleva mucha alegr\u00eda y emoci\u00f3n, porque tiene que ver con cumplir una de las misiones fundamentales del INTA: transferir el conocimiento. Es un programa muy generoso, con investigadores de primera l\u00ednea de la instituci\u00f3n\u201d.<\/p>\n\n\n\n<p>Por \u00faltimo, y previo a la entrega de diplomas, el director del Centro de Agroindustria (CIA), Jorge Carrillo, felicit\u00f3 al equipo organizador y calific\u00f3 a esta edici\u00f3n como \u201cexcelente\u201d, debido a la calidad de los trabajos desarrollados por los estudiantes, y los invit\u00f3 a seguir trabajando en red, a valorar las vinculaciones y el hecho de permanecer conectados para su desarrollo profesional.<\/p>\n\n\n\n<figure class=\"wp-block-image size-full\"><img loading=\"lazy\" decoding=\"async\" width=\"1024\" height=\"680\" src=\"https:\/\/vetanco.com\/es\/wp-content\/uploads\/2024\/09\/490279115336bf7a905e7o-1024x680-1.jpg\" alt=\"\" class=\"wp-image-7560\" srcset=\"https:\/\/vetanco.com\/es\/wp-content\/uploads\/2024\/09\/490279115336bf7a905e7o-1024x680-1.jpg 1024w, https:\/\/vetanco.com\/es\/wp-content\/uploads\/2024\/09\/490279115336bf7a905e7o-1024x680-1-300x199.jpg 300w, https:\/\/vetanco.com\/es\/wp-content\/uploads\/2024\/09\/490279115336bf7a905e7o-1024x680-1-768x510.jpg 768w, https:\/\/vetanco.com\/es\/wp-content\/uploads\/2024\/09\/490279115336bf7a905e7o-1024x680-1-510x339.jpg 510w\" sizes=\"auto, (max-width: 1024px) 100vw, 1024px\" \/><\/figure>\n","protected":false},"excerpt":{"rendered":"<p>El\u00a0Programa de Capacitaci\u00f3n Gratuita (Procagra)\u00a0cerr\u00f3 su d\u00e9cimo primera edici\u00f3n, con la satisfacci\u00f3n de sus organizadores de haber brindado formaci\u00f3n pre profesional a decenas de estudiantes universitarios y haber facilitado el acceso a su primer trabajo.\u00a0 Se trata de un programa de inclusi\u00f3n social inteligente, que contribuye a la formaci\u00f3n y preparaci\u00f3n de estudiantes universitarios para [&#8230;]\n","protected":false},"author":6,"featured_media":7560,"comment_status":"open","ping_status":"open","sticky":false,"template":"","format":"standard","meta":{"footnotes":""},"categories":[30,31],"tags":[206,204,40,205,203,202],"class_list":["post-7556","post","type-post","status-publish","format-standard","has-post-thumbnail","hentry","category-eventos","category-novedades","tag-cirn","tag-cnia","tag-inta","tag-inta-castelar","tag-procagra","tag-programa-de-capacitacion-gratuita"],"yoast_head":"<!-- This site is optimized with the Yoast SEO plugin v27.3 - https:\/\/yoast.com\/product\/yoast-seo-wordpress\/ -->\n<title>Con la presencia y palabras de Carlos Nieva se realiz\u00f3 el cierre del a\u00f1o del Procagra Federal - Vetanco Argentina<\/title>\n<meta name=\"description\" content=\"Se trata de un programa de inclusi\u00f3n social inteligente, que contribuye a la formaci\u00f3n y preparaci\u00f3n de estudiantes universitarios.\" \/>\n<meta name=\"robots\" content=\"index, follow, max-snippet:-1, max-image-preview:large, max-video-preview:-1\" \/>\n<link rel=\"canonical\" href=\"https:\/\/vetanco.com\/es\/la-presencia-palabras-carlos-nieva-se-realizo-cierre-del-ano-del-procagra-federal\/\" \/>\n<meta property=\"og:locale\" content=\"es_ES\" \/>\n<meta property=\"og:type\" content=\"article\" \/>\n<meta property=\"og:title\" content=\"Con la presencia y palabras de Carlos Nieva se realiz\u00f3 el cierre del a\u00f1o del Procagra Federal - Vetanco Argentina\" \/>\n<meta property=\"og:description\" content=\"Se trata de un programa de inclusi\u00f3n social inteligente, que contribuye a la formaci\u00f3n y preparaci\u00f3n de estudiantes universitarios.\" \/>\n<meta property=\"og:url\" content=\"https:\/\/vetanco.com\/es\/la-presencia-palabras-carlos-nieva-se-realizo-cierre-del-ano-del-procagra-federal\/\" \/>\n<meta property=\"og:site_name\" content=\"Vetanco Argentina\" \/>\n<meta property=\"article:publisher\" content=\"https:\/\/www.facebook.com\/vetancoargentina\" \/>\n<meta property=\"article:published_time\" content=\"2019-11-07T15:23:00+00:00\" \/>\n<meta property=\"article:modified_time\" content=\"2024-12-12T15:20:28+00:00\" \/>\n<meta property=\"og:image\" content=\"https:\/\/vetanco.com\/es\/wp-content\/uploads\/2024\/09\/490279115336bf7a905e7o-1024x680-1.jpg\" \/>\n\t<meta property=\"og:image:width\" content=\"1024\" \/>\n\t<meta property=\"og:image:height\" content=\"680\" \/>\n\t<meta property=\"og:image:type\" content=\"image\/jpeg\" \/>\n<meta name=\"author\" content=\"evangelinamenghini\" \/>\n<meta name=\"twitter:card\" content=\"summary_large_image\" \/>\n<meta name=\"twitter:label1\" content=\"Escrito por\" \/>\n\t<meta name=\"twitter:data1\" content=\"evangelinamenghini\" \/>\n\t<meta name=\"twitter:label2\" content=\"Tiempo de lectura\" \/>\n\t<meta name=\"twitter:data2\" content=\"3 minutos\" \/>\n<script type=\"application\/ld+json\" class=\"yoast-schema-graph\">{\"@context\":\"https:\\\/\\\/schema.org\",\"@graph\":[{\"@type\":\"Article\",\"@id\":\"https:\\\/\\\/vetanco.com\\\/es\\\/la-presencia-palabras-carlos-nieva-se-realizo-cierre-del-ano-del-procagra-federal\\\/#article\",\"isPartOf\":{\"@id\":\"https:\\\/\\\/vetanco.com\\\/es\\\/la-presencia-palabras-carlos-nieva-se-realizo-cierre-del-ano-del-procagra-federal\\\/\"},\"author\":{\"name\":\"evangelinamenghini\",\"@id\":\"https:\\\/\\\/vetanco.com\\\/es\\\/#\\\/schema\\\/person\\\/4a333212148c551e5d1f9d99a5cbb716\"},\"headline\":\"Con la presencia y palabras de Carlos Nieva se realiz\u00f3 el cierre del a\u00f1o del Procagra Federal\",\"datePublished\":\"2019-11-07T15:23:00+00:00\",\"dateModified\":\"2024-12-12T15:20:28+00:00\",\"mainEntityOfPage\":{\"@id\":\"https:\\\/\\\/vetanco.com\\\/es\\\/la-presencia-palabras-carlos-nieva-se-realizo-cierre-del-ano-del-procagra-federal\\\/\"},\"wordCount\":314,\"commentCount\":0,\"image\":{\"@id\":\"https:\\\/\\\/vetanco.com\\\/es\\\/la-presencia-palabras-carlos-nieva-se-realizo-cierre-del-ano-del-procagra-federal\\\/#primaryimage\"},\"thumbnailUrl\":\"https:\\\/\\\/vetanco.com\\\/es\\\/wp-content\\\/uploads\\\/2024\\\/09\\\/490279115336bf7a905e7o-1024x680-1.jpg\",\"keywords\":[\"CIRN\",\"CNIA\",\"INTA\",\"INTA Castelar\",\"Procagra\",\"Programa de Capacitaci\u00f3n Gratuita\"],\"articleSection\":[\"Eventos\",\"Novedades\"],\"inLanguage\":\"es\",\"potentialAction\":[{\"@type\":\"CommentAction\",\"name\":\"Comment\",\"target\":[\"https:\\\/\\\/vetanco.com\\\/es\\\/la-presencia-palabras-carlos-nieva-se-realizo-cierre-del-ano-del-procagra-federal\\\/#respond\"]}]},{\"@type\":\"WebPage\",\"@id\":\"https:\\\/\\\/vetanco.com\\\/es\\\/la-presencia-palabras-carlos-nieva-se-realizo-cierre-del-ano-del-procagra-federal\\\/\",\"url\":\"https:\\\/\\\/vetanco.com\\\/es\\\/la-presencia-palabras-carlos-nieva-se-realizo-cierre-del-ano-del-procagra-federal\\\/\",\"name\":\"Con la presencia y palabras de Carlos Nieva se realiz\u00f3 el cierre del a\u00f1o del Procagra Federal - Vetanco Argentina\",\"isPartOf\":{\"@id\":\"https:\\\/\\\/vetanco.com\\\/es\\\/#website\"},\"primaryImageOfPage\":{\"@id\":\"https:\\\/\\\/vetanco.com\\\/es\\\/la-presencia-palabras-carlos-nieva-se-realizo-cierre-del-ano-del-procagra-federal\\\/#primaryimage\"},\"image\":{\"@id\":\"https:\\\/\\\/vetanco.com\\\/es\\\/la-presencia-palabras-carlos-nieva-se-realizo-cierre-del-ano-del-procagra-federal\\\/#primaryimage\"},\"thumbnailUrl\":\"https:\\\/\\\/vetanco.com\\\/es\\\/wp-content\\\/uploads\\\/2024\\\/09\\\/490279115336bf7a905e7o-1024x680-1.jpg\",\"datePublished\":\"2019-11-07T15:23:00+00:00\",\"dateModified\":\"2024-12-12T15:20:28+00:00\",\"author\":{\"@id\":\"https:\\\/\\\/vetanco.com\\\/es\\\/#\\\/schema\\\/person\\\/4a333212148c551e5d1f9d99a5cbb716\"},\"description\":\"Se trata de un programa de inclusi\u00f3n social inteligente, que contribuye a la formaci\u00f3n y preparaci\u00f3n de estudiantes universitarios.\",\"breadcrumb\":{\"@id\":\"https:\\\/\\\/vetanco.com\\\/es\\\/la-presencia-palabras-carlos-nieva-se-realizo-cierre-del-ano-del-procagra-federal\\\/#breadcrumb\"},\"inLanguage\":\"es\",\"potentialAction\":[{\"@type\":\"ReadAction\",\"target\":[\"https:\\\/\\\/vetanco.com\\\/es\\\/la-presencia-palabras-carlos-nieva-se-realizo-cierre-del-ano-del-procagra-federal\\\/\"]}]},{\"@type\":\"ImageObject\",\"inLanguage\":\"es\",\"@id\":\"https:\\\/\\\/vetanco.com\\\/es\\\/la-presencia-palabras-carlos-nieva-se-realizo-cierre-del-ano-del-procagra-federal\\\/#primaryimage\",\"url\":\"https:\\\/\\\/vetanco.com\\\/es\\\/wp-content\\\/uploads\\\/2024\\\/09\\\/490279115336bf7a905e7o-1024x680-1.jpg\",\"contentUrl\":\"https:\\\/\\\/vetanco.com\\\/es\\\/wp-content\\\/uploads\\\/2024\\\/09\\\/490279115336bf7a905e7o-1024x680-1.jpg\",\"width\":1024,\"height\":680},{\"@type\":\"BreadcrumbList\",\"@id\":\"https:\\\/\\\/vetanco.com\\\/es\\\/la-presencia-palabras-carlos-nieva-se-realizo-cierre-del-ano-del-procagra-federal\\\/#breadcrumb\",\"itemListElement\":[{\"@type\":\"ListItem\",\"position\":1,\"name\":\"In\u00edcio\",\"item\":\"https:\\\/\\\/vetanco.com\\\/es\\\/\"},{\"@type\":\"ListItem\",\"position\":2,\"name\":\"Con la presencia y palabras de Carlos Nieva se realiz\u00f3 el cierre del a\u00f1o del Procagra Federal\"}]},{\"@type\":\"WebSite\",\"@id\":\"https:\\\/\\\/vetanco.com\\\/es\\\/#website\",\"url\":\"https:\\\/\\\/vetanco.com\\\/es\\\/\",\"name\":\"Vetanco Argentina\",\"description\":\"Productos Seguros para Alimentos Seguros\",\"potentialAction\":[{\"@type\":\"SearchAction\",\"target\":{\"@type\":\"EntryPoint\",\"urlTemplate\":\"https:\\\/\\\/vetanco.com\\\/es\\\/?s={search_term_string}\"},\"query-input\":{\"@type\":\"PropertyValueSpecification\",\"valueRequired\":true,\"valueName\":\"search_term_string\"}}],\"inLanguage\":\"es\"},{\"@type\":\"Person\",\"@id\":\"https:\\\/\\\/vetanco.com\\\/es\\\/#\\\/schema\\\/person\\\/4a333212148c551e5d1f9d99a5cbb716\",\"name\":\"evangelinamenghini\",\"image\":{\"@type\":\"ImageObject\",\"inLanguage\":\"es\",\"@id\":\"https:\\\/\\\/secure.gravatar.com\\\/avatar\\\/08f726e9876e489e5034751b2c3ddf9c39dcd219012a94cd42e52ea935b5eeef?s=96&d=mm&r=g\",\"url\":\"https:\\\/\\\/secure.gravatar.com\\\/avatar\\\/08f726e9876e489e5034751b2c3ddf9c39dcd219012a94cd42e52ea935b5eeef?s=96&d=mm&r=g\",\"contentUrl\":\"https:\\\/\\\/secure.gravatar.com\\\/avatar\\\/08f726e9876e489e5034751b2c3ddf9c39dcd219012a94cd42e52ea935b5eeef?s=96&d=mm&r=g\",\"caption\":\"evangelinamenghini\"},\"url\":\"https:\\\/\\\/vetanco.com\\\/es\\\/author\\\/evangelinamenghini\\\/\"}]}<\/script>\n<!-- \/ Yoast SEO plugin. -->","yoast_head_json":{"title":"Con la presencia y palabras de Carlos Nieva se realiz\u00f3 el cierre del a\u00f1o del Procagra Federal - Vetanco Argentina","description":"Se trata de un programa de inclusi\u00f3n social inteligente, que contribuye a la formaci\u00f3n y preparaci\u00f3n de estudiantes universitarios.","robots":{"index":"index","follow":"follow","max-snippet":"max-snippet:-1","max-image-preview":"max-image-preview:large","max-video-preview":"max-video-preview:-1"},"canonical":"https:\/\/vetanco.com\/es\/la-presencia-palabras-carlos-nieva-se-realizo-cierre-del-ano-del-procagra-federal\/","og_locale":"es_ES","og_type":"article","og_title":"Con la presencia y palabras de Carlos Nieva se realiz\u00f3 el cierre del a\u00f1o del Procagra Federal - Vetanco Argentina","og_description":"Se trata de un programa de inclusi\u00f3n social inteligente, que contribuye a la formaci\u00f3n y preparaci\u00f3n de estudiantes universitarios.","og_url":"https:\/\/vetanco.com\/es\/la-presencia-palabras-carlos-nieva-se-realizo-cierre-del-ano-del-procagra-federal\/","og_site_name":"Vetanco Argentina","article_publisher":"https:\/\/www.facebook.com\/vetancoargentina","article_published_time":"2019-11-07T15:23:00+00:00","article_modified_time":"2024-12-12T15:20:28+00:00","og_image":[{"width":1024,"height":680,"url":"https:\/\/vetanco.com\/es\/wp-content\/uploads\/2024\/09\/490279115336bf7a905e7o-1024x680-1.jpg","type":"image\/jpeg"}],"author":"evangelinamenghini","twitter_card":"summary_large_image","twitter_misc":{"Escrito por":"evangelinamenghini","Tiempo de lectura":"3 minutos"},"schema":{"@context":"https:\/\/schema.org","@graph":[{"@type":"Article","@id":"https:\/\/vetanco.com\/es\/la-presencia-palabras-carlos-nieva-se-realizo-cierre-del-ano-del-procagra-federal\/#article","isPartOf":{"@id":"https:\/\/vetanco.com\/es\/la-presencia-palabras-carlos-nieva-se-realizo-cierre-del-ano-del-procagra-federal\/"},"author":{"name":"evangelinamenghini","@id":"https:\/\/vetanco.com\/es\/#\/schema\/person\/4a333212148c551e5d1f9d99a5cbb716"},"headline":"Con la presencia y palabras de Carlos Nieva se realiz\u00f3 el cierre del a\u00f1o del Procagra Federal","datePublished":"2019-11-07T15:23:00+00:00","dateModified":"2024-12-12T15:20:28+00:00","mainEntityOfPage":{"@id":"https:\/\/vetanco.com\/es\/la-presencia-palabras-carlos-nieva-se-realizo-cierre-del-ano-del-procagra-federal\/"},"wordCount":314,"commentCount":0,"image":{"@id":"https:\/\/vetanco.com\/es\/la-presencia-palabras-carlos-nieva-se-realizo-cierre-del-ano-del-procagra-federal\/#primaryimage"},"thumbnailUrl":"https:\/\/vetanco.com\/es\/wp-content\/uploads\/2024\/09\/490279115336bf7a905e7o-1024x680-1.jpg","keywords":["CIRN","CNIA","INTA","INTA Castelar","Procagra","Programa de Capacitaci\u00f3n Gratuita"],"articleSection":["Eventos","Novedades"],"inLanguage":"es","potentialAction":[{"@type":"CommentAction","name":"Comment","target":["https:\/\/vetanco.com\/es\/la-presencia-palabras-carlos-nieva-se-realizo-cierre-del-ano-del-procagra-federal\/#respond"]}]},{"@type":"WebPage","@id":"https:\/\/vetanco.com\/es\/la-presencia-palabras-carlos-nieva-se-realizo-cierre-del-ano-del-procagra-federal\/","url":"https:\/\/vetanco.com\/es\/la-presencia-palabras-carlos-nieva-se-realizo-cierre-del-ano-del-procagra-federal\/","name":"Con la presencia y palabras de Carlos Nieva se realiz\u00f3 el cierre del a\u00f1o del Procagra Federal - Vetanco Argentina","isPartOf":{"@id":"https:\/\/vetanco.com\/es\/#website"},"primaryImageOfPage":{"@id":"https:\/\/vetanco.com\/es\/la-presencia-palabras-carlos-nieva-se-realizo-cierre-del-ano-del-procagra-federal\/#primaryimage"},"image":{"@id":"https:\/\/vetanco.com\/es\/la-presencia-palabras-carlos-nieva-se-realizo-cierre-del-ano-del-procagra-federal\/#primaryimage"},"thumbnailUrl":"https:\/\/vetanco.com\/es\/wp-content\/uploads\/2024\/09\/490279115336bf7a905e7o-1024x680-1.jpg","datePublished":"2019-11-07T15:23:00+00:00","dateModified":"2024-12-12T15:20:28+00:00","author":{"@id":"https:\/\/vetanco.com\/es\/#\/schema\/person\/4a333212148c551e5d1f9d99a5cbb716"},"description":"Se trata de un programa de inclusi\u00f3n social inteligente, que contribuye a la formaci\u00f3n y preparaci\u00f3n de estudiantes universitarios.","breadcrumb":{"@id":"https:\/\/vetanco.com\/es\/la-presencia-palabras-carlos-nieva-se-realizo-cierre-del-ano-del-procagra-federal\/#breadcrumb"},"inLanguage":"es","potentialAction":[{"@type":"ReadAction","target":["https:\/\/vetanco.com\/es\/la-presencia-palabras-carlos-nieva-se-realizo-cierre-del-ano-del-procagra-federal\/"]}]},{"@type":"ImageObject","inLanguage":"es","@id":"https:\/\/vetanco.com\/es\/la-presencia-palabras-carlos-nieva-se-realizo-cierre-del-ano-del-procagra-federal\/#primaryimage","url":"https:\/\/vetanco.com\/es\/wp-content\/uploads\/2024\/09\/490279115336bf7a905e7o-1024x680-1.jpg","contentUrl":"https:\/\/vetanco.com\/es\/wp-content\/uploads\/2024\/09\/490279115336bf7a905e7o-1024x680-1.jpg","width":1024,"height":680},{"@type":"BreadcrumbList","@id":"https:\/\/vetanco.com\/es\/la-presencia-palabras-carlos-nieva-se-realizo-cierre-del-ano-del-procagra-federal\/#breadcrumb","itemListElement":[{"@type":"ListItem","position":1,"name":"In\u00edcio","item":"https:\/\/vetanco.com\/es\/"},{"@type":"ListItem","position":2,"name":"Con la presencia y palabras de Carlos Nieva se realiz\u00f3 el cierre del a\u00f1o del Procagra Federal"}]},{"@type":"WebSite","@id":"https:\/\/vetanco.com\/es\/#website","url":"https:\/\/vetanco.com\/es\/","name":"Vetanco Argentina","description":"Productos Seguros para Alimentos Seguros","potentialAction":[{"@type":"SearchAction","target":{"@type":"EntryPoint","urlTemplate":"https:\/\/vetanco.com\/es\/?s={search_term_string}"},"query-input":{"@type":"PropertyValueSpecification","valueRequired":true,"valueName":"search_term_string"}}],"inLanguage":"es"},{"@type":"Person","@id":"https:\/\/vetanco.com\/es\/#\/schema\/person\/4a333212148c551e5d1f9d99a5cbb716","name":"evangelinamenghini","image":{"@type":"ImageObject","inLanguage":"es","@id":"https:\/\/secure.gravatar.com\/avatar\/08f726e9876e489e5034751b2c3ddf9c39dcd219012a94cd42e52ea935b5eeef?s=96&d=mm&r=g","url":"https:\/\/secure.gravatar.com\/avatar\/08f726e9876e489e5034751b2c3ddf9c39dcd219012a94cd42e52ea935b5eeef?s=96&d=mm&r=g","contentUrl":"https:\/\/secure.gravatar.com\/avatar\/08f726e9876e489e5034751b2c3ddf9c39dcd219012a94cd42e52ea935b5eeef?s=96&d=mm&r=g","caption":"evangelinamenghini"},"url":"https:\/\/vetanco.com\/es\/author\/evangelinamenghini\/"}]}},"_links":{"self":[{"href":"https:\/\/vetanco.com\/es\/wp-json\/wp\/v2\/posts\/7556","targetHints":{"allow":["GET"]}}],"collection":[{"href":"https:\/\/vetanco.com\/es\/wp-json\/wp\/v2\/posts"}],"about":[{"href":"https:\/\/vetanco.com\/es\/wp-json\/wp\/v2\/types\/post"}],"author":[{"embeddable":true,"href":"https:\/\/vetanco.com\/es\/wp-json\/wp\/v2\/users\/6"}],"replies":[{"embeddable":true,"href":"https:\/\/vetanco.com\/es\/wp-json\/wp\/v2\/comments?post=7556"}],"version-history":[{"count":1,"href":"https:\/\/vetanco.com\/es\/wp-json\/wp\/v2\/posts\/7556\/revisions"}],"predecessor-version":[{"id":7561,"href":"https:\/\/vetanco.com\/es\/wp-json\/wp\/v2\/posts\/7556\/revisions\/7561"}],"wp:featuredmedia":[{"embeddable":true,"href":"https:\/\/vetanco.com\/es\/wp-json\/wp\/v2\/media\/7560"}],"wp:attachment":[{"href":"https:\/\/vetanco.com\/es\/wp-json\/wp\/v2\/media?parent=7556"}],"wp:term":[{"taxonomy":"category","embeddable":true,"href":"https:\/\/vetanco.com\/es\/wp-json\/wp\/v2\/categories?post=7556"},{"taxonomy":"post_tag","embeddable":true,"href":"https:\/\/vetanco.com\/es\/wp-json\/wp\/v2\/tags?post=7556"}],"curies":[{"name":"wp","href":"https:\/\/api.w.org\/{rel}","templated":true}]}}