{"id":9459,"date":"2012-05-25T08:47:00","date_gmt":"2012-05-25T11:47:00","guid":{"rendered":"https:\/\/vetanco.com\/es\/?p=9459"},"modified":"2024-10-29T09:50:06","modified_gmt":"2024-10-29T12:50:06","slug":"xxii-congreso-centroamericano-y-del-caribe-de-avicultura","status":"publish","type":"post","link":"https:\/\/vetanco.com\/es\/xxii-congreso-centroamericano-y-del-caribe-de-avicultura\/","title":{"rendered":"XXII Congreso Centroamericano y del Caribe de Avicultura."},"content":{"rendered":"\n\n\n<h3 class=\"wp-block-heading\">Panam\u00e1 2012<\/h3>\n\n\n\n<p>Con la colaboraci\u00f3n de nuestros distribuidores de Rep\u00fablica Dominicana, Guatemala, Honduras, El Salvador y Panam\u00e1, estuvimos presentes en el evento m\u00e1s importante de la regi\u00f3n. Agradecemos el apoyo especial de la doctora Adriana Monroy de Avifarm y el Dr. Juan Enrique Ibarra de IPS.<\/p>\n\n\n\n<div class=\"wp-block-group is-content-justification-center is-nowrap is-layout-flex wp-container-core-group-is-layout-94bc23d7 wp-block-group-is-layout-flex\">\n<div class=\"wp-block-group is-nowrap is-layout-flex wp-container-core-group-is-layout-ad2f72ca wp-block-group-is-layout-flex\">\n<div class=\"wp-block-group is-nowrap is-layout-flex wp-container-core-group-is-layout-ad2f72ca wp-block-group-is-layout-flex\">\n<figure class=\"wp-block-image size-full\"><img loading=\"lazy\" decoding=\"async\" width=\"150\" height=\"150\" src=\"https:\/\/vetanco.com\/es\/wp-content\/uploads\/2012\/05\/panama1-150x150-1.jpg\" alt=\"\" class=\"wp-image-11801\" srcset=\"https:\/\/vetanco.com\/es\/wp-content\/uploads\/2012\/05\/panama1-150x150-1.jpg 150w, https:\/\/vetanco.com\/es\/wp-content\/uploads\/2012\/05\/panama1-150x150-1-100x100.jpg 100w\" sizes=\"auto, (max-width: 150px) 100vw, 150px\" \/><\/figure>\n\n\n\n<figure class=\"wp-block-image size-full\"><img loading=\"lazy\" decoding=\"async\" width=\"150\" height=\"150\" src=\"https:\/\/vetanco.com\/es\/wp-content\/uploads\/2012\/05\/panama3-150x150-1.jpg\" alt=\"\" class=\"wp-image-11802\" srcset=\"https:\/\/vetanco.com\/es\/wp-content\/uploads\/2012\/05\/panama3-150x150-1.jpg 150w, https:\/\/vetanco.com\/es\/wp-content\/uploads\/2012\/05\/panama3-150x150-1-100x100.jpg 100w\" sizes=\"auto, (max-width: 150px) 100vw, 150px\" \/><\/figure>\n<\/div>\n\n\n\n<figure class=\"wp-block-image size-full\"><img loading=\"lazy\" decoding=\"async\" width=\"150\" height=\"150\" src=\"https:\/\/vetanco.com\/es\/wp-content\/uploads\/2012\/05\/panama4-150x150-1.jpg\" alt=\"\" class=\"wp-image-11803\" srcset=\"https:\/\/vetanco.com\/es\/wp-content\/uploads\/2012\/05\/panama4-150x150-1.jpg 150w, https:\/\/vetanco.com\/es\/wp-content\/uploads\/2012\/05\/panama4-150x150-1-100x100.jpg 100w\" sizes=\"auto, (max-width: 150px) 100vw, 150px\" \/><\/figure>\n<\/div>\n\n\n\n<figure class=\"wp-block-image size-full\"><img loading=\"lazy\" decoding=\"async\" width=\"150\" height=\"150\" src=\"https:\/\/vetanco.com\/es\/wp-content\/uploads\/2012\/05\/panama5-150x150-1.jpg\" alt=\"\" class=\"wp-image-11805\" srcset=\"https:\/\/vetanco.com\/es\/wp-content\/uploads\/2012\/05\/panama5-150x150-1.jpg 150w, https:\/\/vetanco.com\/es\/wp-content\/uploads\/2012\/05\/panama5-150x150-1-100x100.jpg 100w\" sizes=\"auto, (max-width: 150px) 100vw, 150px\" \/><\/figure>\n<\/div>\n\n\n\n<div class=\"wp-block-group is-content-justification-center is-nowrap is-layout-flex wp-container-core-group-is-layout-94bc23d7 wp-block-group-is-layout-flex\">\n<div class=\"wp-block-group is-nowrap is-layout-flex wp-container-core-group-is-layout-ad2f72ca wp-block-group-is-layout-flex\">\n<div class=\"wp-block-group is-nowrap is-layout-flex wp-container-core-group-is-layout-ad2f72ca wp-block-group-is-layout-flex\">\n<figure class=\"wp-block-image size-full\"><img loading=\"lazy\" decoding=\"async\" width=\"150\" height=\"150\" src=\"https:\/\/vetanco.com\/es\/wp-content\/uploads\/2012\/05\/panama6-150x150-1.jpg\" alt=\"\" class=\"wp-image-11806\" srcset=\"https:\/\/vetanco.com\/es\/wp-content\/uploads\/2012\/05\/panama6-150x150-1.jpg 150w, https:\/\/vetanco.com\/es\/wp-content\/uploads\/2012\/05\/panama6-150x150-1-100x100.jpg 100w\" sizes=\"auto, (max-width: 150px) 100vw, 150px\" \/><\/figure>\n\n\n\n<figure class=\"wp-block-image size-full\"><img loading=\"lazy\" decoding=\"async\" width=\"150\" height=\"150\" src=\"https:\/\/vetanco.com\/es\/wp-content\/uploads\/2012\/05\/panama7-150x150-1.jpg\" alt=\"\" class=\"wp-image-11807\" srcset=\"https:\/\/vetanco.com\/es\/wp-content\/uploads\/2012\/05\/panama7-150x150-1.jpg 150w, https:\/\/vetanco.com\/es\/wp-content\/uploads\/2012\/05\/panama7-150x150-1-100x100.jpg 100w\" sizes=\"auto, (max-width: 150px) 100vw, 150px\" \/><\/figure>\n<\/div>\n\n\n\n<figure class=\"wp-block-image size-full\"><img loading=\"lazy\" decoding=\"async\" width=\"150\" height=\"150\" src=\"https:\/\/vetanco.com\/es\/wp-content\/uploads\/2012\/05\/panama8-150x150-1.jpg\" alt=\"\" class=\"wp-image-11808\" srcset=\"https:\/\/vetanco.com\/es\/wp-content\/uploads\/2012\/05\/panama8-150x150-1.jpg 150w, https:\/\/vetanco.com\/es\/wp-content\/uploads\/2012\/05\/panama8-150x150-1-100x100.jpg 100w\" sizes=\"auto, (max-width: 150px) 100vw, 150px\" \/><\/figure>\n<\/div>\n\n\n\n<figure class=\"wp-block-image size-full\"><img loading=\"lazy\" decoding=\"async\" width=\"150\" height=\"150\" src=\"https:\/\/vetanco.com\/es\/wp-content\/uploads\/2012\/05\/panama9-150x150-1.jpg\" alt=\"\" class=\"wp-image-11809\" srcset=\"https:\/\/vetanco.com\/es\/wp-content\/uploads\/2012\/05\/panama9-150x150-1.jpg 150w, https:\/\/vetanco.com\/es\/wp-content\/uploads\/2012\/05\/panama9-150x150-1-100x100.jpg 100w\" sizes=\"auto, (max-width: 150px) 100vw, 150px\" \/><\/figure>\n<\/div>\n","protected":false},"excerpt":{"rendered":"<p>Panam\u00e1 2012 Con la colaboraci\u00f3n de nuestros distribuidores de Rep\u00fablica Dominicana, Guatemala, Honduras, El Salvador y Panam\u00e1, estuvimos presentes en el evento m\u00e1s importante de la regi\u00f3n. Agradecemos el apoyo especial de la doctora Adriana Monroy de Avifarm y el Dr. Juan Enrique Ibarra de IPS.<\/p>\n","protected":false},"author":8,"featured_media":9462,"comment_status":"open","ping_status":"open","sticky":false,"template":"","format":"standard","meta":{"footnotes":""},"categories":[30],"tags":[499,611,41],"class_list":["post-9459","post","type-post","status-publish","format-standard","has-post-thumbnail","hentry","category-eventos","tag-avicultura","tag-congreso-centroamericano","tag-vetanco"],"yoast_head":"<!-- This site is optimized with the Yoast SEO plugin v27.3 - https:\/\/yoast.com\/product\/yoast-seo-wordpress\/ -->\n<title>XXII Congreso Centroamericano y del Caribe de Avicultura. - Vetanco Argentina<\/title>\n<meta name=\"description\" content=\"Con la colaboraci\u00f3n de nuestros distribuidores de America Central, estuvimos presentes en el evento m\u00e1s importante de la regi\u00f3n.\" \/>\n<meta name=\"robots\" content=\"index, follow, max-snippet:-1, max-image-preview:large, max-video-preview:-1\" \/>\n<link rel=\"canonical\" href=\"https:\/\/vetanco.com\/es\/xxii-congreso-centroamericano-y-del-caribe-de-avicultura\/\" \/>\n<meta property=\"og:locale\" content=\"es_ES\" \/>\n<meta property=\"og:type\" content=\"article\" \/>\n<meta property=\"og:title\" content=\"XXII Congreso Centroamericano y del Caribe de Avicultura. - Vetanco Argentina\" \/>\n<meta property=\"og:description\" content=\"Con la colaboraci\u00f3n de nuestros distribuidores de America Central, estuvimos presentes en el evento m\u00e1s importante de la regi\u00f3n.\" \/>\n<meta property=\"og:url\" content=\"https:\/\/vetanco.com\/es\/xxii-congreso-centroamericano-y-del-caribe-de-avicultura\/\" \/>\n<meta property=\"og:site_name\" content=\"Vetanco Argentina\" \/>\n<meta property=\"article:publisher\" content=\"https:\/\/www.facebook.com\/vetancoargentina\" \/>\n<meta property=\"article:published_time\" content=\"2012-05-25T11:47:00+00:00\" \/>\n<meta property=\"article:modified_time\" content=\"2024-10-29T12:50:06+00:00\" \/>\n<meta property=\"og:image\" content=\"https:\/\/vetanco.com\/es\/wp-content\/uploads\/2024\/09\/panama3-150x150-1.jpg\" \/>\n\t<meta property=\"og:image:width\" content=\"150\" \/>\n\t<meta property=\"og:image:height\" content=\"150\" \/>\n\t<meta property=\"og:image:type\" content=\"image\/jpeg\" \/>\n<meta name=\"author\" content=\"julian\" \/>\n<meta name=\"twitter:card\" content=\"summary_large_image\" \/>\n<meta name=\"twitter:label1\" content=\"Escrito por\" \/>\n\t<meta name=\"twitter:data1\" content=\"julian\" \/>\n\t<meta name=\"twitter:label2\" content=\"Tiempo de lectura\" \/>\n\t<meta name=\"twitter:data2\" content=\"3 minutos\" \/>\n<script type=\"application\/ld+json\" class=\"yoast-schema-graph\">{\"@context\":\"https:\\\/\\\/schema.org\",\"@graph\":[{\"@type\":\"Article\",\"@id\":\"https:\\\/\\\/vetanco.com\\\/es\\\/xxii-congreso-centroamericano-y-del-caribe-de-avicultura\\\/#article\",\"isPartOf\":{\"@id\":\"https:\\\/\\\/vetanco.com\\\/es\\\/xxii-congreso-centroamericano-y-del-caribe-de-avicultura\\\/\"},\"author\":{\"name\":\"julian\",\"@id\":\"https:\\\/\\\/vetanco.com\\\/es\\\/#\\\/schema\\\/person\\\/46afb38cfab0fe11bf52a9ded679bfcd\"},\"headline\":\"XXII Congreso Centroamericano y del Caribe de Avicultura.\",\"datePublished\":\"2012-05-25T11:47:00+00:00\",\"dateModified\":\"2024-10-29T12:50:06+00:00\",\"mainEntityOfPage\":{\"@id\":\"https:\\\/\\\/vetanco.com\\\/es\\\/xxii-congreso-centroamericano-y-del-caribe-de-avicultura\\\/\"},\"wordCount\":57,\"commentCount\":0,\"image\":{\"@id\":\"https:\\\/\\\/vetanco.com\\\/es\\\/xxii-congreso-centroamericano-y-del-caribe-de-avicultura\\\/#primaryimage\"},\"thumbnailUrl\":\"https:\\\/\\\/vetanco.com\\\/es\\\/wp-content\\\/uploads\\\/2024\\\/09\\\/panama3-150x150-1.jpg\",\"keywords\":[\"Avicultura\",\"Congreso centroamericano\",\"Vetanco\"],\"articleSection\":[\"Eventos\"],\"inLanguage\":\"es\",\"potentialAction\":[{\"@type\":\"CommentAction\",\"name\":\"Comment\",\"target\":[\"https:\\\/\\\/vetanco.com\\\/es\\\/xxii-congreso-centroamericano-y-del-caribe-de-avicultura\\\/#respond\"]}]},{\"@type\":\"WebPage\",\"@id\":\"https:\\\/\\\/vetanco.com\\\/es\\\/xxii-congreso-centroamericano-y-del-caribe-de-avicultura\\\/\",\"url\":\"https:\\\/\\\/vetanco.com\\\/es\\\/xxii-congreso-centroamericano-y-del-caribe-de-avicultura\\\/\",\"name\":\"XXII Congreso Centroamericano y del Caribe de Avicultura. - Vetanco Argentina\",\"isPartOf\":{\"@id\":\"https:\\\/\\\/vetanco.com\\\/es\\\/#website\"},\"primaryImageOfPage\":{\"@id\":\"https:\\\/\\\/vetanco.com\\\/es\\\/xxii-congreso-centroamericano-y-del-caribe-de-avicultura\\\/#primaryimage\"},\"image\":{\"@id\":\"https:\\\/\\\/vetanco.com\\\/es\\\/xxii-congreso-centroamericano-y-del-caribe-de-avicultura\\\/#primaryimage\"},\"thumbnailUrl\":\"https:\\\/\\\/vetanco.com\\\/es\\\/wp-content\\\/uploads\\\/2024\\\/09\\\/panama3-150x150-1.jpg\",\"datePublished\":\"2012-05-25T11:47:00+00:00\",\"dateModified\":\"2024-10-29T12:50:06+00:00\",\"author\":{\"@id\":\"https:\\\/\\\/vetanco.com\\\/es\\\/#\\\/schema\\\/person\\\/46afb38cfab0fe11bf52a9ded679bfcd\"},\"description\":\"Con la colaboraci\u00f3n de nuestros distribuidores de America Central, estuvimos presentes en el evento m\u00e1s importante de la regi\u00f3n.\",\"breadcrumb\":{\"@id\":\"https:\\\/\\\/vetanco.com\\\/es\\\/xxii-congreso-centroamericano-y-del-caribe-de-avicultura\\\/#breadcrumb\"},\"inLanguage\":\"es\",\"potentialAction\":[{\"@type\":\"ReadAction\",\"target\":[\"https:\\\/\\\/vetanco.com\\\/es\\\/xxii-congreso-centroamericano-y-del-caribe-de-avicultura\\\/\"]}]},{\"@type\":\"ImageObject\",\"inLanguage\":\"es\",\"@id\":\"https:\\\/\\\/vetanco.com\\\/es\\\/xxii-congreso-centroamericano-y-del-caribe-de-avicultura\\\/#primaryimage\",\"url\":\"https:\\\/\\\/vetanco.com\\\/es\\\/wp-content\\\/uploads\\\/2024\\\/09\\\/panama3-150x150-1.jpg\",\"contentUrl\":\"https:\\\/\\\/vetanco.com\\\/es\\\/wp-content\\\/uploads\\\/2024\\\/09\\\/panama3-150x150-1.jpg\",\"width\":150,\"height\":150},{\"@type\":\"BreadcrumbList\",\"@id\":\"https:\\\/\\\/vetanco.com\\\/es\\\/xxii-congreso-centroamericano-y-del-caribe-de-avicultura\\\/#breadcrumb\",\"itemListElement\":[{\"@type\":\"ListItem\",\"position\":1,\"name\":\"In\u00edcio\",\"item\":\"https:\\\/\\\/vetanco.com\\\/es\\\/\"},{\"@type\":\"ListItem\",\"position\":2,\"name\":\"XXII Congreso Centroamericano y del Caribe de Avicultura.\"}]},{\"@type\":\"WebSite\",\"@id\":\"https:\\\/\\\/vetanco.com\\\/es\\\/#website\",\"url\":\"https:\\\/\\\/vetanco.com\\\/es\\\/\",\"name\":\"Vetanco Argentina\",\"description\":\"Productos Seguros para Alimentos Seguros\",\"potentialAction\":[{\"@type\":\"SearchAction\",\"target\":{\"@type\":\"EntryPoint\",\"urlTemplate\":\"https:\\\/\\\/vetanco.com\\\/es\\\/?s={search_term_string}\"},\"query-input\":{\"@type\":\"PropertyValueSpecification\",\"valueRequired\":true,\"valueName\":\"search_term_string\"}}],\"inLanguage\":\"es\"},{\"@type\":\"Person\",\"@id\":\"https:\\\/\\\/vetanco.com\\\/es\\\/#\\\/schema\\\/person\\\/46afb38cfab0fe11bf52a9ded679bfcd\",\"name\":\"julian\",\"image\":{\"@type\":\"ImageObject\",\"inLanguage\":\"es\",\"@id\":\"https:\\\/\\\/secure.gravatar.com\\\/avatar\\\/bc79426ed0651bb3545f906602e15ffcf6e4bdb7b02b2394b18705841d207f29?s=96&d=mm&r=g\",\"url\":\"https:\\\/\\\/secure.gravatar.com\\\/avatar\\\/bc79426ed0651bb3545f906602e15ffcf6e4bdb7b02b2394b18705841d207f29?s=96&d=mm&r=g\",\"contentUrl\":\"https:\\\/\\\/secure.gravatar.com\\\/avatar\\\/bc79426ed0651bb3545f906602e15ffcf6e4bdb7b02b2394b18705841d207f29?s=96&d=mm&r=g\",\"caption\":\"julian\"},\"url\":\"https:\\\/\\\/vetanco.com\\\/es\\\/author\\\/julian\\\/\"}]}<\/script>\n<!-- \/ Yoast SEO plugin. -->","yoast_head_json":{"title":"XXII Congreso Centroamericano y del Caribe de Avicultura. - Vetanco Argentina","description":"Con la colaboraci\u00f3n de nuestros distribuidores de America Central, estuvimos presentes en el evento m\u00e1s importante de la regi\u00f3n.","robots":{"index":"index","follow":"follow","max-snippet":"max-snippet:-1","max-image-preview":"max-image-preview:large","max-video-preview":"max-video-preview:-1"},"canonical":"https:\/\/vetanco.com\/es\/xxii-congreso-centroamericano-y-del-caribe-de-avicultura\/","og_locale":"es_ES","og_type":"article","og_title":"XXII Congreso Centroamericano y del Caribe de Avicultura. - Vetanco Argentina","og_description":"Con la colaboraci\u00f3n de nuestros distribuidores de America Central, estuvimos presentes en el evento m\u00e1s importante de la regi\u00f3n.","og_url":"https:\/\/vetanco.com\/es\/xxii-congreso-centroamericano-y-del-caribe-de-avicultura\/","og_site_name":"Vetanco Argentina","article_publisher":"https:\/\/www.facebook.com\/vetancoargentina","article_published_time":"2012-05-25T11:47:00+00:00","article_modified_time":"2024-10-29T12:50:06+00:00","og_image":[{"width":150,"height":150,"url":"https:\/\/vetanco.com\/es\/wp-content\/uploads\/2024\/09\/panama3-150x150-1.jpg","type":"image\/jpeg"}],"author":"julian","twitter_card":"summary_large_image","twitter_misc":{"Escrito por":"julian","Tiempo de lectura":"3 minutos"},"schema":{"@context":"https:\/\/schema.org","@graph":[{"@type":"Article","@id":"https:\/\/vetanco.com\/es\/xxii-congreso-centroamericano-y-del-caribe-de-avicultura\/#article","isPartOf":{"@id":"https:\/\/vetanco.com\/es\/xxii-congreso-centroamericano-y-del-caribe-de-avicultura\/"},"author":{"name":"julian","@id":"https:\/\/vetanco.com\/es\/#\/schema\/person\/46afb38cfab0fe11bf52a9ded679bfcd"},"headline":"XXII Congreso Centroamericano y del Caribe de Avicultura.","datePublished":"2012-05-25T11:47:00+00:00","dateModified":"2024-10-29T12:50:06+00:00","mainEntityOfPage":{"@id":"https:\/\/vetanco.com\/es\/xxii-congreso-centroamericano-y-del-caribe-de-avicultura\/"},"wordCount":57,"commentCount":0,"image":{"@id":"https:\/\/vetanco.com\/es\/xxii-congreso-centroamericano-y-del-caribe-de-avicultura\/#primaryimage"},"thumbnailUrl":"https:\/\/vetanco.com\/es\/wp-content\/uploads\/2024\/09\/panama3-150x150-1.jpg","keywords":["Avicultura","Congreso centroamericano","Vetanco"],"articleSection":["Eventos"],"inLanguage":"es","potentialAction":[{"@type":"CommentAction","name":"Comment","target":["https:\/\/vetanco.com\/es\/xxii-congreso-centroamericano-y-del-caribe-de-avicultura\/#respond"]}]},{"@type":"WebPage","@id":"https:\/\/vetanco.com\/es\/xxii-congreso-centroamericano-y-del-caribe-de-avicultura\/","url":"https:\/\/vetanco.com\/es\/xxii-congreso-centroamericano-y-del-caribe-de-avicultura\/","name":"XXII Congreso Centroamericano y del Caribe de Avicultura. - Vetanco Argentina","isPartOf":{"@id":"https:\/\/vetanco.com\/es\/#website"},"primaryImageOfPage":{"@id":"https:\/\/vetanco.com\/es\/xxii-congreso-centroamericano-y-del-caribe-de-avicultura\/#primaryimage"},"image":{"@id":"https:\/\/vetanco.com\/es\/xxii-congreso-centroamericano-y-del-caribe-de-avicultura\/#primaryimage"},"thumbnailUrl":"https:\/\/vetanco.com\/es\/wp-content\/uploads\/2024\/09\/panama3-150x150-1.jpg","datePublished":"2012-05-25T11:47:00+00:00","dateModified":"2024-10-29T12:50:06+00:00","author":{"@id":"https:\/\/vetanco.com\/es\/#\/schema\/person\/46afb38cfab0fe11bf52a9ded679bfcd"},"description":"Con la colaboraci\u00f3n de nuestros distribuidores de America Central, estuvimos presentes en el evento m\u00e1s importante de la regi\u00f3n.","breadcrumb":{"@id":"https:\/\/vetanco.com\/es\/xxii-congreso-centroamericano-y-del-caribe-de-avicultura\/#breadcrumb"},"inLanguage":"es","potentialAction":[{"@type":"ReadAction","target":["https:\/\/vetanco.com\/es\/xxii-congreso-centroamericano-y-del-caribe-de-avicultura\/"]}]},{"@type":"ImageObject","inLanguage":"es","@id":"https:\/\/vetanco.com\/es\/xxii-congreso-centroamericano-y-del-caribe-de-avicultura\/#primaryimage","url":"https:\/\/vetanco.com\/es\/wp-content\/uploads\/2024\/09\/panama3-150x150-1.jpg","contentUrl":"https:\/\/vetanco.com\/es\/wp-content\/uploads\/2024\/09\/panama3-150x150-1.jpg","width":150,"height":150},{"@type":"BreadcrumbList","@id":"https:\/\/vetanco.com\/es\/xxii-congreso-centroamericano-y-del-caribe-de-avicultura\/#breadcrumb","itemListElement":[{"@type":"ListItem","position":1,"name":"In\u00edcio","item":"https:\/\/vetanco.com\/es\/"},{"@type":"ListItem","position":2,"name":"XXII Congreso Centroamericano y del Caribe de Avicultura."}]},{"@type":"WebSite","@id":"https:\/\/vetanco.com\/es\/#website","url":"https:\/\/vetanco.com\/es\/","name":"Vetanco Argentina","description":"Productos Seguros para Alimentos Seguros","potentialAction":[{"@type":"SearchAction","target":{"@type":"EntryPoint","urlTemplate":"https:\/\/vetanco.com\/es\/?s={search_term_string}"},"query-input":{"@type":"PropertyValueSpecification","valueRequired":true,"valueName":"search_term_string"}}],"inLanguage":"es"},{"@type":"Person","@id":"https:\/\/vetanco.com\/es\/#\/schema\/person\/46afb38cfab0fe11bf52a9ded679bfcd","name":"julian","image":{"@type":"ImageObject","inLanguage":"es","@id":"https:\/\/secure.gravatar.com\/avatar\/bc79426ed0651bb3545f906602e15ffcf6e4bdb7b02b2394b18705841d207f29?s=96&d=mm&r=g","url":"https:\/\/secure.gravatar.com\/avatar\/bc79426ed0651bb3545f906602e15ffcf6e4bdb7b02b2394b18705841d207f29?s=96&d=mm&r=g","contentUrl":"https:\/\/secure.gravatar.com\/avatar\/bc79426ed0651bb3545f906602e15ffcf6e4bdb7b02b2394b18705841d207f29?s=96&d=mm&r=g","caption":"julian"},"url":"https:\/\/vetanco.com\/es\/author\/julian\/"}]}},"_links":{"self":[{"href":"https:\/\/vetanco.com\/es\/wp-json\/wp\/v2\/posts\/9459","targetHints":{"allow":["GET"]}}],"collection":[{"href":"https:\/\/vetanco.com\/es\/wp-json\/wp\/v2\/posts"}],"about":[{"href":"https:\/\/vetanco.com\/es\/wp-json\/wp\/v2\/types\/post"}],"author":[{"embeddable":true,"href":"https:\/\/vetanco.com\/es\/wp-json\/wp\/v2\/users\/8"}],"replies":[{"embeddable":true,"href":"https:\/\/vetanco.com\/es\/wp-json\/wp\/v2\/comments?post=9459"}],"version-history":[{"count":2,"href":"https:\/\/vetanco.com\/es\/wp-json\/wp\/v2\/posts\/9459\/revisions"}],"predecessor-version":[{"id":11810,"href":"https:\/\/vetanco.com\/es\/wp-json\/wp\/v2\/posts\/9459\/revisions\/11810"}],"wp:featuredmedia":[{"embeddable":true,"href":"https:\/\/vetanco.com\/es\/wp-json\/wp\/v2\/media\/9462"}],"wp:attachment":[{"href":"https:\/\/vetanco.com\/es\/wp-json\/wp\/v2\/media?parent=9459"}],"wp:term":[{"taxonomy":"category","embeddable":true,"href":"https:\/\/vetanco.com\/es\/wp-json\/wp\/v2\/categories?post=9459"},{"taxonomy":"post_tag","embeddable":true,"href":"https:\/\/vetanco.com\/es\/wp-json\/wp\/v2\/tags?post=9459"}],"curies":[{"name":"wp","href":"https:\/\/api.w.org\/{rel}","templated":true}]}}