{"id":9545,"date":"2010-04-20T11:51:00","date_gmt":"2010-04-20T14:51:00","guid":{"rendered":"https:\/\/vetanco.com\/es\/?p=9545"},"modified":"2024-10-28T16:39:35","modified_gmt":"2024-10-28T19:39:35","slug":"vetanco-en-la-reunion-de-la-oie","status":"publish","type":"post","link":"https:\/\/vetanco.com\/es\/vetanco-en-la-reunion-de-la-oie\/","title":{"rendered":"Vetanco en la reuni\u00f3n de la OIE"},"content":{"rendered":"\n\n\n<p>Como parte de nuestra estrategia de crecimiento internacional, estuvimos presentes en la Reuni\u00f3n de la OIE de Damasco para entrevistar a los responsables de registros de los pa\u00edses de una regi\u00f3n estrat\u00e9gica para nuestro plan 2010-2012.<\/p>\n\n\n\n<p>El Dr Guillermo Trentalance, responsable t\u00e9cnico comercial para Medio Oriente, Africa y Europa del Este, se entrevist\u00f3 tambien con nuestros distribuidores informando y discutiendo los planes de trabajo.<\/p>\n\n\n\n<div class=\"wp-block-group is-content-justification-center is-nowrap is-layout-flex wp-container-core-group-is-layout-94bc23d7 wp-block-group-is-layout-flex\">\n<figure class=\"wp-block-image size-full\"><img loading=\"lazy\" decoding=\"async\" width=\"240\" height=\"180\" src=\"https:\/\/vetanco.com\/es\/wp-content\/uploads\/2010\/04\/Damasco-041.jpg\" alt=\"\" class=\"wp-image-11768\"\/><\/figure>\n\n\n\n<figure class=\"wp-block-image size-full\"><img loading=\"lazy\" decoding=\"async\" width=\"240\" height=\"180\" src=\"https:\/\/vetanco.com\/es\/wp-content\/uploads\/2010\/04\/Damasco-038.jpg\" alt=\"\" class=\"wp-image-11769\"\/><\/figure>\n<\/div>\n\n\n\n<div class=\"wp-block-group is-content-justification-center is-nowrap is-layout-flex wp-container-core-group-is-layout-94bc23d7 wp-block-group-is-layout-flex\">\n<figure class=\"wp-block-image size-full\"><img loading=\"lazy\" decoding=\"async\" width=\"240\" height=\"180\" src=\"https:\/\/vetanco.com\/es\/wp-content\/uploads\/2010\/04\/Damasco-037.jpg\" alt=\"\" class=\"wp-image-11770\"\/><\/figure>\n\n\n\n<figure class=\"wp-block-image size-full\"><img loading=\"lazy\" decoding=\"async\" width=\"240\" height=\"180\" src=\"https:\/\/vetanco.com\/es\/wp-content\/uploads\/2010\/04\/Damasco-033.jpg\" alt=\"\" class=\"wp-image-11771\"\/><\/figure>\n<\/div>\n","protected":false},"excerpt":{"rendered":"<p>Como parte de nuestra estrategia de crecimiento internacional, estuvimos presentes en la Reuni\u00f3n de la OIE de Damasco para entrevistar a los responsables de registros de los pa\u00edses de una regi\u00f3n estrat\u00e9gica para nuestro plan 2010-2012. El Dr Guillermo Trentalance, responsable t\u00e9cnico comercial para Medio Oriente, Africa y Europa del Este, se entrevist\u00f3 tambien con [&#8230;]\n","protected":false},"author":8,"featured_media":9550,"comment_status":"open","ping_status":"open","sticky":false,"template":"","format":"standard","meta":{"footnotes":""},"categories":[31],"tags":[222,41],"class_list":["post-9545","post","type-post","status-publish","format-standard","has-post-thumbnail","hentry","category-novedades","tag-oie","tag-vetanco"],"yoast_head":"<!-- This site is optimized with the Yoast SEO plugin v27.3 - https:\/\/yoast.com\/product\/yoast-seo-wordpress\/ -->\n<title>Vetanco en la reuni\u00f3n de la OIE - Vetanco Argentina<\/title>\n<meta name=\"description\" content=\"Estuvimos presentes en la Reuni\u00f3n de la OIE de Damasco para entrevistar a los responsables de registros para nuestro plan 2010-2012.\" \/>\n<meta name=\"robots\" content=\"index, follow, max-snippet:-1, max-image-preview:large, max-video-preview:-1\" \/>\n<link rel=\"canonical\" href=\"https:\/\/vetanco.com\/es\/vetanco-en-la-reunion-de-la-oie\/\" \/>\n<meta property=\"og:locale\" content=\"es_ES\" \/>\n<meta property=\"og:type\" content=\"article\" \/>\n<meta property=\"og:title\" content=\"Vetanco en la reuni\u00f3n de la OIE - Vetanco Argentina\" \/>\n<meta property=\"og:description\" content=\"Estuvimos presentes en la Reuni\u00f3n de la OIE de Damasco para entrevistar a los responsables de registros para nuestro plan 2010-2012.\" \/>\n<meta property=\"og:url\" content=\"https:\/\/vetanco.com\/es\/vetanco-en-la-reunion-de-la-oie\/\" \/>\n<meta property=\"og:site_name\" content=\"Vetanco Argentina\" \/>\n<meta property=\"article:publisher\" content=\"https:\/\/www.facebook.com\/vetancoargentina\" \/>\n<meta property=\"article:published_time\" content=\"2010-04-20T14:51:00+00:00\" \/>\n<meta property=\"article:modified_time\" content=\"2024-10-28T19:39:35+00:00\" \/>\n<meta property=\"og:image\" content=\"https:\/\/vetanco.com\/es\/wp-content\/uploads\/2024\/09\/Damasco-033-1.jpg\" \/>\n\t<meta property=\"og:image:width\" content=\"240\" \/>\n\t<meta property=\"og:image:height\" content=\"180\" \/>\n\t<meta property=\"og:image:type\" content=\"image\/jpeg\" \/>\n<meta name=\"author\" content=\"julian\" \/>\n<meta name=\"twitter:card\" content=\"summary_large_image\" \/>\n<meta name=\"twitter:label1\" content=\"Escrito por\" \/>\n\t<meta name=\"twitter:data1\" content=\"julian\" \/>\n\t<meta name=\"twitter:label2\" content=\"Tiempo de lectura\" \/>\n\t<meta name=\"twitter:data2\" content=\"2 minutos\" \/>\n<script type=\"application\/ld+json\" class=\"yoast-schema-graph\">{\"@context\":\"https:\\\/\\\/schema.org\",\"@graph\":[{\"@type\":\"Article\",\"@id\":\"https:\\\/\\\/vetanco.com\\\/es\\\/vetanco-en-la-reunion-de-la-oie\\\/#article\",\"isPartOf\":{\"@id\":\"https:\\\/\\\/vetanco.com\\\/es\\\/vetanco-en-la-reunion-de-la-oie\\\/\"},\"author\":{\"name\":\"julian\",\"@id\":\"https:\\\/\\\/vetanco.com\\\/es\\\/#\\\/schema\\\/person\\\/46afb38cfab0fe11bf52a9ded679bfcd\"},\"headline\":\"Vetanco en la reuni\u00f3n de la OIE\",\"datePublished\":\"2010-04-20T14:51:00+00:00\",\"dateModified\":\"2024-10-28T19:39:35+00:00\",\"mainEntityOfPage\":{\"@id\":\"https:\\\/\\\/vetanco.com\\\/es\\\/vetanco-en-la-reunion-de-la-oie\\\/\"},\"wordCount\":77,\"commentCount\":0,\"image\":{\"@id\":\"https:\\\/\\\/vetanco.com\\\/es\\\/vetanco-en-la-reunion-de-la-oie\\\/#primaryimage\"},\"thumbnailUrl\":\"https:\\\/\\\/vetanco.com\\\/es\\\/wp-content\\\/uploads\\\/2024\\\/09\\\/Damasco-033-1.jpg\",\"keywords\":[\"OIE\",\"Vetanco\"],\"articleSection\":[\"Novedades\"],\"inLanguage\":\"es\",\"potentialAction\":[{\"@type\":\"CommentAction\",\"name\":\"Comment\",\"target\":[\"https:\\\/\\\/vetanco.com\\\/es\\\/vetanco-en-la-reunion-de-la-oie\\\/#respond\"]}]},{\"@type\":\"WebPage\",\"@id\":\"https:\\\/\\\/vetanco.com\\\/es\\\/vetanco-en-la-reunion-de-la-oie\\\/\",\"url\":\"https:\\\/\\\/vetanco.com\\\/es\\\/vetanco-en-la-reunion-de-la-oie\\\/\",\"name\":\"Vetanco en la reuni\u00f3n de la OIE - Vetanco Argentina\",\"isPartOf\":{\"@id\":\"https:\\\/\\\/vetanco.com\\\/es\\\/#website\"},\"primaryImageOfPage\":{\"@id\":\"https:\\\/\\\/vetanco.com\\\/es\\\/vetanco-en-la-reunion-de-la-oie\\\/#primaryimage\"},\"image\":{\"@id\":\"https:\\\/\\\/vetanco.com\\\/es\\\/vetanco-en-la-reunion-de-la-oie\\\/#primaryimage\"},\"thumbnailUrl\":\"https:\\\/\\\/vetanco.com\\\/es\\\/wp-content\\\/uploads\\\/2024\\\/09\\\/Damasco-033-1.jpg\",\"datePublished\":\"2010-04-20T14:51:00+00:00\",\"dateModified\":\"2024-10-28T19:39:35+00:00\",\"author\":{\"@id\":\"https:\\\/\\\/vetanco.com\\\/es\\\/#\\\/schema\\\/person\\\/46afb38cfab0fe11bf52a9ded679bfcd\"},\"description\":\"Estuvimos presentes en la Reuni\u00f3n de la OIE de Damasco para entrevistar a los responsables de registros para nuestro plan 2010-2012.\",\"breadcrumb\":{\"@id\":\"https:\\\/\\\/vetanco.com\\\/es\\\/vetanco-en-la-reunion-de-la-oie\\\/#breadcrumb\"},\"inLanguage\":\"es\",\"potentialAction\":[{\"@type\":\"ReadAction\",\"target\":[\"https:\\\/\\\/vetanco.com\\\/es\\\/vetanco-en-la-reunion-de-la-oie\\\/\"]}]},{\"@type\":\"ImageObject\",\"inLanguage\":\"es\",\"@id\":\"https:\\\/\\\/vetanco.com\\\/es\\\/vetanco-en-la-reunion-de-la-oie\\\/#primaryimage\",\"url\":\"https:\\\/\\\/vetanco.com\\\/es\\\/wp-content\\\/uploads\\\/2024\\\/09\\\/Damasco-033-1.jpg\",\"contentUrl\":\"https:\\\/\\\/vetanco.com\\\/es\\\/wp-content\\\/uploads\\\/2024\\\/09\\\/Damasco-033-1.jpg\",\"width\":240,\"height\":180},{\"@type\":\"BreadcrumbList\",\"@id\":\"https:\\\/\\\/vetanco.com\\\/es\\\/vetanco-en-la-reunion-de-la-oie\\\/#breadcrumb\",\"itemListElement\":[{\"@type\":\"ListItem\",\"position\":1,\"name\":\"In\u00edcio\",\"item\":\"https:\\\/\\\/vetanco.com\\\/es\\\/\"},{\"@type\":\"ListItem\",\"position\":2,\"name\":\"Vetanco en la reuni\u00f3n de la OIE\"}]},{\"@type\":\"WebSite\",\"@id\":\"https:\\\/\\\/vetanco.com\\\/es\\\/#website\",\"url\":\"https:\\\/\\\/vetanco.com\\\/es\\\/\",\"name\":\"Vetanco Argentina\",\"description\":\"Productos Seguros para Alimentos Seguros\",\"potentialAction\":[{\"@type\":\"SearchAction\",\"target\":{\"@type\":\"EntryPoint\",\"urlTemplate\":\"https:\\\/\\\/vetanco.com\\\/es\\\/?s={search_term_string}\"},\"query-input\":{\"@type\":\"PropertyValueSpecification\",\"valueRequired\":true,\"valueName\":\"search_term_string\"}}],\"inLanguage\":\"es\"},{\"@type\":\"Person\",\"@id\":\"https:\\\/\\\/vetanco.com\\\/es\\\/#\\\/schema\\\/person\\\/46afb38cfab0fe11bf52a9ded679bfcd\",\"name\":\"julian\",\"image\":{\"@type\":\"ImageObject\",\"inLanguage\":\"es\",\"@id\":\"https:\\\/\\\/secure.gravatar.com\\\/avatar\\\/bc79426ed0651bb3545f906602e15ffcf6e4bdb7b02b2394b18705841d207f29?s=96&d=mm&r=g\",\"url\":\"https:\\\/\\\/secure.gravatar.com\\\/avatar\\\/bc79426ed0651bb3545f906602e15ffcf6e4bdb7b02b2394b18705841d207f29?s=96&d=mm&r=g\",\"contentUrl\":\"https:\\\/\\\/secure.gravatar.com\\\/avatar\\\/bc79426ed0651bb3545f906602e15ffcf6e4bdb7b02b2394b18705841d207f29?s=96&d=mm&r=g\",\"caption\":\"julian\"},\"url\":\"https:\\\/\\\/vetanco.com\\\/es\\\/author\\\/julian\\\/\"}]}<\/script>\n<!-- \/ Yoast SEO plugin. -->","yoast_head_json":{"title":"Vetanco en la reuni\u00f3n de la OIE - Vetanco Argentina","description":"Estuvimos presentes en la Reuni\u00f3n de la OIE de Damasco para entrevistar a los responsables de registros para nuestro plan 2010-2012.","robots":{"index":"index","follow":"follow","max-snippet":"max-snippet:-1","max-image-preview":"max-image-preview:large","max-video-preview":"max-video-preview:-1"},"canonical":"https:\/\/vetanco.com\/es\/vetanco-en-la-reunion-de-la-oie\/","og_locale":"es_ES","og_type":"article","og_title":"Vetanco en la reuni\u00f3n de la OIE - Vetanco Argentina","og_description":"Estuvimos presentes en la Reuni\u00f3n de la OIE de Damasco para entrevistar a los responsables de registros para nuestro plan 2010-2012.","og_url":"https:\/\/vetanco.com\/es\/vetanco-en-la-reunion-de-la-oie\/","og_site_name":"Vetanco Argentina","article_publisher":"https:\/\/www.facebook.com\/vetancoargentina","article_published_time":"2010-04-20T14:51:00+00:00","article_modified_time":"2024-10-28T19:39:35+00:00","og_image":[{"width":240,"height":180,"url":"https:\/\/vetanco.com\/es\/wp-content\/uploads\/2024\/09\/Damasco-033-1.jpg","type":"image\/jpeg"}],"author":"julian","twitter_card":"summary_large_image","twitter_misc":{"Escrito por":"julian","Tiempo de lectura":"2 minutos"},"schema":{"@context":"https:\/\/schema.org","@graph":[{"@type":"Article","@id":"https:\/\/vetanco.com\/es\/vetanco-en-la-reunion-de-la-oie\/#article","isPartOf":{"@id":"https:\/\/vetanco.com\/es\/vetanco-en-la-reunion-de-la-oie\/"},"author":{"name":"julian","@id":"https:\/\/vetanco.com\/es\/#\/schema\/person\/46afb38cfab0fe11bf52a9ded679bfcd"},"headline":"Vetanco en la reuni\u00f3n de la OIE","datePublished":"2010-04-20T14:51:00+00:00","dateModified":"2024-10-28T19:39:35+00:00","mainEntityOfPage":{"@id":"https:\/\/vetanco.com\/es\/vetanco-en-la-reunion-de-la-oie\/"},"wordCount":77,"commentCount":0,"image":{"@id":"https:\/\/vetanco.com\/es\/vetanco-en-la-reunion-de-la-oie\/#primaryimage"},"thumbnailUrl":"https:\/\/vetanco.com\/es\/wp-content\/uploads\/2024\/09\/Damasco-033-1.jpg","keywords":["OIE","Vetanco"],"articleSection":["Novedades"],"inLanguage":"es","potentialAction":[{"@type":"CommentAction","name":"Comment","target":["https:\/\/vetanco.com\/es\/vetanco-en-la-reunion-de-la-oie\/#respond"]}]},{"@type":"WebPage","@id":"https:\/\/vetanco.com\/es\/vetanco-en-la-reunion-de-la-oie\/","url":"https:\/\/vetanco.com\/es\/vetanco-en-la-reunion-de-la-oie\/","name":"Vetanco en la reuni\u00f3n de la OIE - Vetanco Argentina","isPartOf":{"@id":"https:\/\/vetanco.com\/es\/#website"},"primaryImageOfPage":{"@id":"https:\/\/vetanco.com\/es\/vetanco-en-la-reunion-de-la-oie\/#primaryimage"},"image":{"@id":"https:\/\/vetanco.com\/es\/vetanco-en-la-reunion-de-la-oie\/#primaryimage"},"thumbnailUrl":"https:\/\/vetanco.com\/es\/wp-content\/uploads\/2024\/09\/Damasco-033-1.jpg","datePublished":"2010-04-20T14:51:00+00:00","dateModified":"2024-10-28T19:39:35+00:00","author":{"@id":"https:\/\/vetanco.com\/es\/#\/schema\/person\/46afb38cfab0fe11bf52a9ded679bfcd"},"description":"Estuvimos presentes en la Reuni\u00f3n de la OIE de Damasco para entrevistar a los responsables de registros para nuestro plan 2010-2012.","breadcrumb":{"@id":"https:\/\/vetanco.com\/es\/vetanco-en-la-reunion-de-la-oie\/#breadcrumb"},"inLanguage":"es","potentialAction":[{"@type":"ReadAction","target":["https:\/\/vetanco.com\/es\/vetanco-en-la-reunion-de-la-oie\/"]}]},{"@type":"ImageObject","inLanguage":"es","@id":"https:\/\/vetanco.com\/es\/vetanco-en-la-reunion-de-la-oie\/#primaryimage","url":"https:\/\/vetanco.com\/es\/wp-content\/uploads\/2024\/09\/Damasco-033-1.jpg","contentUrl":"https:\/\/vetanco.com\/es\/wp-content\/uploads\/2024\/09\/Damasco-033-1.jpg","width":240,"height":180},{"@type":"BreadcrumbList","@id":"https:\/\/vetanco.com\/es\/vetanco-en-la-reunion-de-la-oie\/#breadcrumb","itemListElement":[{"@type":"ListItem","position":1,"name":"In\u00edcio","item":"https:\/\/vetanco.com\/es\/"},{"@type":"ListItem","position":2,"name":"Vetanco en la reuni\u00f3n de la OIE"}]},{"@type":"WebSite","@id":"https:\/\/vetanco.com\/es\/#website","url":"https:\/\/vetanco.com\/es\/","name":"Vetanco Argentina","description":"Productos Seguros para Alimentos Seguros","potentialAction":[{"@type":"SearchAction","target":{"@type":"EntryPoint","urlTemplate":"https:\/\/vetanco.com\/es\/?s={search_term_string}"},"query-input":{"@type":"PropertyValueSpecification","valueRequired":true,"valueName":"search_term_string"}}],"inLanguage":"es"},{"@type":"Person","@id":"https:\/\/vetanco.com\/es\/#\/schema\/person\/46afb38cfab0fe11bf52a9ded679bfcd","name":"julian","image":{"@type":"ImageObject","inLanguage":"es","@id":"https:\/\/secure.gravatar.com\/avatar\/bc79426ed0651bb3545f906602e15ffcf6e4bdb7b02b2394b18705841d207f29?s=96&d=mm&r=g","url":"https:\/\/secure.gravatar.com\/avatar\/bc79426ed0651bb3545f906602e15ffcf6e4bdb7b02b2394b18705841d207f29?s=96&d=mm&r=g","contentUrl":"https:\/\/secure.gravatar.com\/avatar\/bc79426ed0651bb3545f906602e15ffcf6e4bdb7b02b2394b18705841d207f29?s=96&d=mm&r=g","caption":"julian"},"url":"https:\/\/vetanco.com\/es\/author\/julian\/"}]}},"_links":{"self":[{"href":"https:\/\/vetanco.com\/es\/wp-json\/wp\/v2\/posts\/9545","targetHints":{"allow":["GET"]}}],"collection":[{"href":"https:\/\/vetanco.com\/es\/wp-json\/wp\/v2\/posts"}],"about":[{"href":"https:\/\/vetanco.com\/es\/wp-json\/wp\/v2\/types\/post"}],"author":[{"embeddable":true,"href":"https:\/\/vetanco.com\/es\/wp-json\/wp\/v2\/users\/8"}],"replies":[{"embeddable":true,"href":"https:\/\/vetanco.com\/es\/wp-json\/wp\/v2\/comments?post=9545"}],"version-history":[{"count":2,"href":"https:\/\/vetanco.com\/es\/wp-json\/wp\/v2\/posts\/9545\/revisions"}],"predecessor-version":[{"id":11772,"href":"https:\/\/vetanco.com\/es\/wp-json\/wp\/v2\/posts\/9545\/revisions\/11772"}],"wp:featuredmedia":[{"embeddable":true,"href":"https:\/\/vetanco.com\/es\/wp-json\/wp\/v2\/media\/9550"}],"wp:attachment":[{"href":"https:\/\/vetanco.com\/es\/wp-json\/wp\/v2\/media?parent=9545"}],"wp:term":[{"taxonomy":"category","embeddable":true,"href":"https:\/\/vetanco.com\/es\/wp-json\/wp\/v2\/categories?post=9545"},{"taxonomy":"post_tag","embeddable":true,"href":"https:\/\/vetanco.com\/es\/wp-json\/wp\/v2\/tags?post=9545"}],"curies":[{"name":"wp","href":"https:\/\/api.w.org\/{rel}","templated":true}]}}