{"id":9558,"date":"2010-04-10T12:06:00","date_gmt":"2010-04-10T15:06:00","guid":{"rendered":"https:\/\/vetanco.com\/es\/?p=9558"},"modified":"2025-07-02T09:54:25","modified_gmt":"2025-07-02T12:54:25","slug":"el-dr-mario-plano-recibe-el-premio-al-merito-de-la-fundacion-dr-rodolfo-perotti","status":"publish","type":"post","link":"https:\/\/vetanco.com\/es\/el-dr-mario-plano-recibe-el-premio-al-merito-de-la-fundacion-dr-rodolfo-perotti\/","title":{"rendered":"El Dr. Mario Plano recibe el Premio al M\u00e9rito de la Fundaci\u00f3n Dr. Rodolfo Perotti"},"content":{"rendered":"\n\n\n<p>El pasado viernes 9 de abril se entreg\u00f3 el reconocimiento al Dr Mario Plano, en la Facultad de Veterinaria de la Universidad Nacional de La Plata. Por sus numerosos aportes a la avicultura, su trabajo en la formaci\u00f3n de nuevos profesionales y sus publicaciones y conferencias internacionales hacen altamente merecido este reconocimiento bianual que la Fundaci\u00f3n Prof. Dr. Rodolfo Perotti otorga a los m\u00e9dicos veterinarios o Dres. en Medicina Veterinaria destacados en esta especialidad.<\/p>\n\n\n\n<p>Mario Plano es autor de numerosos libros, tutor de portales educativos y titular de registros de propiedad intelectual innovadores. Felicitamos al Dr Mario Plano por el merecido galard\u00f3n, y a la Fundaci\u00f3n Prof. Dr. Rodolfo M. Perotti, por la tarea desarrollada y los valores que premia y estimula.<\/p>\n\n\n\n<p>La Fundaci\u00f3n Prof. Dr. Rodolfo M. Perotti obra de homenaje a quien ha sido impulsor de la industria av\u00edcola intensiva en nuestro pa\u00eds, el Prof. Dr. Rodolfo M. Perotti, mediante la difusi\u00f3n de sus valores \u00e9ticos y profesionales, tal como la continua formaci\u00f3n y capacitaci\u00f3n de los profesionales veterinarios.<\/p>\n\n\n\n<p>Su desinteresada generosidad para difundir sus logros y conocimientos dej\u00f3 importantes huellas tal como la creaci\u00f3n de la primera c\u00e1tedra universitaria a nivel nacional sobre avicultura, m\u00e9rito que llev\u00f3 a cabo en la facultad de Ciencias Veterinarias de la Universidad Nacional de La Plata.<\/p>\n\n\n\n<div class=\"wp-block-group is-nowrap is-layout-flex wp-container-core-group-is-layout-ad2f72ca wp-block-group-is-layout-flex\">\n<div class=\"wp-block-group is-nowrap is-layout-flex wp-container-core-group-is-layout-ad2f72ca wp-block-group-is-layout-flex\">\n\n<\/div>\n\n\n<\/div>\n\n\n\n<p>M\u00e1s informaci\u00f3n Click aqu\u00ed<br><strong>Fundaci\u00f3n Prof. Dr. Rodolfo M. Perotti.<\/strong><br><strong>Rafael Bielsa 238-Cap. Fed.<\/strong><br><strong>Tel: 4553-6745<\/strong><br><strong>E-mail: info@fundacionperotti.org.ar<\/strong><\/p>\n","protected":false},"excerpt":{"rendered":"<p>El pasado viernes 9 de abril se entreg\u00f3 el reconocimiento al Dr Mario Plano, en la Facultad de Veterinaria de la Universidad Nacional de La Plata. Por sus numerosos aportes a la avicultura, su trabajo en la formaci\u00f3n de nuevos profesionales y sus publicaciones y conferencias internacionales hacen altamente merecido este reconocimiento bianual que la [&#8230;]\n","protected":false},"author":8,"featured_media":9559,"comment_status":"open","ping_status":"open","sticky":false,"template":"","format":"standard","meta":{"footnotes":""},"categories":[31],"tags":[644,47,41],"class_list":["post-9558","post","type-post","status-publish","format-standard","has-post-thumbnail","hentry","category-novedades","tag-fundacion-prof-dr-rodolfo-m-perotti","tag-unlp","tag-vetanco"],"yoast_head":"<!-- This site is optimized with the Yoast SEO plugin v27.3 - https:\/\/yoast.com\/product\/yoast-seo-wordpress\/ -->\n<title>El Dr. Mario Plano recibe el Premio al M\u00e9rito de la Fundaci\u00f3n Dr. Rodolfo Perotti - Vetanco Argentina<\/title>\n<meta name=\"description\" content=\"La Fundaci\u00f3n Prof. Dr. Rodolfo M. Perotti obra de homenaje a quien ha sido impulsor de la industria av\u00edcola intensiva en nuestro pa\u00eds.\" \/>\n<meta name=\"robots\" content=\"index, follow, max-snippet:-1, max-image-preview:large, max-video-preview:-1\" \/>\n<link rel=\"canonical\" href=\"https:\/\/vetanco.com\/es\/el-dr-mario-plano-recibe-el-premio-al-merito-de-la-fundacion-dr-rodolfo-perotti\/\" \/>\n<meta property=\"og:locale\" content=\"es_ES\" \/>\n<meta property=\"og:type\" content=\"article\" \/>\n<meta property=\"og:title\" content=\"El Dr. Mario Plano recibe el Premio al M\u00e9rito de la Fundaci\u00f3n Dr. Rodolfo Perotti - Vetanco Argentina\" \/>\n<meta property=\"og:description\" content=\"La Fundaci\u00f3n Prof. Dr. Rodolfo M. Perotti obra de homenaje a quien ha sido impulsor de la industria av\u00edcola intensiva en nuestro pa\u00eds.\" \/>\n<meta property=\"og:url\" content=\"https:\/\/vetanco.com\/es\/el-dr-mario-plano-recibe-el-premio-al-merito-de-la-fundacion-dr-rodolfo-perotti\/\" \/>\n<meta property=\"og:site_name\" content=\"Vetanco Argentina\" \/>\n<meta property=\"article:publisher\" content=\"https:\/\/www.facebook.com\/vetancoargentina\" \/>\n<meta property=\"article:published_time\" content=\"2010-04-10T15:06:00+00:00\" \/>\n<meta property=\"article:modified_time\" content=\"2025-07-02T12:54:25+00:00\" \/>\n<meta property=\"og:image\" content=\"https:\/\/vetanco.com\/es\/wp-content\/uploads\/2024\/09\/premioperottiplano1.jpg\" \/>\n\t<meta property=\"og:image:width\" content=\"240\" \/>\n\t<meta property=\"og:image:height\" content=\"182\" \/>\n\t<meta property=\"og:image:type\" content=\"image\/jpeg\" \/>\n<meta name=\"author\" content=\"julian\" \/>\n<meta name=\"twitter:card\" content=\"summary_large_image\" \/>\n<meta name=\"twitter:label1\" content=\"Escrito por\" \/>\n\t<meta name=\"twitter:data1\" content=\"julian\" \/>\n\t<meta name=\"twitter:label2\" content=\"Tiempo de lectura\" \/>\n\t<meta name=\"twitter:data2\" content=\"2 minutos\" \/>\n<script type=\"application\/ld+json\" class=\"yoast-schema-graph\">{\"@context\":\"https:\\\/\\\/schema.org\",\"@graph\":[{\"@type\":\"Article\",\"@id\":\"https:\\\/\\\/vetanco.com\\\/es\\\/el-dr-mario-plano-recibe-el-premio-al-merito-de-la-fundacion-dr-rodolfo-perotti\\\/#article\",\"isPartOf\":{\"@id\":\"https:\\\/\\\/vetanco.com\\\/es\\\/el-dr-mario-plano-recibe-el-premio-al-merito-de-la-fundacion-dr-rodolfo-perotti\\\/\"},\"author\":{\"name\":\"julian\",\"@id\":\"https:\\\/\\\/vetanco.com\\\/es\\\/#\\\/schema\\\/person\\\/46afb38cfab0fe11bf52a9ded679bfcd\"},\"headline\":\"El Dr. Mario Plano recibe el Premio al M\u00e9rito de la Fundaci\u00f3n Dr. Rodolfo Perotti\",\"datePublished\":\"2010-04-10T15:06:00+00:00\",\"dateModified\":\"2025-07-02T12:54:25+00:00\",\"mainEntityOfPage\":{\"@id\":\"https:\\\/\\\/vetanco.com\\\/es\\\/el-dr-mario-plano-recibe-el-premio-al-merito-de-la-fundacion-dr-rodolfo-perotti\\\/\"},\"wordCount\":269,\"commentCount\":0,\"image\":{\"@id\":\"https:\\\/\\\/vetanco.com\\\/es\\\/el-dr-mario-plano-recibe-el-premio-al-merito-de-la-fundacion-dr-rodolfo-perotti\\\/#primaryimage\"},\"thumbnailUrl\":\"https:\\\/\\\/vetanco.com\\\/es\\\/wp-content\\\/uploads\\\/2024\\\/09\\\/premioperottiplano1.jpg\",\"keywords\":[\"Fundaci\u00f3n Prof. Dr. Rodolfo M. Perotti.\",\"UNLP\",\"Vetanco\"],\"articleSection\":[\"Novedades\"],\"inLanguage\":\"es\",\"potentialAction\":[{\"@type\":\"CommentAction\",\"name\":\"Comment\",\"target\":[\"https:\\\/\\\/vetanco.com\\\/es\\\/el-dr-mario-plano-recibe-el-premio-al-merito-de-la-fundacion-dr-rodolfo-perotti\\\/#respond\"]}]},{\"@type\":\"WebPage\",\"@id\":\"https:\\\/\\\/vetanco.com\\\/es\\\/el-dr-mario-plano-recibe-el-premio-al-merito-de-la-fundacion-dr-rodolfo-perotti\\\/\",\"url\":\"https:\\\/\\\/vetanco.com\\\/es\\\/el-dr-mario-plano-recibe-el-premio-al-merito-de-la-fundacion-dr-rodolfo-perotti\\\/\",\"name\":\"El Dr. Mario Plano recibe el Premio al M\u00e9rito de la Fundaci\u00f3n Dr. Rodolfo Perotti - Vetanco Argentina\",\"isPartOf\":{\"@id\":\"https:\\\/\\\/vetanco.com\\\/es\\\/#website\"},\"primaryImageOfPage\":{\"@id\":\"https:\\\/\\\/vetanco.com\\\/es\\\/el-dr-mario-plano-recibe-el-premio-al-merito-de-la-fundacion-dr-rodolfo-perotti\\\/#primaryimage\"},\"image\":{\"@id\":\"https:\\\/\\\/vetanco.com\\\/es\\\/el-dr-mario-plano-recibe-el-premio-al-merito-de-la-fundacion-dr-rodolfo-perotti\\\/#primaryimage\"},\"thumbnailUrl\":\"https:\\\/\\\/vetanco.com\\\/es\\\/wp-content\\\/uploads\\\/2024\\\/09\\\/premioperottiplano1.jpg\",\"datePublished\":\"2010-04-10T15:06:00+00:00\",\"dateModified\":\"2025-07-02T12:54:25+00:00\",\"author\":{\"@id\":\"https:\\\/\\\/vetanco.com\\\/es\\\/#\\\/schema\\\/person\\\/46afb38cfab0fe11bf52a9ded679bfcd\"},\"description\":\"La Fundaci\u00f3n Prof. Dr. Rodolfo M. Perotti obra de homenaje a quien ha sido impulsor de la industria av\u00edcola intensiva en nuestro pa\u00eds.\",\"breadcrumb\":{\"@id\":\"https:\\\/\\\/vetanco.com\\\/es\\\/el-dr-mario-plano-recibe-el-premio-al-merito-de-la-fundacion-dr-rodolfo-perotti\\\/#breadcrumb\"},\"inLanguage\":\"es\",\"potentialAction\":[{\"@type\":\"ReadAction\",\"target\":[\"https:\\\/\\\/vetanco.com\\\/es\\\/el-dr-mario-plano-recibe-el-premio-al-merito-de-la-fundacion-dr-rodolfo-perotti\\\/\"]}]},{\"@type\":\"ImageObject\",\"inLanguage\":\"es\",\"@id\":\"https:\\\/\\\/vetanco.com\\\/es\\\/el-dr-mario-plano-recibe-el-premio-al-merito-de-la-fundacion-dr-rodolfo-perotti\\\/#primaryimage\",\"url\":\"https:\\\/\\\/vetanco.com\\\/es\\\/wp-content\\\/uploads\\\/2024\\\/09\\\/premioperottiplano1.jpg\",\"contentUrl\":\"https:\\\/\\\/vetanco.com\\\/es\\\/wp-content\\\/uploads\\\/2024\\\/09\\\/premioperottiplano1.jpg\",\"width\":240,\"height\":182},{\"@type\":\"BreadcrumbList\",\"@id\":\"https:\\\/\\\/vetanco.com\\\/es\\\/el-dr-mario-plano-recibe-el-premio-al-merito-de-la-fundacion-dr-rodolfo-perotti\\\/#breadcrumb\",\"itemListElement\":[{\"@type\":\"ListItem\",\"position\":1,\"name\":\"In\u00edcio\",\"item\":\"https:\\\/\\\/vetanco.com\\\/es\\\/\"},{\"@type\":\"ListItem\",\"position\":2,\"name\":\"El Dr. Mario Plano recibe el Premio al M\u00e9rito de la Fundaci\u00f3n Dr. Rodolfo Perotti\"}]},{\"@type\":\"WebSite\",\"@id\":\"https:\\\/\\\/vetanco.com\\\/es\\\/#website\",\"url\":\"https:\\\/\\\/vetanco.com\\\/es\\\/\",\"name\":\"Vetanco Argentina\",\"description\":\"Productos Seguros para Alimentos Seguros\",\"potentialAction\":[{\"@type\":\"SearchAction\",\"target\":{\"@type\":\"EntryPoint\",\"urlTemplate\":\"https:\\\/\\\/vetanco.com\\\/es\\\/?s={search_term_string}\"},\"query-input\":{\"@type\":\"PropertyValueSpecification\",\"valueRequired\":true,\"valueName\":\"search_term_string\"}}],\"inLanguage\":\"es\"},{\"@type\":\"Person\",\"@id\":\"https:\\\/\\\/vetanco.com\\\/es\\\/#\\\/schema\\\/person\\\/46afb38cfab0fe11bf52a9ded679bfcd\",\"name\":\"julian\",\"image\":{\"@type\":\"ImageObject\",\"inLanguage\":\"es\",\"@id\":\"https:\\\/\\\/secure.gravatar.com\\\/avatar\\\/bc79426ed0651bb3545f906602e15ffcf6e4bdb7b02b2394b18705841d207f29?s=96&d=mm&r=g\",\"url\":\"https:\\\/\\\/secure.gravatar.com\\\/avatar\\\/bc79426ed0651bb3545f906602e15ffcf6e4bdb7b02b2394b18705841d207f29?s=96&d=mm&r=g\",\"contentUrl\":\"https:\\\/\\\/secure.gravatar.com\\\/avatar\\\/bc79426ed0651bb3545f906602e15ffcf6e4bdb7b02b2394b18705841d207f29?s=96&d=mm&r=g\",\"caption\":\"julian\"},\"url\":\"https:\\\/\\\/vetanco.com\\\/es\\\/author\\\/julian\\\/\"}]}<\/script>\n<!-- \/ Yoast SEO plugin. -->","yoast_head_json":{"title":"El Dr. Mario Plano recibe el Premio al M\u00e9rito de la Fundaci\u00f3n Dr. Rodolfo Perotti - Vetanco Argentina","description":"La Fundaci\u00f3n Prof. Dr. Rodolfo M. Perotti obra de homenaje a quien ha sido impulsor de la industria av\u00edcola intensiva en nuestro pa\u00eds.","robots":{"index":"index","follow":"follow","max-snippet":"max-snippet:-1","max-image-preview":"max-image-preview:large","max-video-preview":"max-video-preview:-1"},"canonical":"https:\/\/vetanco.com\/es\/el-dr-mario-plano-recibe-el-premio-al-merito-de-la-fundacion-dr-rodolfo-perotti\/","og_locale":"es_ES","og_type":"article","og_title":"El Dr. Mario Plano recibe el Premio al M\u00e9rito de la Fundaci\u00f3n Dr. Rodolfo Perotti - Vetanco Argentina","og_description":"La Fundaci\u00f3n Prof. Dr. Rodolfo M. Perotti obra de homenaje a quien ha sido impulsor de la industria av\u00edcola intensiva en nuestro pa\u00eds.","og_url":"https:\/\/vetanco.com\/es\/el-dr-mario-plano-recibe-el-premio-al-merito-de-la-fundacion-dr-rodolfo-perotti\/","og_site_name":"Vetanco Argentina","article_publisher":"https:\/\/www.facebook.com\/vetancoargentina","article_published_time":"2010-04-10T15:06:00+00:00","article_modified_time":"2025-07-02T12:54:25+00:00","og_image":[{"width":240,"height":182,"url":"https:\/\/vetanco.com\/es\/wp-content\/uploads\/2024\/09\/premioperottiplano1.jpg","type":"image\/jpeg"}],"author":"julian","twitter_card":"summary_large_image","twitter_misc":{"Escrito por":"julian","Tiempo de lectura":"2 minutos"},"schema":{"@context":"https:\/\/schema.org","@graph":[{"@type":"Article","@id":"https:\/\/vetanco.com\/es\/el-dr-mario-plano-recibe-el-premio-al-merito-de-la-fundacion-dr-rodolfo-perotti\/#article","isPartOf":{"@id":"https:\/\/vetanco.com\/es\/el-dr-mario-plano-recibe-el-premio-al-merito-de-la-fundacion-dr-rodolfo-perotti\/"},"author":{"name":"julian","@id":"https:\/\/vetanco.com\/es\/#\/schema\/person\/46afb38cfab0fe11bf52a9ded679bfcd"},"headline":"El Dr. Mario Plano recibe el Premio al M\u00e9rito de la Fundaci\u00f3n Dr. Rodolfo Perotti","datePublished":"2010-04-10T15:06:00+00:00","dateModified":"2025-07-02T12:54:25+00:00","mainEntityOfPage":{"@id":"https:\/\/vetanco.com\/es\/el-dr-mario-plano-recibe-el-premio-al-merito-de-la-fundacion-dr-rodolfo-perotti\/"},"wordCount":269,"commentCount":0,"image":{"@id":"https:\/\/vetanco.com\/es\/el-dr-mario-plano-recibe-el-premio-al-merito-de-la-fundacion-dr-rodolfo-perotti\/#primaryimage"},"thumbnailUrl":"https:\/\/vetanco.com\/es\/wp-content\/uploads\/2024\/09\/premioperottiplano1.jpg","keywords":["Fundaci\u00f3n Prof. Dr. Rodolfo M. Perotti.","UNLP","Vetanco"],"articleSection":["Novedades"],"inLanguage":"es","potentialAction":[{"@type":"CommentAction","name":"Comment","target":["https:\/\/vetanco.com\/es\/el-dr-mario-plano-recibe-el-premio-al-merito-de-la-fundacion-dr-rodolfo-perotti\/#respond"]}]},{"@type":"WebPage","@id":"https:\/\/vetanco.com\/es\/el-dr-mario-plano-recibe-el-premio-al-merito-de-la-fundacion-dr-rodolfo-perotti\/","url":"https:\/\/vetanco.com\/es\/el-dr-mario-plano-recibe-el-premio-al-merito-de-la-fundacion-dr-rodolfo-perotti\/","name":"El Dr. Mario Plano recibe el Premio al M\u00e9rito de la Fundaci\u00f3n Dr. Rodolfo Perotti - Vetanco Argentina","isPartOf":{"@id":"https:\/\/vetanco.com\/es\/#website"},"primaryImageOfPage":{"@id":"https:\/\/vetanco.com\/es\/el-dr-mario-plano-recibe-el-premio-al-merito-de-la-fundacion-dr-rodolfo-perotti\/#primaryimage"},"image":{"@id":"https:\/\/vetanco.com\/es\/el-dr-mario-plano-recibe-el-premio-al-merito-de-la-fundacion-dr-rodolfo-perotti\/#primaryimage"},"thumbnailUrl":"https:\/\/vetanco.com\/es\/wp-content\/uploads\/2024\/09\/premioperottiplano1.jpg","datePublished":"2010-04-10T15:06:00+00:00","dateModified":"2025-07-02T12:54:25+00:00","author":{"@id":"https:\/\/vetanco.com\/es\/#\/schema\/person\/46afb38cfab0fe11bf52a9ded679bfcd"},"description":"La Fundaci\u00f3n Prof. Dr. Rodolfo M. Perotti obra de homenaje a quien ha sido impulsor de la industria av\u00edcola intensiva en nuestro pa\u00eds.","breadcrumb":{"@id":"https:\/\/vetanco.com\/es\/el-dr-mario-plano-recibe-el-premio-al-merito-de-la-fundacion-dr-rodolfo-perotti\/#breadcrumb"},"inLanguage":"es","potentialAction":[{"@type":"ReadAction","target":["https:\/\/vetanco.com\/es\/el-dr-mario-plano-recibe-el-premio-al-merito-de-la-fundacion-dr-rodolfo-perotti\/"]}]},{"@type":"ImageObject","inLanguage":"es","@id":"https:\/\/vetanco.com\/es\/el-dr-mario-plano-recibe-el-premio-al-merito-de-la-fundacion-dr-rodolfo-perotti\/#primaryimage","url":"https:\/\/vetanco.com\/es\/wp-content\/uploads\/2024\/09\/premioperottiplano1.jpg","contentUrl":"https:\/\/vetanco.com\/es\/wp-content\/uploads\/2024\/09\/premioperottiplano1.jpg","width":240,"height":182},{"@type":"BreadcrumbList","@id":"https:\/\/vetanco.com\/es\/el-dr-mario-plano-recibe-el-premio-al-merito-de-la-fundacion-dr-rodolfo-perotti\/#breadcrumb","itemListElement":[{"@type":"ListItem","position":1,"name":"In\u00edcio","item":"https:\/\/vetanco.com\/es\/"},{"@type":"ListItem","position":2,"name":"El Dr. Mario Plano recibe el Premio al M\u00e9rito de la Fundaci\u00f3n Dr. Rodolfo Perotti"}]},{"@type":"WebSite","@id":"https:\/\/vetanco.com\/es\/#website","url":"https:\/\/vetanco.com\/es\/","name":"Vetanco Argentina","description":"Productos Seguros para Alimentos Seguros","potentialAction":[{"@type":"SearchAction","target":{"@type":"EntryPoint","urlTemplate":"https:\/\/vetanco.com\/es\/?s={search_term_string}"},"query-input":{"@type":"PropertyValueSpecification","valueRequired":true,"valueName":"search_term_string"}}],"inLanguage":"es"},{"@type":"Person","@id":"https:\/\/vetanco.com\/es\/#\/schema\/person\/46afb38cfab0fe11bf52a9ded679bfcd","name":"julian","image":{"@type":"ImageObject","inLanguage":"es","@id":"https:\/\/secure.gravatar.com\/avatar\/bc79426ed0651bb3545f906602e15ffcf6e4bdb7b02b2394b18705841d207f29?s=96&d=mm&r=g","url":"https:\/\/secure.gravatar.com\/avatar\/bc79426ed0651bb3545f906602e15ffcf6e4bdb7b02b2394b18705841d207f29?s=96&d=mm&r=g","contentUrl":"https:\/\/secure.gravatar.com\/avatar\/bc79426ed0651bb3545f906602e15ffcf6e4bdb7b02b2394b18705841d207f29?s=96&d=mm&r=g","caption":"julian"},"url":"https:\/\/vetanco.com\/es\/author\/julian\/"}]}},"_links":{"self":[{"href":"https:\/\/vetanco.com\/es\/wp-json\/wp\/v2\/posts\/9558","targetHints":{"allow":["GET"]}}],"collection":[{"href":"https:\/\/vetanco.com\/es\/wp-json\/wp\/v2\/posts"}],"about":[{"href":"https:\/\/vetanco.com\/es\/wp-json\/wp\/v2\/types\/post"}],"author":[{"embeddable":true,"href":"https:\/\/vetanco.com\/es\/wp-json\/wp\/v2\/users\/8"}],"replies":[{"embeddable":true,"href":"https:\/\/vetanco.com\/es\/wp-json\/wp\/v2\/comments?post=9558"}],"version-history":[{"count":8,"href":"https:\/\/vetanco.com\/es\/wp-json\/wp\/v2\/posts\/9558\/revisions"}],"predecessor-version":[{"id":14711,"href":"https:\/\/vetanco.com\/es\/wp-json\/wp\/v2\/posts\/9558\/revisions\/14711"}],"wp:featuredmedia":[{"embeddable":true,"href":"https:\/\/vetanco.com\/es\/wp-json\/wp\/v2\/media\/9559"}],"wp:attachment":[{"href":"https:\/\/vetanco.com\/es\/wp-json\/wp\/v2\/media?parent=9558"}],"wp:term":[{"taxonomy":"category","embeddable":true,"href":"https:\/\/vetanco.com\/es\/wp-json\/wp\/v2\/categories?post=9558"},{"taxonomy":"post_tag","embeddable":true,"href":"https:\/\/vetanco.com\/es\/wp-json\/wp\/v2\/tags?post=9558"}],"curies":[{"name":"wp","href":"https:\/\/api.w.org\/{rel}","templated":true}]}}