{"id":9575,"date":"2013-10-02T13:52:00","date_gmt":"2013-10-02T16:52:00","guid":{"rendered":"https:\/\/vetanco.com\/es\/?p=9575"},"modified":"2025-03-14T16:18:59","modified_gmt":"2025-03-14T19:18:59","slug":"vetanco-en-expodel-2013-de-general-rodriguez","status":"publish","type":"post","link":"https:\/\/vetanco.com\/es\/vetanco-en-expodel-2013-de-general-rodriguez\/","title":{"rendered":"Vetanco en ExpoDEL 2013 de General Rodr\u00edguez"},"content":{"rendered":"\n\n\n<p>Los d\u00edas 27, 28 y 29 de Septiembre, en las instalaciones del Polideportivo Municipal \u201cJuan \u00c1vila\u201d se realizo la 8\u00aa Exposici\u00f3n de Desarrollo Econ\u00f3mico Local denominada ExpoDEL 2013.<\/p>\n\n\n\n<p>En la ExpoDEL se dieron cita las fuerzas productivas de General Rodriguez, siendo las empresas los actores principales que, m\u00e1s all\u00e1 de exponer, promocionar, y ofertar sus productos y servicios, encuentran en este \u00e1mbito el sitio propicio para acercarse a la comunidad y presentarse institucionalmente, en una clara demostraci\u00f3n de empresa comprometida con el crecimiento de la ciudad, de la provincia y del pa\u00eds.<\/p>\n\n\n\n<div class=\"wp-block-group is-content-justification-center is-nowrap is-layout-flex wp-container-core-group-is-layout-94bc23d7 wp-block-group-is-layout-flex\">\n<figure class=\"wp-block-image size-full\"><img loading=\"lazy\" decoding=\"async\" width=\"150\" height=\"150\" src=\"https:\/\/vetanco.com\/es\/wp-content\/uploads\/2013\/10\/expodel-150x150-1.jpg\" alt=\"\" class=\"wp-image-14165\" srcset=\"https:\/\/vetanco.com\/es\/wp-content\/uploads\/2013\/10\/expodel-150x150-1.jpg 150w, https:\/\/vetanco.com\/es\/wp-content\/uploads\/2013\/10\/expodel-150x150-1-100x100.jpg 100w\" sizes=\"auto, (max-width: 150px) 100vw, 150px\" \/><\/figure>\n\n\n\n<figure class=\"wp-block-image size-full\"><img loading=\"lazy\" decoding=\"async\" width=\"150\" height=\"150\" src=\"https:\/\/vetanco.com\/es\/wp-content\/uploads\/2013\/10\/expodel2-150x150-2.jpg\" alt=\"\" class=\"wp-image-14167\" srcset=\"https:\/\/vetanco.com\/es\/wp-content\/uploads\/2013\/10\/expodel2-150x150-2.jpg 150w, https:\/\/vetanco.com\/es\/wp-content\/uploads\/2013\/10\/expodel2-150x150-2-100x100.jpg 100w\" sizes=\"auto, (max-width: 150px) 100vw, 150px\" \/><\/figure>\n<\/div>\n\n\n\n<p><\/p>\n","protected":false},"excerpt":{"rendered":"<p>Los d\u00edas 27, 28 y 29 de Septiembre, en las instalaciones del Polideportivo Municipal \u201cJuan \u00c1vila\u201d se realizo la 8\u00aa Exposici\u00f3n de Desarrollo Econ\u00f3mico Local denominada ExpoDEL 2013. En la ExpoDEL se dieron cita las fuerzas productivas de General Rodriguez, siendo las empresas los actores principales que, m\u00e1s all\u00e1 de exponer, promocionar, y ofertar sus [&#8230;]\n","protected":false},"author":8,"featured_media":9576,"comment_status":"open","ping_status":"open","sticky":false,"template":"","format":"standard","meta":{"footnotes":""},"categories":[30],"tags":[652,653,41],"class_list":["post-9575","post","type-post","status-publish","format-standard","has-post-thumbnail","hentry","category-eventos","tag-expodel","tag-expodel-2013","tag-vetanco"],"yoast_head":"<!-- This site is optimized with the Yoast SEO plugin v27.3 - https:\/\/yoast.com\/product\/yoast-seo-wordpress\/ -->\n<title>Vetanco en ExpoDEL 2013 de General Rodr\u00edguez - Vetanco Argentina<\/title>\n<meta name=\"description\" content=\"Los d\u00edas 27, 28 y 29 de Septiembre se dieron cita las fuerzas productivas de General Rodriguez, siendo las empresas los actores principales.\" \/>\n<meta name=\"robots\" content=\"index, follow, max-snippet:-1, max-image-preview:large, max-video-preview:-1\" \/>\n<link rel=\"canonical\" href=\"https:\/\/vetanco.com\/es\/vetanco-en-expodel-2013-de-general-rodriguez\/\" \/>\n<meta property=\"og:locale\" content=\"es_ES\" \/>\n<meta property=\"og:type\" content=\"article\" \/>\n<meta property=\"og:title\" content=\"Vetanco en ExpoDEL 2013 de General Rodr\u00edguez - Vetanco Argentina\" \/>\n<meta property=\"og:description\" content=\"Los d\u00edas 27, 28 y 29 de Septiembre se dieron cita las fuerzas productivas de General Rodriguez, siendo las empresas los actores principales.\" \/>\n<meta property=\"og:url\" content=\"https:\/\/vetanco.com\/es\/vetanco-en-expodel-2013-de-general-rodriguez\/\" \/>\n<meta property=\"og:site_name\" content=\"Vetanco Argentina\" \/>\n<meta property=\"article:publisher\" content=\"https:\/\/www.facebook.com\/vetancoargentina\" \/>\n<meta property=\"article:published_time\" content=\"2013-10-02T16:52:00+00:00\" \/>\n<meta property=\"article:modified_time\" content=\"2025-03-14T19:18:59+00:00\" \/>\n<meta property=\"og:image\" content=\"https:\/\/vetanco.com\/es\/wp-content\/uploads\/2024\/09\/expodel-150x150-1.jpg\" \/>\n\t<meta property=\"og:image:width\" content=\"150\" \/>\n\t<meta property=\"og:image:height\" content=\"150\" \/>\n\t<meta property=\"og:image:type\" content=\"image\/jpeg\" \/>\n<meta name=\"author\" content=\"julian\" \/>\n<meta name=\"twitter:card\" content=\"summary_large_image\" \/>\n<meta name=\"twitter:label1\" content=\"Escrito por\" \/>\n\t<meta name=\"twitter:data1\" content=\"julian\" \/>\n\t<meta name=\"twitter:label2\" content=\"Tiempo de lectura\" \/>\n\t<meta name=\"twitter:data2\" content=\"2 minutos\" \/>\n<script type=\"application\/ld+json\" class=\"yoast-schema-graph\">{\"@context\":\"https:\\\/\\\/schema.org\",\"@graph\":[{\"@type\":\"Article\",\"@id\":\"https:\\\/\\\/vetanco.com\\\/es\\\/vetanco-en-expodel-2013-de-general-rodriguez\\\/#article\",\"isPartOf\":{\"@id\":\"https:\\\/\\\/vetanco.com\\\/es\\\/vetanco-en-expodel-2013-de-general-rodriguez\\\/\"},\"author\":{\"name\":\"julian\",\"@id\":\"https:\\\/\\\/vetanco.com\\\/es\\\/#\\\/schema\\\/person\\\/46afb38cfab0fe11bf52a9ded679bfcd\"},\"headline\":\"Vetanco en ExpoDEL 2013 de General Rodr\u00edguez\",\"datePublished\":\"2013-10-02T16:52:00+00:00\",\"dateModified\":\"2025-03-14T19:18:59+00:00\",\"mainEntityOfPage\":{\"@id\":\"https:\\\/\\\/vetanco.com\\\/es\\\/vetanco-en-expodel-2013-de-general-rodriguez\\\/\"},\"wordCount\":100,\"commentCount\":0,\"image\":{\"@id\":\"https:\\\/\\\/vetanco.com\\\/es\\\/vetanco-en-expodel-2013-de-general-rodriguez\\\/#primaryimage\"},\"thumbnailUrl\":\"https:\\\/\\\/vetanco.com\\\/es\\\/wp-content\\\/uploads\\\/2024\\\/09\\\/expodel-150x150-1.jpg\",\"keywords\":[\"ExpoDEL\",\"ExpoDEL 2013\",\"Vetanco\"],\"articleSection\":[\"Eventos\"],\"inLanguage\":\"es\",\"potentialAction\":[{\"@type\":\"CommentAction\",\"name\":\"Comment\",\"target\":[\"https:\\\/\\\/vetanco.com\\\/es\\\/vetanco-en-expodel-2013-de-general-rodriguez\\\/#respond\"]}]},{\"@type\":\"WebPage\",\"@id\":\"https:\\\/\\\/vetanco.com\\\/es\\\/vetanco-en-expodel-2013-de-general-rodriguez\\\/\",\"url\":\"https:\\\/\\\/vetanco.com\\\/es\\\/vetanco-en-expodel-2013-de-general-rodriguez\\\/\",\"name\":\"Vetanco en ExpoDEL 2013 de General Rodr\u00edguez - Vetanco Argentina\",\"isPartOf\":{\"@id\":\"https:\\\/\\\/vetanco.com\\\/es\\\/#website\"},\"primaryImageOfPage\":{\"@id\":\"https:\\\/\\\/vetanco.com\\\/es\\\/vetanco-en-expodel-2013-de-general-rodriguez\\\/#primaryimage\"},\"image\":{\"@id\":\"https:\\\/\\\/vetanco.com\\\/es\\\/vetanco-en-expodel-2013-de-general-rodriguez\\\/#primaryimage\"},\"thumbnailUrl\":\"https:\\\/\\\/vetanco.com\\\/es\\\/wp-content\\\/uploads\\\/2024\\\/09\\\/expodel-150x150-1.jpg\",\"datePublished\":\"2013-10-02T16:52:00+00:00\",\"dateModified\":\"2025-03-14T19:18:59+00:00\",\"author\":{\"@id\":\"https:\\\/\\\/vetanco.com\\\/es\\\/#\\\/schema\\\/person\\\/46afb38cfab0fe11bf52a9ded679bfcd\"},\"description\":\"Los d\u00edas 27, 28 y 29 de Septiembre se dieron cita las fuerzas productivas de General Rodriguez, siendo las empresas los actores principales.\",\"breadcrumb\":{\"@id\":\"https:\\\/\\\/vetanco.com\\\/es\\\/vetanco-en-expodel-2013-de-general-rodriguez\\\/#breadcrumb\"},\"inLanguage\":\"es\",\"potentialAction\":[{\"@type\":\"ReadAction\",\"target\":[\"https:\\\/\\\/vetanco.com\\\/es\\\/vetanco-en-expodel-2013-de-general-rodriguez\\\/\"]}]},{\"@type\":\"ImageObject\",\"inLanguage\":\"es\",\"@id\":\"https:\\\/\\\/vetanco.com\\\/es\\\/vetanco-en-expodel-2013-de-general-rodriguez\\\/#primaryimage\",\"url\":\"https:\\\/\\\/vetanco.com\\\/es\\\/wp-content\\\/uploads\\\/2024\\\/09\\\/expodel-150x150-1.jpg\",\"contentUrl\":\"https:\\\/\\\/vetanco.com\\\/es\\\/wp-content\\\/uploads\\\/2024\\\/09\\\/expodel-150x150-1.jpg\",\"width\":150,\"height\":150},{\"@type\":\"BreadcrumbList\",\"@id\":\"https:\\\/\\\/vetanco.com\\\/es\\\/vetanco-en-expodel-2013-de-general-rodriguez\\\/#breadcrumb\",\"itemListElement\":[{\"@type\":\"ListItem\",\"position\":1,\"name\":\"In\u00edcio\",\"item\":\"https:\\\/\\\/vetanco.com\\\/es\\\/\"},{\"@type\":\"ListItem\",\"position\":2,\"name\":\"Vetanco en ExpoDEL 2013 de General Rodr\u00edguez\"}]},{\"@type\":\"WebSite\",\"@id\":\"https:\\\/\\\/vetanco.com\\\/es\\\/#website\",\"url\":\"https:\\\/\\\/vetanco.com\\\/es\\\/\",\"name\":\"Vetanco Argentina\",\"description\":\"Productos Seguros para Alimentos Seguros\",\"potentialAction\":[{\"@type\":\"SearchAction\",\"target\":{\"@type\":\"EntryPoint\",\"urlTemplate\":\"https:\\\/\\\/vetanco.com\\\/es\\\/?s={search_term_string}\"},\"query-input\":{\"@type\":\"PropertyValueSpecification\",\"valueRequired\":true,\"valueName\":\"search_term_string\"}}],\"inLanguage\":\"es\"},{\"@type\":\"Person\",\"@id\":\"https:\\\/\\\/vetanco.com\\\/es\\\/#\\\/schema\\\/person\\\/46afb38cfab0fe11bf52a9ded679bfcd\",\"name\":\"julian\",\"image\":{\"@type\":\"ImageObject\",\"inLanguage\":\"es\",\"@id\":\"https:\\\/\\\/secure.gravatar.com\\\/avatar\\\/bc79426ed0651bb3545f906602e15ffcf6e4bdb7b02b2394b18705841d207f29?s=96&d=mm&r=g\",\"url\":\"https:\\\/\\\/secure.gravatar.com\\\/avatar\\\/bc79426ed0651bb3545f906602e15ffcf6e4bdb7b02b2394b18705841d207f29?s=96&d=mm&r=g\",\"contentUrl\":\"https:\\\/\\\/secure.gravatar.com\\\/avatar\\\/bc79426ed0651bb3545f906602e15ffcf6e4bdb7b02b2394b18705841d207f29?s=96&d=mm&r=g\",\"caption\":\"julian\"},\"url\":\"https:\\\/\\\/vetanco.com\\\/es\\\/author\\\/julian\\\/\"}]}<\/script>\n<!-- \/ Yoast SEO plugin. -->","yoast_head_json":{"title":"Vetanco en ExpoDEL 2013 de General Rodr\u00edguez - Vetanco Argentina","description":"Los d\u00edas 27, 28 y 29 de Septiembre se dieron cita las fuerzas productivas de General Rodriguez, siendo las empresas los actores principales.","robots":{"index":"index","follow":"follow","max-snippet":"max-snippet:-1","max-image-preview":"max-image-preview:large","max-video-preview":"max-video-preview:-1"},"canonical":"https:\/\/vetanco.com\/es\/vetanco-en-expodel-2013-de-general-rodriguez\/","og_locale":"es_ES","og_type":"article","og_title":"Vetanco en ExpoDEL 2013 de General Rodr\u00edguez - Vetanco Argentina","og_description":"Los d\u00edas 27, 28 y 29 de Septiembre se dieron cita las fuerzas productivas de General Rodriguez, siendo las empresas los actores principales.","og_url":"https:\/\/vetanco.com\/es\/vetanco-en-expodel-2013-de-general-rodriguez\/","og_site_name":"Vetanco Argentina","article_publisher":"https:\/\/www.facebook.com\/vetancoargentina","article_published_time":"2013-10-02T16:52:00+00:00","article_modified_time":"2025-03-14T19:18:59+00:00","og_image":[{"width":150,"height":150,"url":"https:\/\/vetanco.com\/es\/wp-content\/uploads\/2024\/09\/expodel-150x150-1.jpg","type":"image\/jpeg"}],"author":"julian","twitter_card":"summary_large_image","twitter_misc":{"Escrito por":"julian","Tiempo de lectura":"2 minutos"},"schema":{"@context":"https:\/\/schema.org","@graph":[{"@type":"Article","@id":"https:\/\/vetanco.com\/es\/vetanco-en-expodel-2013-de-general-rodriguez\/#article","isPartOf":{"@id":"https:\/\/vetanco.com\/es\/vetanco-en-expodel-2013-de-general-rodriguez\/"},"author":{"name":"julian","@id":"https:\/\/vetanco.com\/es\/#\/schema\/person\/46afb38cfab0fe11bf52a9ded679bfcd"},"headline":"Vetanco en ExpoDEL 2013 de General Rodr\u00edguez","datePublished":"2013-10-02T16:52:00+00:00","dateModified":"2025-03-14T19:18:59+00:00","mainEntityOfPage":{"@id":"https:\/\/vetanco.com\/es\/vetanco-en-expodel-2013-de-general-rodriguez\/"},"wordCount":100,"commentCount":0,"image":{"@id":"https:\/\/vetanco.com\/es\/vetanco-en-expodel-2013-de-general-rodriguez\/#primaryimage"},"thumbnailUrl":"https:\/\/vetanco.com\/es\/wp-content\/uploads\/2024\/09\/expodel-150x150-1.jpg","keywords":["ExpoDEL","ExpoDEL 2013","Vetanco"],"articleSection":["Eventos"],"inLanguage":"es","potentialAction":[{"@type":"CommentAction","name":"Comment","target":["https:\/\/vetanco.com\/es\/vetanco-en-expodel-2013-de-general-rodriguez\/#respond"]}]},{"@type":"WebPage","@id":"https:\/\/vetanco.com\/es\/vetanco-en-expodel-2013-de-general-rodriguez\/","url":"https:\/\/vetanco.com\/es\/vetanco-en-expodel-2013-de-general-rodriguez\/","name":"Vetanco en ExpoDEL 2013 de General Rodr\u00edguez - Vetanco Argentina","isPartOf":{"@id":"https:\/\/vetanco.com\/es\/#website"},"primaryImageOfPage":{"@id":"https:\/\/vetanco.com\/es\/vetanco-en-expodel-2013-de-general-rodriguez\/#primaryimage"},"image":{"@id":"https:\/\/vetanco.com\/es\/vetanco-en-expodel-2013-de-general-rodriguez\/#primaryimage"},"thumbnailUrl":"https:\/\/vetanco.com\/es\/wp-content\/uploads\/2024\/09\/expodel-150x150-1.jpg","datePublished":"2013-10-02T16:52:00+00:00","dateModified":"2025-03-14T19:18:59+00:00","author":{"@id":"https:\/\/vetanco.com\/es\/#\/schema\/person\/46afb38cfab0fe11bf52a9ded679bfcd"},"description":"Los d\u00edas 27, 28 y 29 de Septiembre se dieron cita las fuerzas productivas de General Rodriguez, siendo las empresas los actores principales.","breadcrumb":{"@id":"https:\/\/vetanco.com\/es\/vetanco-en-expodel-2013-de-general-rodriguez\/#breadcrumb"},"inLanguage":"es","potentialAction":[{"@type":"ReadAction","target":["https:\/\/vetanco.com\/es\/vetanco-en-expodel-2013-de-general-rodriguez\/"]}]},{"@type":"ImageObject","inLanguage":"es","@id":"https:\/\/vetanco.com\/es\/vetanco-en-expodel-2013-de-general-rodriguez\/#primaryimage","url":"https:\/\/vetanco.com\/es\/wp-content\/uploads\/2024\/09\/expodel-150x150-1.jpg","contentUrl":"https:\/\/vetanco.com\/es\/wp-content\/uploads\/2024\/09\/expodel-150x150-1.jpg","width":150,"height":150},{"@type":"BreadcrumbList","@id":"https:\/\/vetanco.com\/es\/vetanco-en-expodel-2013-de-general-rodriguez\/#breadcrumb","itemListElement":[{"@type":"ListItem","position":1,"name":"In\u00edcio","item":"https:\/\/vetanco.com\/es\/"},{"@type":"ListItem","position":2,"name":"Vetanco en ExpoDEL 2013 de General Rodr\u00edguez"}]},{"@type":"WebSite","@id":"https:\/\/vetanco.com\/es\/#website","url":"https:\/\/vetanco.com\/es\/","name":"Vetanco Argentina","description":"Productos Seguros para Alimentos Seguros","potentialAction":[{"@type":"SearchAction","target":{"@type":"EntryPoint","urlTemplate":"https:\/\/vetanco.com\/es\/?s={search_term_string}"},"query-input":{"@type":"PropertyValueSpecification","valueRequired":true,"valueName":"search_term_string"}}],"inLanguage":"es"},{"@type":"Person","@id":"https:\/\/vetanco.com\/es\/#\/schema\/person\/46afb38cfab0fe11bf52a9ded679bfcd","name":"julian","image":{"@type":"ImageObject","inLanguage":"es","@id":"https:\/\/secure.gravatar.com\/avatar\/bc79426ed0651bb3545f906602e15ffcf6e4bdb7b02b2394b18705841d207f29?s=96&d=mm&r=g","url":"https:\/\/secure.gravatar.com\/avatar\/bc79426ed0651bb3545f906602e15ffcf6e4bdb7b02b2394b18705841d207f29?s=96&d=mm&r=g","contentUrl":"https:\/\/secure.gravatar.com\/avatar\/bc79426ed0651bb3545f906602e15ffcf6e4bdb7b02b2394b18705841d207f29?s=96&d=mm&r=g","caption":"julian"},"url":"https:\/\/vetanco.com\/es\/author\/julian\/"}]}},"_links":{"self":[{"href":"https:\/\/vetanco.com\/es\/wp-json\/wp\/v2\/posts\/9575","targetHints":{"allow":["GET"]}}],"collection":[{"href":"https:\/\/vetanco.com\/es\/wp-json\/wp\/v2\/posts"}],"about":[{"href":"https:\/\/vetanco.com\/es\/wp-json\/wp\/v2\/types\/post"}],"author":[{"embeddable":true,"href":"https:\/\/vetanco.com\/es\/wp-json\/wp\/v2\/users\/8"}],"replies":[{"embeddable":true,"href":"https:\/\/vetanco.com\/es\/wp-json\/wp\/v2\/comments?post=9575"}],"version-history":[{"count":2,"href":"https:\/\/vetanco.com\/es\/wp-json\/wp\/v2\/posts\/9575\/revisions"}],"predecessor-version":[{"id":14168,"href":"https:\/\/vetanco.com\/es\/wp-json\/wp\/v2\/posts\/9575\/revisions\/14168"}],"wp:featuredmedia":[{"embeddable":true,"href":"https:\/\/vetanco.com\/es\/wp-json\/wp\/v2\/media\/9576"}],"wp:attachment":[{"href":"https:\/\/vetanco.com\/es\/wp-json\/wp\/v2\/media?parent=9575"}],"wp:term":[{"taxonomy":"category","embeddable":true,"href":"https:\/\/vetanco.com\/es\/wp-json\/wp\/v2\/categories?post=9575"},{"taxonomy":"post_tag","embeddable":true,"href":"https:\/\/vetanco.com\/es\/wp-json\/wp\/v2\/tags?post=9575"}],"curies":[{"name":"wp","href":"https:\/\/api.w.org\/{rel}","templated":true}]}}