{"id":9681,"date":"2010-03-18T10:11:00","date_gmt":"2010-03-18T13:11:00","guid":{"rendered":"https:\/\/vetanco.com\/es\/?p=9681"},"modified":"2025-07-02T09:55:56","modified_gmt":"2025-07-02T12:55:56","slug":"primer-seminario-porcino-vetanco-2010","status":"publish","type":"post","link":"https:\/\/vetanco.com\/es\/primer-seminario-porcino-vetanco-2010\/","title":{"rendered":"Primer Seminario Porcino Vetanco 2010"},"content":{"rendered":"\n\n\n<p>El 15 de Marzo \u00faltimo se llev\u00f3 a cabo en Rosario el 1\u00ba Seminario Porcino Vetanco 2010.\u00a0El mismo tuvo lugar en el Hotel Presidente, donde la Divisi\u00f3n T\u00e9cnica Porcinos de Vetanco present\u00f3un temario de inter\u00e9s clave para el sector. Las conferencias centrales fueron: \u201cFallas reproductivas en porcinos, diagn\u00f3stico y contramedidas\u201d y \u201cMonitoreos sanitario en porcinos, como usar este recurso e interpretar los resultados\u201d. Al finalizar las mismas se organiz\u00f3 un workshop de \u201cActualizaci\u00f3n en S\u00edndrome Hemorr\u00e1gico Intestinal\u201d. Las disertaciones estuvieron a cargo de profesionales reconocidos a nivel internacional:\u00a0La Dra. Isabel Scheid, especialista en Reproducci\u00f3n Porcina, preside una prestigiosa consultora en el Brasil, y fue presidenta de la Asociaci\u00f3n Brasile\u00f1a de Veterinarios Especialistas en Cerdos \u2013ABRAVE. El Dr. Ricardo Soncini, actualmente Consultor, fue investigador del EMBRAPA, y Gerente de Agropecuaria Sad\u00eda, entre otros antecedentes profesionales.\u00a0Para este evento se cont\u00f3 con la presencia de m\u00e1s de 85 M\u00e9dicos Veterinarios, conslutores, asesores t\u00e9cnicos de empresas del sector, gerentes de granjas y pat\u00f3logos sanitaristas, estando presentes representantes de las granjas m\u00e1s importantes del pa\u00eds. El seminario culmin\u00f3 con una cena de agasajo a los participantes en el lugar de reuni\u00f3n. Vetanco ofrece sus servicios como laboratorio especializado en producci\u00f3n porcina, transmitiendo informaci\u00f3n y capacitaci\u00f3n y sumando conocimientos al sector a trav\u00e9s de este ciclo de reuniones que organiza con la presencia de disertantes internacionales del m\u00e1s alto nivel.<\/p>\n\n\n\n<div class=\"wp-block-group is-content-justification-center is-nowrap is-layout-flex wp-container-core-group-is-layout-94bc23d7 wp-block-group-is-layout-flex\">\n\n<\/div>\n\n\n\n\n\n<p><strong>VETANCO,&nbsp;lo invita a participar de las conferencias:<\/strong>&nbsp;<em>\u201cFallas reproductivas en porcinos: Diagn\u00f3stico y contramedidas\u201d<\/em>&nbsp;<strong>Disertante: Isabel Scheid<\/strong>&nbsp;MV Universidad de R\u00edo Grande do Sul (Porto Alegre, Brasil), Dr. Medicina Veterinaria (Hannover, Alemania), ex investigadora en el \u00e1rea de reproducci\u00f3n y manejo rproductivo de cerdos en Embrapa (Brasil), ex gerente del sector porcino de Granja Rezende (Brasil), consultora en producci\u00f3n y reproducci\u00f3n porcina.&nbsp;<em>\u201cMonitoreos sanitarios en porcinos: C\u00f3mo usar este recurso e interpretar los resultados\u201d<\/em>&nbsp;<strong>Disertante: Ricardo Sonsini<\/strong>&nbsp;MV Universidad Nacional de La Plata (Buenos Aires, Argentina), Dr Ciencias Veterinarias \u00e1rea Patolog\u00eda (La Plata, Argentina), ex profesor de la Universidad de R\u00edo Cuarto (C\u00f3rdoba, Argentina), ex investigador en el \u00e1rea de patolog\u00eda de Embrapa (Brasil), ex gerente de agropecuaria Sadia (brasil), consultor en salud animal de aves y cerdos.<\/p>\n\n\n\n<p>LUNES 15 DE MARZO de 2010 16.00 hs Hotel Presidente Corrientes 919 \u2013 Rosario \u2013 Santa Fe<\/p>\n\n\n\n<p><strong>PROGRAMA<\/strong><\/p>\n\n\n\n<ul class=\"wp-block-list\">\n<li>16:00 Apertura<\/li>\n\n\n\n<li>16:30\u00a0\u201cFallas reproductivas en porcinos: diagn\u00f3stico y contramedidas \u201d \u2013\u00a0Disertante Isabel Scheid<\/li>\n\n\n\n<li>18:00 Ronda de preguntas<\/li>\n\n\n\n<li>18:30\u00a0Coffe Break<\/li>\n\n\n\n<li>19: 15\u00a0\u201cMonitoreos sanitarios en porcinos: C\u00f3mo usar este recurso e interpretar los resultados\u201d \u2013\u00a0Disertante: Ricardo Sonsini<\/li>\n\n\n\n<li>20:45 Ronda de Preguntas<\/li>\n\n\n\n<li>21:30 Cena<\/li>\n<\/ul>\n","protected":false},"excerpt":{"rendered":"<p>El 15 de Marzo \u00faltimo se llev\u00f3 a cabo en Rosario el 1\u00ba Seminario Porcino Vetanco 2010.\u00a0El mismo tuvo lugar en el Hotel Presidente, donde la Divisi\u00f3n T\u00e9cnica Porcinos de Vetanco present\u00f3un temario de inter\u00e9s clave para el sector. Las conferencias centrales fueron: \u201cFallas reproductivas en porcinos, diagn\u00f3stico y contramedidas\u201d y \u201cMonitoreos sanitario en porcinos, [&#8230;]\n","protected":false},"author":8,"featured_media":9682,"comment_status":"open","ping_status":"open","sticky":false,"template":"","format":"standard","meta":{"footnotes":""},"categories":[32],"tags":[698,699,47,41],"class_list":["post-9681","post","type-post","status-publish","format-standard","has-post-thumbnail","hentry","category-charlas-tecnicas","tag-abrave","tag-embrapa","tag-unlp","tag-vetanco"],"yoast_head":"<!-- This site is optimized with the Yoast SEO plugin v27.3 - https:\/\/yoast.com\/product\/yoast-seo-wordpress\/ -->\n<title>Primer Seminario Porcino Vetanco 2010 - Vetanco Argentina<\/title>\n<meta name=\"description\" content=\"El mismo tuvo lugar en el Hotel Presidente, donde la Divisi\u00f3n T\u00e9cnica Porcinos de Vetanco present\u00f3un temario de inter\u00e9s clave para el sector.\" \/>\n<meta name=\"robots\" content=\"index, follow, max-snippet:-1, max-image-preview:large, max-video-preview:-1\" \/>\n<link rel=\"canonical\" href=\"https:\/\/vetanco.com\/es\/primer-seminario-porcino-vetanco-2010\/\" \/>\n<meta property=\"og:locale\" content=\"es_ES\" \/>\n<meta property=\"og:type\" content=\"article\" \/>\n<meta property=\"og:title\" content=\"Primer Seminario Porcino Vetanco 2010 - Vetanco Argentina\" \/>\n<meta property=\"og:description\" content=\"El mismo tuvo lugar en el Hotel Presidente, donde la Divisi\u00f3n T\u00e9cnica Porcinos de Vetanco present\u00f3un temario de inter\u00e9s clave para el sector.\" \/>\n<meta property=\"og:url\" content=\"https:\/\/vetanco.com\/es\/primer-seminario-porcino-vetanco-2010\/\" \/>\n<meta property=\"og:site_name\" content=\"Vetanco Argentina\" \/>\n<meta property=\"article:publisher\" content=\"https:\/\/www.facebook.com\/vetancoargentina\" \/>\n<meta property=\"article:published_time\" content=\"2010-03-18T13:11:00+00:00\" \/>\n<meta property=\"article:modified_time\" content=\"2025-07-02T12:55:56+00:00\" \/>\n<meta property=\"og:image\" content=\"https:\/\/vetanco.com\/es\/wp-content\/uploads\/2024\/09\/seminporcinos3.jpg\" \/>\n\t<meta property=\"og:image:width\" content=\"443\" \/>\n\t<meta property=\"og:image:height\" content=\"180\" \/>\n\t<meta property=\"og:image:type\" content=\"image\/jpeg\" \/>\n<meta name=\"author\" content=\"julian\" \/>\n<meta name=\"twitter:card\" content=\"summary_large_image\" \/>\n<meta name=\"twitter:label1\" content=\"Escrito por\" \/>\n\t<meta name=\"twitter:data1\" content=\"julian\" \/>\n\t<meta name=\"twitter:label2\" content=\"Tiempo de lectura\" \/>\n\t<meta name=\"twitter:data2\" content=\"3 minutos\" \/>\n<script type=\"application\/ld+json\" class=\"yoast-schema-graph\">{\"@context\":\"https:\\\/\\\/schema.org\",\"@graph\":[{\"@type\":\"Article\",\"@id\":\"https:\\\/\\\/vetanco.com\\\/es\\\/primer-seminario-porcino-vetanco-2010\\\/#article\",\"isPartOf\":{\"@id\":\"https:\\\/\\\/vetanco.com\\\/es\\\/primer-seminario-porcino-vetanco-2010\\\/\"},\"author\":{\"name\":\"julian\",\"@id\":\"https:\\\/\\\/vetanco.com\\\/es\\\/#\\\/schema\\\/person\\\/46afb38cfab0fe11bf52a9ded679bfcd\"},\"headline\":\"Primer Seminario Porcino Vetanco 2010\",\"datePublished\":\"2010-03-18T13:11:00+00:00\",\"dateModified\":\"2025-07-02T12:55:56+00:00\",\"mainEntityOfPage\":{\"@id\":\"https:\\\/\\\/vetanco.com\\\/es\\\/primer-seminario-porcino-vetanco-2010\\\/\"},\"wordCount\":446,\"commentCount\":0,\"image\":{\"@id\":\"https:\\\/\\\/vetanco.com\\\/es\\\/primer-seminario-porcino-vetanco-2010\\\/#primaryimage\"},\"thumbnailUrl\":\"https:\\\/\\\/vetanco.com\\\/es\\\/wp-content\\\/uploads\\\/2024\\\/09\\\/seminporcinos3.jpg\",\"keywords\":[\"ABRAVE\",\"EMBRAPA\",\"UNLP\",\"Vetanco\"],\"articleSection\":[\"Charlas T\u00e9cnicas\"],\"inLanguage\":\"es\",\"potentialAction\":[{\"@type\":\"CommentAction\",\"name\":\"Comment\",\"target\":[\"https:\\\/\\\/vetanco.com\\\/es\\\/primer-seminario-porcino-vetanco-2010\\\/#respond\"]}]},{\"@type\":\"WebPage\",\"@id\":\"https:\\\/\\\/vetanco.com\\\/es\\\/primer-seminario-porcino-vetanco-2010\\\/\",\"url\":\"https:\\\/\\\/vetanco.com\\\/es\\\/primer-seminario-porcino-vetanco-2010\\\/\",\"name\":\"Primer Seminario Porcino Vetanco 2010 - Vetanco Argentina\",\"isPartOf\":{\"@id\":\"https:\\\/\\\/vetanco.com\\\/es\\\/#website\"},\"primaryImageOfPage\":{\"@id\":\"https:\\\/\\\/vetanco.com\\\/es\\\/primer-seminario-porcino-vetanco-2010\\\/#primaryimage\"},\"image\":{\"@id\":\"https:\\\/\\\/vetanco.com\\\/es\\\/primer-seminario-porcino-vetanco-2010\\\/#primaryimage\"},\"thumbnailUrl\":\"https:\\\/\\\/vetanco.com\\\/es\\\/wp-content\\\/uploads\\\/2024\\\/09\\\/seminporcinos3.jpg\",\"datePublished\":\"2010-03-18T13:11:00+00:00\",\"dateModified\":\"2025-07-02T12:55:56+00:00\",\"author\":{\"@id\":\"https:\\\/\\\/vetanco.com\\\/es\\\/#\\\/schema\\\/person\\\/46afb38cfab0fe11bf52a9ded679bfcd\"},\"description\":\"El mismo tuvo lugar en el Hotel Presidente, donde la Divisi\u00f3n T\u00e9cnica Porcinos de Vetanco present\u00f3un temario de inter\u00e9s clave para el sector.\",\"breadcrumb\":{\"@id\":\"https:\\\/\\\/vetanco.com\\\/es\\\/primer-seminario-porcino-vetanco-2010\\\/#breadcrumb\"},\"inLanguage\":\"es\",\"potentialAction\":[{\"@type\":\"ReadAction\",\"target\":[\"https:\\\/\\\/vetanco.com\\\/es\\\/primer-seminario-porcino-vetanco-2010\\\/\"]}]},{\"@type\":\"ImageObject\",\"inLanguage\":\"es\",\"@id\":\"https:\\\/\\\/vetanco.com\\\/es\\\/primer-seminario-porcino-vetanco-2010\\\/#primaryimage\",\"url\":\"https:\\\/\\\/vetanco.com\\\/es\\\/wp-content\\\/uploads\\\/2024\\\/09\\\/seminporcinos3.jpg\",\"contentUrl\":\"https:\\\/\\\/vetanco.com\\\/es\\\/wp-content\\\/uploads\\\/2024\\\/09\\\/seminporcinos3.jpg\",\"width\":443,\"height\":180},{\"@type\":\"BreadcrumbList\",\"@id\":\"https:\\\/\\\/vetanco.com\\\/es\\\/primer-seminario-porcino-vetanco-2010\\\/#breadcrumb\",\"itemListElement\":[{\"@type\":\"ListItem\",\"position\":1,\"name\":\"In\u00edcio\",\"item\":\"https:\\\/\\\/vetanco.com\\\/es\\\/\"},{\"@type\":\"ListItem\",\"position\":2,\"name\":\"Primer Seminario Porcino Vetanco 2010\"}]},{\"@type\":\"WebSite\",\"@id\":\"https:\\\/\\\/vetanco.com\\\/es\\\/#website\",\"url\":\"https:\\\/\\\/vetanco.com\\\/es\\\/\",\"name\":\"Vetanco Argentina\",\"description\":\"Productos Seguros para Alimentos Seguros\",\"potentialAction\":[{\"@type\":\"SearchAction\",\"target\":{\"@type\":\"EntryPoint\",\"urlTemplate\":\"https:\\\/\\\/vetanco.com\\\/es\\\/?s={search_term_string}\"},\"query-input\":{\"@type\":\"PropertyValueSpecification\",\"valueRequired\":true,\"valueName\":\"search_term_string\"}}],\"inLanguage\":\"es\"},{\"@type\":\"Person\",\"@id\":\"https:\\\/\\\/vetanco.com\\\/es\\\/#\\\/schema\\\/person\\\/46afb38cfab0fe11bf52a9ded679bfcd\",\"name\":\"julian\",\"image\":{\"@type\":\"ImageObject\",\"inLanguage\":\"es\",\"@id\":\"https:\\\/\\\/secure.gravatar.com\\\/avatar\\\/bc79426ed0651bb3545f906602e15ffcf6e4bdb7b02b2394b18705841d207f29?s=96&d=mm&r=g\",\"url\":\"https:\\\/\\\/secure.gravatar.com\\\/avatar\\\/bc79426ed0651bb3545f906602e15ffcf6e4bdb7b02b2394b18705841d207f29?s=96&d=mm&r=g\",\"contentUrl\":\"https:\\\/\\\/secure.gravatar.com\\\/avatar\\\/bc79426ed0651bb3545f906602e15ffcf6e4bdb7b02b2394b18705841d207f29?s=96&d=mm&r=g\",\"caption\":\"julian\"},\"url\":\"https:\\\/\\\/vetanco.com\\\/es\\\/author\\\/julian\\\/\"}]}<\/script>\n<!-- \/ Yoast SEO plugin. -->","yoast_head_json":{"title":"Primer Seminario Porcino Vetanco 2010 - Vetanco Argentina","description":"El mismo tuvo lugar en el Hotel Presidente, donde la Divisi\u00f3n T\u00e9cnica Porcinos de Vetanco present\u00f3un temario de inter\u00e9s clave para el sector.","robots":{"index":"index","follow":"follow","max-snippet":"max-snippet:-1","max-image-preview":"max-image-preview:large","max-video-preview":"max-video-preview:-1"},"canonical":"https:\/\/vetanco.com\/es\/primer-seminario-porcino-vetanco-2010\/","og_locale":"es_ES","og_type":"article","og_title":"Primer Seminario Porcino Vetanco 2010 - Vetanco Argentina","og_description":"El mismo tuvo lugar en el Hotel Presidente, donde la Divisi\u00f3n T\u00e9cnica Porcinos de Vetanco present\u00f3un temario de inter\u00e9s clave para el sector.","og_url":"https:\/\/vetanco.com\/es\/primer-seminario-porcino-vetanco-2010\/","og_site_name":"Vetanco Argentina","article_publisher":"https:\/\/www.facebook.com\/vetancoargentina","article_published_time":"2010-03-18T13:11:00+00:00","article_modified_time":"2025-07-02T12:55:56+00:00","og_image":[{"width":443,"height":180,"url":"https:\/\/vetanco.com\/es\/wp-content\/uploads\/2024\/09\/seminporcinos3.jpg","type":"image\/jpeg"}],"author":"julian","twitter_card":"summary_large_image","twitter_misc":{"Escrito por":"julian","Tiempo de lectura":"3 minutos"},"schema":{"@context":"https:\/\/schema.org","@graph":[{"@type":"Article","@id":"https:\/\/vetanco.com\/es\/primer-seminario-porcino-vetanco-2010\/#article","isPartOf":{"@id":"https:\/\/vetanco.com\/es\/primer-seminario-porcino-vetanco-2010\/"},"author":{"name":"julian","@id":"https:\/\/vetanco.com\/es\/#\/schema\/person\/46afb38cfab0fe11bf52a9ded679bfcd"},"headline":"Primer Seminario Porcino Vetanco 2010","datePublished":"2010-03-18T13:11:00+00:00","dateModified":"2025-07-02T12:55:56+00:00","mainEntityOfPage":{"@id":"https:\/\/vetanco.com\/es\/primer-seminario-porcino-vetanco-2010\/"},"wordCount":446,"commentCount":0,"image":{"@id":"https:\/\/vetanco.com\/es\/primer-seminario-porcino-vetanco-2010\/#primaryimage"},"thumbnailUrl":"https:\/\/vetanco.com\/es\/wp-content\/uploads\/2024\/09\/seminporcinos3.jpg","keywords":["ABRAVE","EMBRAPA","UNLP","Vetanco"],"articleSection":["Charlas T\u00e9cnicas"],"inLanguage":"es","potentialAction":[{"@type":"CommentAction","name":"Comment","target":["https:\/\/vetanco.com\/es\/primer-seminario-porcino-vetanco-2010\/#respond"]}]},{"@type":"WebPage","@id":"https:\/\/vetanco.com\/es\/primer-seminario-porcino-vetanco-2010\/","url":"https:\/\/vetanco.com\/es\/primer-seminario-porcino-vetanco-2010\/","name":"Primer Seminario Porcino Vetanco 2010 - Vetanco Argentina","isPartOf":{"@id":"https:\/\/vetanco.com\/es\/#website"},"primaryImageOfPage":{"@id":"https:\/\/vetanco.com\/es\/primer-seminario-porcino-vetanco-2010\/#primaryimage"},"image":{"@id":"https:\/\/vetanco.com\/es\/primer-seminario-porcino-vetanco-2010\/#primaryimage"},"thumbnailUrl":"https:\/\/vetanco.com\/es\/wp-content\/uploads\/2024\/09\/seminporcinos3.jpg","datePublished":"2010-03-18T13:11:00+00:00","dateModified":"2025-07-02T12:55:56+00:00","author":{"@id":"https:\/\/vetanco.com\/es\/#\/schema\/person\/46afb38cfab0fe11bf52a9ded679bfcd"},"description":"El mismo tuvo lugar en el Hotel Presidente, donde la Divisi\u00f3n T\u00e9cnica Porcinos de Vetanco present\u00f3un temario de inter\u00e9s clave para el sector.","breadcrumb":{"@id":"https:\/\/vetanco.com\/es\/primer-seminario-porcino-vetanco-2010\/#breadcrumb"},"inLanguage":"es","potentialAction":[{"@type":"ReadAction","target":["https:\/\/vetanco.com\/es\/primer-seminario-porcino-vetanco-2010\/"]}]},{"@type":"ImageObject","inLanguage":"es","@id":"https:\/\/vetanco.com\/es\/primer-seminario-porcino-vetanco-2010\/#primaryimage","url":"https:\/\/vetanco.com\/es\/wp-content\/uploads\/2024\/09\/seminporcinos3.jpg","contentUrl":"https:\/\/vetanco.com\/es\/wp-content\/uploads\/2024\/09\/seminporcinos3.jpg","width":443,"height":180},{"@type":"BreadcrumbList","@id":"https:\/\/vetanco.com\/es\/primer-seminario-porcino-vetanco-2010\/#breadcrumb","itemListElement":[{"@type":"ListItem","position":1,"name":"In\u00edcio","item":"https:\/\/vetanco.com\/es\/"},{"@type":"ListItem","position":2,"name":"Primer Seminario Porcino Vetanco 2010"}]},{"@type":"WebSite","@id":"https:\/\/vetanco.com\/es\/#website","url":"https:\/\/vetanco.com\/es\/","name":"Vetanco Argentina","description":"Productos Seguros para Alimentos Seguros","potentialAction":[{"@type":"SearchAction","target":{"@type":"EntryPoint","urlTemplate":"https:\/\/vetanco.com\/es\/?s={search_term_string}"},"query-input":{"@type":"PropertyValueSpecification","valueRequired":true,"valueName":"search_term_string"}}],"inLanguage":"es"},{"@type":"Person","@id":"https:\/\/vetanco.com\/es\/#\/schema\/person\/46afb38cfab0fe11bf52a9ded679bfcd","name":"julian","image":{"@type":"ImageObject","inLanguage":"es","@id":"https:\/\/secure.gravatar.com\/avatar\/bc79426ed0651bb3545f906602e15ffcf6e4bdb7b02b2394b18705841d207f29?s=96&d=mm&r=g","url":"https:\/\/secure.gravatar.com\/avatar\/bc79426ed0651bb3545f906602e15ffcf6e4bdb7b02b2394b18705841d207f29?s=96&d=mm&r=g","contentUrl":"https:\/\/secure.gravatar.com\/avatar\/bc79426ed0651bb3545f906602e15ffcf6e4bdb7b02b2394b18705841d207f29?s=96&d=mm&r=g","caption":"julian"},"url":"https:\/\/vetanco.com\/es\/author\/julian\/"}]}},"_links":{"self":[{"href":"https:\/\/vetanco.com\/es\/wp-json\/wp\/v2\/posts\/9681","targetHints":{"allow":["GET"]}}],"collection":[{"href":"https:\/\/vetanco.com\/es\/wp-json\/wp\/v2\/posts"}],"about":[{"href":"https:\/\/vetanco.com\/es\/wp-json\/wp\/v2\/types\/post"}],"author":[{"embeddable":true,"href":"https:\/\/vetanco.com\/es\/wp-json\/wp\/v2\/users\/8"}],"replies":[{"embeddable":true,"href":"https:\/\/vetanco.com\/es\/wp-json\/wp\/v2\/comments?post=9681"}],"version-history":[{"count":7,"href":"https:\/\/vetanco.com\/es\/wp-json\/wp\/v2\/posts\/9681\/revisions"}],"predecessor-version":[{"id":14779,"href":"https:\/\/vetanco.com\/es\/wp-json\/wp\/v2\/posts\/9681\/revisions\/14779"}],"wp:featuredmedia":[{"embeddable":true,"href":"https:\/\/vetanco.com\/es\/wp-json\/wp\/v2\/media\/9682"}],"wp:attachment":[{"href":"https:\/\/vetanco.com\/es\/wp-json\/wp\/v2\/media?parent=9681"}],"wp:term":[{"taxonomy":"category","embeddable":true,"href":"https:\/\/vetanco.com\/es\/wp-json\/wp\/v2\/categories?post=9681"},{"taxonomy":"post_tag","embeddable":true,"href":"https:\/\/vetanco.com\/es\/wp-json\/wp\/v2\/tags?post=9681"}],"curies":[{"name":"wp","href":"https:\/\/api.w.org\/{rel}","templated":true}]}}