{"id":9684,"date":"2009-12-15T10:17:00","date_gmt":"2009-12-15T13:17:00","guid":{"rendered":"https:\/\/vetanco.com\/es\/?p=9684"},"modified":"2025-03-14T15:51:37","modified_gmt":"2025-03-14T18:51:37","slug":"vetanco-do-brasil-cierra-un-excelente-2009","status":"publish","type":"post","link":"https:\/\/vetanco.com\/es\/vetanco-do-brasil-cierra-un-excelente-2009\/","title":{"rendered":"Vetanco de Brasil cierra un excelente 2009"},"content":{"rendered":"\n\n\n<figure class=\"wp-block-image aligncenter size-full\"><img loading=\"lazy\" decoding=\"async\" width=\"520\" height=\"195\" src=\"https:\/\/vetanco.com\/es\/wp-content\/uploads\/2024\/09\/vetancodobrasilequipo.jpg\" alt=\"\" class=\"wp-image-9685\" srcset=\"https:\/\/vetanco.com\/es\/wp-content\/uploads\/2024\/09\/vetancodobrasilequipo.jpg 520w, https:\/\/vetanco.com\/es\/wp-content\/uploads\/2024\/09\/vetancodobrasilequipo-300x113.jpg 300w, https:\/\/vetanco.com\/es\/wp-content\/uploads\/2024\/09\/vetancodobrasilequipo-510x191.jpg 510w\" sizes=\"auto, (max-width: 520px) 100vw, 520px\" \/><figcaption class=\"wp-element-caption\"><strong>Equipo de Vetanco do Brasil Reuni\u00f3n de cierre 2009<br><\/strong><\/figcaption><\/figure>\n\n\n\n<p>Coordinada por el responsable de nuestra operaci\u00f3n en Brasil, Claudio Kracker, se realiz\u00f3 en Itapema la reuni\u00f3n de cierre de un a\u00f1o excelente para&nbsp;<strong>Vetanco do Brasil.<\/strong><\/p>\n\n\n\n<p>Nuestro Director Horacio Mancini concurri\u00f3 como es habitual para compartir los brindis, agradecer el entusiasmo puesto en el proyecto y definir la estrategia pr\u00f3xima.<\/p>\n\n\n\n<p>El contexto se presenta optimista y desafiante.<br>Cerramos otro a\u00f1o de crecimiento a pesar de los obst\u00e1culos conocidos por todos, incluyendo la ca\u00edda de la demanda internacional y las dificultades de la mayor empresa del mercado. Sin embargo, las ventas se consolidaron, se incorporaron nuevos representantes y profesionales, y se creci\u00f3 por arriba de la pauta del 15% con respecto al a\u00f1o anterior.<\/p>\n\n\n\n<p>Fue un a\u00f1o de intensas inversiones estrat\u00e9gicas en \u00e1reas cient\u00edficas y regulatorias. Para validar los registros actuales y presentar nuevos proyectos se trabaj\u00f3 en conjunto con las Universidades de Santa Mar\u00eda, de Porto Alegre, de San Pablo, con la Univ. Nac. del Noreste y con la UBA, con cuyos investigadores colaboramos en trabajos de eficacia, residuos, cin\u00e9tica, toxicolog\u00eda e histopatolog\u00eda. Como resultado, todos nuestros registros importantes se revalidaron ante la nueva y exigente legislaci\u00f3n Brasile\u00f1a. Adem\u00e1s se presentaron nuevos productos, y se obtuvieron importantes certificados que de inmediato vamos a comercializar. Para 2010, tenemos entre otras cosas el compromiso y el objetivo de consolidar en Brasil y en Am\u00e9rica Latina toda, los productos Floramax B11 y Perform Max Optmizer II.<\/p>\n\n\n\n<p>Esta l\u00ednea de innovaciones de Pacific Vet Group y la Universidad de Arkansas, es hoy nuestra mayor oportunidad tecnol\u00f3gica, y en ella es donde focalizaremos nuestros recursos y habilidades para poner a disposici\u00f3n de los productores de alimentos de avanzada la tecnolog\u00eda de elite que nos permite decir que seguiremos produciendo los productos seguros que los alimentos seguros necesitan. Esperamos este 2010 poder cumplir con la confianza que el \u00e1mbito cient\u00edfico, los profesionales de la producci\u00f3n pecuaria y los colaboradores de Vetanco tienen depositada en nosotros.<\/p>\n\n\n\n<p>Muchas gracias.<\/p>\n","protected":false},"excerpt":{"rendered":"<p>Coordinada por el responsable de nuestra operaci\u00f3n en Brasil, Claudio Kracker, se realiz\u00f3 en Itapema la reuni\u00f3n de cierre de un a\u00f1o excelente para&nbsp;Vetanco do Brasil. Nuestro Director Horacio Mancini concurri\u00f3 como es habitual para compartir los brindis, agradecer el entusiasmo puesto en el proyecto y definir la estrategia pr\u00f3xima. El contexto se presenta optimista [&#8230;]\n","protected":false},"author":8,"featured_media":9686,"comment_status":"open","ping_status":"open","sticky":false,"template":"","format":"standard","meta":{"footnotes":""},"categories":[31],"tags":[697,700,301,41,306],"class_list":["post-9684","post","type-post","status-publish","format-standard","has-post-thumbnail","hentry","category-novedades","tag-floramax-b11","tag-perform-max-optmizer-ii","tag-uba","tag-vetanco","tag-vetanco-do-brasil"],"yoast_head":"<!-- This site is optimized with the Yoast SEO plugin v27.3 - https:\/\/yoast.com\/product\/yoast-seo-wordpress\/ -->\n<title>Vetanco de Brasil cierra un excelente 2009 - Vetanco Argentina<\/title>\n<meta name=\"description\" content=\"Coordinada por el responsable de nuestra operaci\u00f3n en Brasil, Claudio Kracker, se realiz\u00f3 en Itapema la reuni\u00f3n de cierre de un a\u00f1o.\" \/>\n<meta name=\"robots\" content=\"index, follow, max-snippet:-1, max-image-preview:large, max-video-preview:-1\" \/>\n<link rel=\"canonical\" href=\"https:\/\/vetanco.com\/es\/vetanco-do-brasil-cierra-un-excelente-2009\/\" \/>\n<meta property=\"og:locale\" content=\"es_ES\" \/>\n<meta property=\"og:type\" content=\"article\" \/>\n<meta property=\"og:title\" content=\"Vetanco de Brasil cierra un excelente 2009 - Vetanco Argentina\" \/>\n<meta property=\"og:description\" content=\"Coordinada por el responsable de nuestra operaci\u00f3n en Brasil, Claudio Kracker, se realiz\u00f3 en Itapema la reuni\u00f3n de cierre de un a\u00f1o.\" \/>\n<meta property=\"og:url\" content=\"https:\/\/vetanco.com\/es\/vetanco-do-brasil-cierra-un-excelente-2009\/\" \/>\n<meta property=\"og:site_name\" content=\"Vetanco Argentina\" \/>\n<meta property=\"article:publisher\" content=\"https:\/\/www.facebook.com\/vetancoargentina\" \/>\n<meta property=\"article:published_time\" content=\"2009-12-15T13:17:00+00:00\" \/>\n<meta property=\"article:modified_time\" content=\"2025-03-14T18:51:37+00:00\" \/>\n<meta property=\"og:image\" content=\"https:\/\/vetanco.com\/es\/wp-content\/uploads\/2024\/09\/vetancodobrasilequipo-1.jpg\" \/>\n\t<meta property=\"og:image:width\" content=\"520\" \/>\n\t<meta property=\"og:image:height\" content=\"195\" \/>\n\t<meta property=\"og:image:type\" content=\"image\/jpeg\" \/>\n<meta name=\"author\" content=\"julian\" \/>\n<meta name=\"twitter:card\" content=\"summary_large_image\" \/>\n<meta name=\"twitter:label1\" content=\"Escrito por\" \/>\n\t<meta name=\"twitter:data1\" content=\"julian\" \/>\n\t<meta name=\"twitter:label2\" content=\"Tiempo de lectura\" \/>\n\t<meta name=\"twitter:data2\" content=\"2 minutos\" \/>\n<script type=\"application\/ld+json\" class=\"yoast-schema-graph\">{\"@context\":\"https:\\\/\\\/schema.org\",\"@graph\":[{\"@type\":\"Article\",\"@id\":\"https:\\\/\\\/vetanco.com\\\/es\\\/vetanco-do-brasil-cierra-un-excelente-2009\\\/#article\",\"isPartOf\":{\"@id\":\"https:\\\/\\\/vetanco.com\\\/es\\\/vetanco-do-brasil-cierra-un-excelente-2009\\\/\"},\"author\":{\"name\":\"julian\",\"@id\":\"https:\\\/\\\/vetanco.com\\\/es\\\/#\\\/schema\\\/person\\\/46afb38cfab0fe11bf52a9ded679bfcd\"},\"headline\":\"Vetanco de Brasil cierra un excelente 2009\",\"datePublished\":\"2009-12-15T13:17:00+00:00\",\"dateModified\":\"2025-03-14T18:51:37+00:00\",\"mainEntityOfPage\":{\"@id\":\"https:\\\/\\\/vetanco.com\\\/es\\\/vetanco-do-brasil-cierra-un-excelente-2009\\\/\"},\"wordCount\":360,\"commentCount\":0,\"image\":{\"@id\":\"https:\\\/\\\/vetanco.com\\\/es\\\/vetanco-do-brasil-cierra-un-excelente-2009\\\/#primaryimage\"},\"thumbnailUrl\":\"https:\\\/\\\/vetanco.com\\\/es\\\/wp-content\\\/uploads\\\/2024\\\/09\\\/vetancodobrasilequipo-1.jpg\",\"keywords\":[\"Floramax B11\",\"Perform Max Optmizer II\",\"UBA\",\"Vetanco\",\"Vetanco do Brasil\"],\"articleSection\":[\"Novedades\"],\"inLanguage\":\"es\",\"potentialAction\":[{\"@type\":\"CommentAction\",\"name\":\"Comment\",\"target\":[\"https:\\\/\\\/vetanco.com\\\/es\\\/vetanco-do-brasil-cierra-un-excelente-2009\\\/#respond\"]}]},{\"@type\":\"WebPage\",\"@id\":\"https:\\\/\\\/vetanco.com\\\/es\\\/vetanco-do-brasil-cierra-un-excelente-2009\\\/\",\"url\":\"https:\\\/\\\/vetanco.com\\\/es\\\/vetanco-do-brasil-cierra-un-excelente-2009\\\/\",\"name\":\"Vetanco de Brasil cierra un excelente 2009 - Vetanco Argentina\",\"isPartOf\":{\"@id\":\"https:\\\/\\\/vetanco.com\\\/es\\\/#website\"},\"primaryImageOfPage\":{\"@id\":\"https:\\\/\\\/vetanco.com\\\/es\\\/vetanco-do-brasil-cierra-un-excelente-2009\\\/#primaryimage\"},\"image\":{\"@id\":\"https:\\\/\\\/vetanco.com\\\/es\\\/vetanco-do-brasil-cierra-un-excelente-2009\\\/#primaryimage\"},\"thumbnailUrl\":\"https:\\\/\\\/vetanco.com\\\/es\\\/wp-content\\\/uploads\\\/2024\\\/09\\\/vetancodobrasilequipo-1.jpg\",\"datePublished\":\"2009-12-15T13:17:00+00:00\",\"dateModified\":\"2025-03-14T18:51:37+00:00\",\"author\":{\"@id\":\"https:\\\/\\\/vetanco.com\\\/es\\\/#\\\/schema\\\/person\\\/46afb38cfab0fe11bf52a9ded679bfcd\"},\"description\":\"Coordinada por el responsable de nuestra operaci\u00f3n en Brasil, Claudio Kracker, se realiz\u00f3 en Itapema la reuni\u00f3n de cierre de un a\u00f1o.\",\"breadcrumb\":{\"@id\":\"https:\\\/\\\/vetanco.com\\\/es\\\/vetanco-do-brasil-cierra-un-excelente-2009\\\/#breadcrumb\"},\"inLanguage\":\"es\",\"potentialAction\":[{\"@type\":\"ReadAction\",\"target\":[\"https:\\\/\\\/vetanco.com\\\/es\\\/vetanco-do-brasil-cierra-un-excelente-2009\\\/\"]}]},{\"@type\":\"ImageObject\",\"inLanguage\":\"es\",\"@id\":\"https:\\\/\\\/vetanco.com\\\/es\\\/vetanco-do-brasil-cierra-un-excelente-2009\\\/#primaryimage\",\"url\":\"https:\\\/\\\/vetanco.com\\\/es\\\/wp-content\\\/uploads\\\/2024\\\/09\\\/vetancodobrasilequipo-1.jpg\",\"contentUrl\":\"https:\\\/\\\/vetanco.com\\\/es\\\/wp-content\\\/uploads\\\/2024\\\/09\\\/vetancodobrasilequipo-1.jpg\",\"width\":520,\"height\":195},{\"@type\":\"BreadcrumbList\",\"@id\":\"https:\\\/\\\/vetanco.com\\\/es\\\/vetanco-do-brasil-cierra-un-excelente-2009\\\/#breadcrumb\",\"itemListElement\":[{\"@type\":\"ListItem\",\"position\":1,\"name\":\"In\u00edcio\",\"item\":\"https:\\\/\\\/vetanco.com\\\/es\\\/\"},{\"@type\":\"ListItem\",\"position\":2,\"name\":\"Vetanco de Brasil cierra un excelente 2009\"}]},{\"@type\":\"WebSite\",\"@id\":\"https:\\\/\\\/vetanco.com\\\/es\\\/#website\",\"url\":\"https:\\\/\\\/vetanco.com\\\/es\\\/\",\"name\":\"Vetanco Argentina\",\"description\":\"Productos Seguros para Alimentos Seguros\",\"potentialAction\":[{\"@type\":\"SearchAction\",\"target\":{\"@type\":\"EntryPoint\",\"urlTemplate\":\"https:\\\/\\\/vetanco.com\\\/es\\\/?s={search_term_string}\"},\"query-input\":{\"@type\":\"PropertyValueSpecification\",\"valueRequired\":true,\"valueName\":\"search_term_string\"}}],\"inLanguage\":\"es\"},{\"@type\":\"Person\",\"@id\":\"https:\\\/\\\/vetanco.com\\\/es\\\/#\\\/schema\\\/person\\\/46afb38cfab0fe11bf52a9ded679bfcd\",\"name\":\"julian\",\"image\":{\"@type\":\"ImageObject\",\"inLanguage\":\"es\",\"@id\":\"https:\\\/\\\/secure.gravatar.com\\\/avatar\\\/bc79426ed0651bb3545f906602e15ffcf6e4bdb7b02b2394b18705841d207f29?s=96&d=mm&r=g\",\"url\":\"https:\\\/\\\/secure.gravatar.com\\\/avatar\\\/bc79426ed0651bb3545f906602e15ffcf6e4bdb7b02b2394b18705841d207f29?s=96&d=mm&r=g\",\"contentUrl\":\"https:\\\/\\\/secure.gravatar.com\\\/avatar\\\/bc79426ed0651bb3545f906602e15ffcf6e4bdb7b02b2394b18705841d207f29?s=96&d=mm&r=g\",\"caption\":\"julian\"},\"url\":\"https:\\\/\\\/vetanco.com\\\/es\\\/author\\\/julian\\\/\"}]}<\/script>\n<!-- \/ Yoast SEO plugin. -->","yoast_head_json":{"title":"Vetanco de Brasil cierra un excelente 2009 - Vetanco Argentina","description":"Coordinada por el responsable de nuestra operaci\u00f3n en Brasil, Claudio Kracker, se realiz\u00f3 en Itapema la reuni\u00f3n de cierre de un a\u00f1o.","robots":{"index":"index","follow":"follow","max-snippet":"max-snippet:-1","max-image-preview":"max-image-preview:large","max-video-preview":"max-video-preview:-1"},"canonical":"https:\/\/vetanco.com\/es\/vetanco-do-brasil-cierra-un-excelente-2009\/","og_locale":"es_ES","og_type":"article","og_title":"Vetanco de Brasil cierra un excelente 2009 - Vetanco Argentina","og_description":"Coordinada por el responsable de nuestra operaci\u00f3n en Brasil, Claudio Kracker, se realiz\u00f3 en Itapema la reuni\u00f3n de cierre de un a\u00f1o.","og_url":"https:\/\/vetanco.com\/es\/vetanco-do-brasil-cierra-un-excelente-2009\/","og_site_name":"Vetanco Argentina","article_publisher":"https:\/\/www.facebook.com\/vetancoargentina","article_published_time":"2009-12-15T13:17:00+00:00","article_modified_time":"2025-03-14T18:51:37+00:00","og_image":[{"width":520,"height":195,"url":"https:\/\/vetanco.com\/es\/wp-content\/uploads\/2024\/09\/vetancodobrasilequipo-1.jpg","type":"image\/jpeg"}],"author":"julian","twitter_card":"summary_large_image","twitter_misc":{"Escrito por":"julian","Tiempo de lectura":"2 minutos"},"schema":{"@context":"https:\/\/schema.org","@graph":[{"@type":"Article","@id":"https:\/\/vetanco.com\/es\/vetanco-do-brasil-cierra-un-excelente-2009\/#article","isPartOf":{"@id":"https:\/\/vetanco.com\/es\/vetanco-do-brasil-cierra-un-excelente-2009\/"},"author":{"name":"julian","@id":"https:\/\/vetanco.com\/es\/#\/schema\/person\/46afb38cfab0fe11bf52a9ded679bfcd"},"headline":"Vetanco de Brasil cierra un excelente 2009","datePublished":"2009-12-15T13:17:00+00:00","dateModified":"2025-03-14T18:51:37+00:00","mainEntityOfPage":{"@id":"https:\/\/vetanco.com\/es\/vetanco-do-brasil-cierra-un-excelente-2009\/"},"wordCount":360,"commentCount":0,"image":{"@id":"https:\/\/vetanco.com\/es\/vetanco-do-brasil-cierra-un-excelente-2009\/#primaryimage"},"thumbnailUrl":"https:\/\/vetanco.com\/es\/wp-content\/uploads\/2024\/09\/vetancodobrasilequipo-1.jpg","keywords":["Floramax B11","Perform Max Optmizer II","UBA","Vetanco","Vetanco do Brasil"],"articleSection":["Novedades"],"inLanguage":"es","potentialAction":[{"@type":"CommentAction","name":"Comment","target":["https:\/\/vetanco.com\/es\/vetanco-do-brasil-cierra-un-excelente-2009\/#respond"]}]},{"@type":"WebPage","@id":"https:\/\/vetanco.com\/es\/vetanco-do-brasil-cierra-un-excelente-2009\/","url":"https:\/\/vetanco.com\/es\/vetanco-do-brasil-cierra-un-excelente-2009\/","name":"Vetanco de Brasil cierra un excelente 2009 - Vetanco Argentina","isPartOf":{"@id":"https:\/\/vetanco.com\/es\/#website"},"primaryImageOfPage":{"@id":"https:\/\/vetanco.com\/es\/vetanco-do-brasil-cierra-un-excelente-2009\/#primaryimage"},"image":{"@id":"https:\/\/vetanco.com\/es\/vetanco-do-brasil-cierra-un-excelente-2009\/#primaryimage"},"thumbnailUrl":"https:\/\/vetanco.com\/es\/wp-content\/uploads\/2024\/09\/vetancodobrasilequipo-1.jpg","datePublished":"2009-12-15T13:17:00+00:00","dateModified":"2025-03-14T18:51:37+00:00","author":{"@id":"https:\/\/vetanco.com\/es\/#\/schema\/person\/46afb38cfab0fe11bf52a9ded679bfcd"},"description":"Coordinada por el responsable de nuestra operaci\u00f3n en Brasil, Claudio Kracker, se realiz\u00f3 en Itapema la reuni\u00f3n de cierre de un a\u00f1o.","breadcrumb":{"@id":"https:\/\/vetanco.com\/es\/vetanco-do-brasil-cierra-un-excelente-2009\/#breadcrumb"},"inLanguage":"es","potentialAction":[{"@type":"ReadAction","target":["https:\/\/vetanco.com\/es\/vetanco-do-brasil-cierra-un-excelente-2009\/"]}]},{"@type":"ImageObject","inLanguage":"es","@id":"https:\/\/vetanco.com\/es\/vetanco-do-brasil-cierra-un-excelente-2009\/#primaryimage","url":"https:\/\/vetanco.com\/es\/wp-content\/uploads\/2024\/09\/vetancodobrasilequipo-1.jpg","contentUrl":"https:\/\/vetanco.com\/es\/wp-content\/uploads\/2024\/09\/vetancodobrasilequipo-1.jpg","width":520,"height":195},{"@type":"BreadcrumbList","@id":"https:\/\/vetanco.com\/es\/vetanco-do-brasil-cierra-un-excelente-2009\/#breadcrumb","itemListElement":[{"@type":"ListItem","position":1,"name":"In\u00edcio","item":"https:\/\/vetanco.com\/es\/"},{"@type":"ListItem","position":2,"name":"Vetanco de Brasil cierra un excelente 2009"}]},{"@type":"WebSite","@id":"https:\/\/vetanco.com\/es\/#website","url":"https:\/\/vetanco.com\/es\/","name":"Vetanco Argentina","description":"Productos Seguros para Alimentos Seguros","potentialAction":[{"@type":"SearchAction","target":{"@type":"EntryPoint","urlTemplate":"https:\/\/vetanco.com\/es\/?s={search_term_string}"},"query-input":{"@type":"PropertyValueSpecification","valueRequired":true,"valueName":"search_term_string"}}],"inLanguage":"es"},{"@type":"Person","@id":"https:\/\/vetanco.com\/es\/#\/schema\/person\/46afb38cfab0fe11bf52a9ded679bfcd","name":"julian","image":{"@type":"ImageObject","inLanguage":"es","@id":"https:\/\/secure.gravatar.com\/avatar\/bc79426ed0651bb3545f906602e15ffcf6e4bdb7b02b2394b18705841d207f29?s=96&d=mm&r=g","url":"https:\/\/secure.gravatar.com\/avatar\/bc79426ed0651bb3545f906602e15ffcf6e4bdb7b02b2394b18705841d207f29?s=96&d=mm&r=g","contentUrl":"https:\/\/secure.gravatar.com\/avatar\/bc79426ed0651bb3545f906602e15ffcf6e4bdb7b02b2394b18705841d207f29?s=96&d=mm&r=g","caption":"julian"},"url":"https:\/\/vetanco.com\/es\/author\/julian\/"}]}},"_links":{"self":[{"href":"https:\/\/vetanco.com\/es\/wp-json\/wp\/v2\/posts\/9684","targetHints":{"allow":["GET"]}}],"collection":[{"href":"https:\/\/vetanco.com\/es\/wp-json\/wp\/v2\/posts"}],"about":[{"href":"https:\/\/vetanco.com\/es\/wp-json\/wp\/v2\/types\/post"}],"author":[{"embeddable":true,"href":"https:\/\/vetanco.com\/es\/wp-json\/wp\/v2\/users\/8"}],"replies":[{"embeddable":true,"href":"https:\/\/vetanco.com\/es\/wp-json\/wp\/v2\/comments?post=9684"}],"version-history":[{"count":2,"href":"https:\/\/vetanco.com\/es\/wp-json\/wp\/v2\/posts\/9684\/revisions"}],"predecessor-version":[{"id":14163,"href":"https:\/\/vetanco.com\/es\/wp-json\/wp\/v2\/posts\/9684\/revisions\/14163"}],"wp:featuredmedia":[{"embeddable":true,"href":"https:\/\/vetanco.com\/es\/wp-json\/wp\/v2\/media\/9686"}],"wp:attachment":[{"href":"https:\/\/vetanco.com\/es\/wp-json\/wp\/v2\/media?parent=9684"}],"wp:term":[{"taxonomy":"category","embeddable":true,"href":"https:\/\/vetanco.com\/es\/wp-json\/wp\/v2\/categories?post=9684"},{"taxonomy":"post_tag","embeddable":true,"href":"https:\/\/vetanco.com\/es\/wp-json\/wp\/v2\/tags?post=9684"}],"curies":[{"name":"wp","href":"https:\/\/api.w.org\/{rel}","templated":true}]}}