{"id":12699,"date":"2025-02-14T10:46:00","date_gmt":"2025-02-14T13:46:00","guid":{"rendered":"https:\/\/vetanco.com\/es\/?p=14043"},"modified":"2025-02-28T09:21:57","modified_gmt":"2025-02-28T15:21:57","slug":"vetanco-mexico-presente-amvecaj-2025","status":"publish","type":"post","link":"https:\/\/vetanco.com\/mx\/vetanco-mexico-presente-amvecaj-2025\/","title":{"rendered":"Vetanco M\u00e9xico presente en AMVECAJ 2025\u00a0"},"content":{"rendered":"\n\n\n<p>Del 5 al 7 de febrero Vetanco M\u00e9xico particip\u00f3 en el <strong>XXXI Congreso Internacional AMVECAJ 2025: \u00abGranjas Eficientes y Saludables, Resultados Rentables\u00bb<\/strong>. Este evento es organizado por La <a href=\"https:\/\/www.amvecaj.mx\/\" target=\"_blank\" rel=\"noreferrer noopener\">Asociaci\u00f3n de M\u00e9dicos Veterinarios Especialistas en Cerdos de los Altos de Jalisco A.C.<\/a> (AMVECAJ), el cual se llev\u00f3 a cabo en el Parque Bicentenario, en Tepatitl\u00e1n de Morelos, Jalisco.<\/p>\n\n\n\n<figure class=\"wp-block-image size-large\"><img decoding=\"async\" src=\"https:\/\/vetanco.com\/es\/wp-content\/uploads\/2025\/02\/NOTA_01-1024x680.jpg\" alt=\"\" class=\"wp-image-14044\"\/><figcaption class=\"wp-element-caption\"><strong>Equipo t\u00e9cnico comecial de Vetanco M\u00e9xico, Divisi\u00f3n Cerdos<\/strong><\/figcaption><\/figure>\n\n\n\n<p>El evento congreg\u00f3 a m\u00e1s de 2.200 profesionales del sector porcino mexicano y abord\u00f3 las principales tem\u00e1ticas de inter\u00e9s para la industria. El programa cient\u00edfico estuvo conformado por 4 precongresos, conferencias magistrales y talleres.<\/p>\n\n\n\n<figure class=\"wp-block-gallery has-nested-images columns-default is-cropped wp-block-gallery-2 is-layout-flex wp-block-gallery-is-layout-flex\">\n<figure class=\"wp-block-image size-large\"><img decoding=\"async\" data-id=\"14049\" src=\"https:\/\/vetanco.com\/es\/wp-content\/uploads\/2025\/02\/NOTA_03-1-1024x680.jpg\" alt=\"\" class=\"wp-image-14049\"\/><\/figure>\n\n\n\n<figure class=\"wp-block-image size-large\"><img decoding=\"async\" data-id=\"14048\" src=\"https:\/\/vetanco.com\/es\/wp-content\/uploads\/2025\/02\/NOTA_04-1-1024x680.jpg\" alt=\"\" class=\"wp-image-14048\"\/><\/figure>\n<\/figure>\n\n\n\n<figure class=\"wp-block-gallery has-nested-images columns-default is-cropped wp-block-gallery-3 is-layout-flex wp-block-gallery-is-layout-flex\">\n<figure class=\"wp-block-image size-large\"><img decoding=\"async\" data-id=\"14050\" src=\"https:\/\/vetanco.com\/es\/wp-content\/uploads\/2025\/02\/NOTA_06-1024x680.jpg\" alt=\"\" class=\"wp-image-14050\"\/><\/figure>\n\n\n\n<figure class=\"wp-block-image size-large\"><img decoding=\"async\" data-id=\"14052\" src=\"https:\/\/vetanco.com\/es\/wp-content\/uploads\/2025\/02\/NOTA_07-1024x680.jpg\" alt=\"\" class=\"wp-image-14052\"\/><\/figure>\n<\/figure>\n\n\n\n<figure class=\"wp-block-gallery has-nested-images columns-default is-cropped wp-block-gallery-4 is-layout-flex wp-block-gallery-is-layout-flex\">\n<figure class=\"wp-block-image size-large\"><img decoding=\"async\" data-id=\"14054\" src=\"https:\/\/vetanco.com\/es\/wp-content\/uploads\/2025\/02\/NOTA_09-1024x680.jpg\" alt=\"\" class=\"wp-image-14054\"\/><\/figure>\n\n\n\n<figure class=\"wp-block-image size-large\"><img decoding=\"async\" data-id=\"14056\" src=\"https:\/\/vetanco.com\/es\/wp-content\/uploads\/2025\/02\/NOTA_10-1024x680.jpg\" alt=\"\" class=\"wp-image-14056\"\/><\/figure>\n<\/figure>\n\n\n\n<figure class=\"wp-block-gallery has-nested-images columns-default is-cropped wp-block-gallery-5 is-layout-flex wp-block-gallery-is-layout-flex\">\n<figure class=\"wp-block-image size-large\"><img decoding=\"async\" data-id=\"14058\" src=\"https:\/\/vetanco.com\/es\/wp-content\/uploads\/2025\/02\/NOTA_11-1024x680.jpg\" alt=\"\" class=\"wp-image-14058\"\/><\/figure>\n\n\n\n<figure class=\"wp-block-image size-large\"><img decoding=\"async\" data-id=\"14060\" src=\"https:\/\/vetanco.com\/es\/wp-content\/uploads\/2025\/02\/NOTA_12-1024x680.jpg\" alt=\"\" class=\"wp-image-14060\"\/><\/figure>\n<\/figure>\n\n\n\n<figure class=\"wp-block-gallery has-nested-images columns-default is-cropped wp-block-gallery-6 is-layout-flex wp-block-gallery-is-layout-flex\">\n<figure class=\"wp-block-image size-large\"><img decoding=\"async\" data-id=\"14062\" src=\"https:\/\/vetanco.com\/es\/wp-content\/uploads\/2025\/02\/NOTA_13-1024x680.jpg\" alt=\"\" class=\"wp-image-14062\"\/><\/figure>\n\n\n\n<figure class=\"wp-block-image size-large\"><img decoding=\"async\" data-id=\"14064\" src=\"https:\/\/vetanco.com\/es\/wp-content\/uploads\/2025\/02\/NOTA_02-1-1024x680.jpg\" alt=\"\" class=\"wp-image-14064\"\/><\/figure>\n<\/figure>\n\n\n\n<p><strong>Vetanco<\/strong> particip\u00f3 con un stand en el \u00e1rea comercial, donde se reforz\u00f3 la identidad e imagen de la marca. Se brind\u00f3 informaci\u00f3n y asesor\u00eda t\u00e9cnico comercial sobre los productos de la l\u00ednea para cerdos de <a href=\"https:\/\/www.bvscience.com\/\" target=\"_blank\" rel=\"noreferrer noopener\"><strong>BV Science<\/strong><\/a>, como son: <a href=\"https:\/\/vetanco.com\/mx\/produto\/detoxa-plus\/\" target=\"_blank\" rel=\"noreferrer noopener\"><strong>Detoxa Plus<\/strong><\/a><strong>, <\/strong><a href=\"https:\/\/vetanco.com\/mx\/produto\/uniwall-mos\/\" target=\"_blank\" rel=\"noreferrer noopener\"><strong>Uniwall MOS<\/strong><\/a><strong>, <\/strong><a href=\"https:\/\/vetanco.com\/mx\/produto\/dysantic\/\" target=\"_blank\" rel=\"noreferrer noopener\"><strong>Dysantic<\/strong><\/a><strong>, <\/strong><a href=\"https:\/\/vetanco.com\/mx\/produto\/di-heptarine-s-solucion\/\" target=\"_blank\" rel=\"noreferrer noopener\"><strong>Di Heptarine S<\/strong><\/a><strong>, <\/strong><a href=\"https:\/\/vetanco.com\/mx\/produto\/herbanoplex-cp\/\" target=\"_blank\" rel=\"noreferrer noopener\"><strong>Herbanoplex CP<\/strong><\/a><strong>, <\/strong><a href=\"https:\/\/vetanco.com\/mx\/produto\/zymospore\/\" target=\"_blank\" rel=\"noreferrer noopener\"><strong>Zymospore<\/strong><\/a> y <a href=\"https:\/\/vetanco.com\/mx\/produto\/microflud-ceft-ad-k\/\" target=\"_blank\" rel=\"noreferrer noopener\"><strong>Microflud CEFT AD K<\/strong><\/a>. Para <strong>Vetanco M\u00e9xico<\/strong> esta reuni\u00f3n ha sido una oportunidad para mantener la relaci\u00f3n con sus distribuidores y crear v\u00ednculos, siempre enfocados en las necesidades y deseos de los clientes.<\/p>\n","protected":false},"excerpt":{"rendered":"<p>Del 5 al 7 de febrero Vetanco M\u00e9xico particip\u00f3 en el XXXI Congreso Internacional AMVECAJ 2025: \u00abGranjas Eficientes y Saludables, Resultados Rentables\u00bb. Este evento es organizado por La Asociaci\u00f3n de M\u00e9dicos Veterinarios Especialistas en Cerdos de los Altos de Jalisco A.C. (AMVECAJ), el cual se llev\u00f3 a cabo en el Parque Bicentenario, en Tepatitl\u00e1n de [&#8230;]\n","protected":false},"author":8,"featured_media":11361,"comment_status":"open","ping_status":"open","sticky":false,"template":"","format":"standard","meta":{"footnotes":""},"categories":[22],"tags":[179,348,27,67],"class_list":["post-12699","post","type-post","status-publish","format-standard","has-post-thumbnail","hentry","category-eventos","tag-amvecaj","tag-amvecaj-2025","tag-vetanco","tag-vetanco-mexico"],"yoast_head":"<!-- This site is optimized with the Yoast SEO plugin v27.3 - https:\/\/yoast.com\/product\/yoast-seo-wordpress\/ -->\n<title>Vetanco M\u00e9xico presente en AMVECAJ 2025\u00a0 - Vetanco Mexico<\/title>\n<meta name=\"description\" content=\"El evento congreg\u00f3 a m\u00e1s de 2.200 profesionales del sector porcino mexicano y abord\u00f3 las principales tem\u00e1ticas de inter\u00e9s para la industria.\" \/>\n<meta name=\"robots\" content=\"index, follow, max-snippet:-1, max-image-preview:large, max-video-preview:-1\" \/>\n<link rel=\"canonical\" href=\"https:\/\/vetanco.com\/mx\/vetanco-mexico-presente-amvecaj-2025\/\" \/>\n<meta property=\"og:locale\" content=\"es_ES\" \/>\n<meta property=\"og:type\" content=\"article\" \/>\n<meta property=\"og:title\" content=\"Vetanco M\u00e9xico presente en AMVECAJ 2025\u00a0 - Vetanco Mexico\" \/>\n<meta property=\"og:description\" content=\"El evento congreg\u00f3 a m\u00e1s de 2.200 profesionales del sector porcino mexicano y abord\u00f3 las principales tem\u00e1ticas de inter\u00e9s para la industria.\" \/>\n<meta property=\"og:url\" content=\"https:\/\/vetanco.com\/mx\/vetanco-mexico-presente-amvecaj-2025\/\" \/>\n<meta property=\"og:site_name\" content=\"Vetanco Mexico\" \/>\n<meta property=\"article:published_time\" content=\"2025-02-14T13:46:00+00:00\" \/>\n<meta property=\"article:modified_time\" content=\"2025-02-28T15:21:57+00:00\" \/>\n<meta property=\"og:image\" content=\"https:\/\/vetanco.com\/mx\/wp-content\/uploads\/2024\/11\/NOTA_01.jpg\" \/>\n\t<meta property=\"og:image:width\" content=\"1280\" \/>\n\t<meta property=\"og:image:height\" content=\"960\" \/>\n\t<meta property=\"og:image:type\" content=\"image\/jpeg\" \/>\n<meta name=\"author\" content=\"julian\" \/>\n<meta name=\"twitter:card\" content=\"summary_large_image\" \/>\n<meta name=\"twitter:label1\" content=\"Escrito por\" \/>\n\t<meta name=\"twitter:data1\" content=\"julian\" \/>\n\t<meta name=\"twitter:label2\" content=\"Tiempo de lectura\" \/>\n\t<meta name=\"twitter:data2\" content=\"4 minutos\" \/>\n<script type=\"application\/ld+json\" class=\"yoast-schema-graph\">{\"@context\":\"https:\\\/\\\/schema.org\",\"@graph\":[{\"@type\":\"Article\",\"@id\":\"https:\\\/\\\/vetanco.com\\\/mx\\\/vetanco-mexico-presente-amvecaj-2025\\\/#article\",\"isPartOf\":{\"@id\":\"https:\\\/\\\/vetanco.com\\\/mx\\\/vetanco-mexico-presente-amvecaj-2025\\\/\"},\"author\":{\"name\":\"julian\",\"@id\":\"https:\\\/\\\/vetanco.com\\\/mx\\\/#\\\/schema\\\/person\\\/46afb38cfab0fe11bf52a9ded679bfcd\"},\"headline\":\"Vetanco M\u00e9xico presente en AMVECAJ 2025\u00a0\",\"datePublished\":\"2025-02-14T13:46:00+00:00\",\"dateModified\":\"2025-02-28T15:21:57+00:00\",\"mainEntityOfPage\":{\"@id\":\"https:\\\/\\\/vetanco.com\\\/mx\\\/vetanco-mexico-presente-amvecaj-2025\\\/\"},\"wordCount\":204,\"commentCount\":0,\"image\":{\"@id\":\"https:\\\/\\\/vetanco.com\\\/mx\\\/vetanco-mexico-presente-amvecaj-2025\\\/#primaryimage\"},\"thumbnailUrl\":\"https:\\\/\\\/vetanco.com\\\/mx\\\/wp-content\\\/uploads\\\/2024\\\/11\\\/NOTA_01.jpg\",\"keywords\":[\"AMVECAJ\",\"AMVECAJ 2025\",\"Vetanco\",\"Vetanco M\u00e9xico\"],\"articleSection\":[\"Eventos\"],\"inLanguage\":\"es\",\"potentialAction\":[{\"@type\":\"CommentAction\",\"name\":\"Comment\",\"target\":[\"https:\\\/\\\/vetanco.com\\\/mx\\\/vetanco-mexico-presente-amvecaj-2025\\\/#respond\"]}]},{\"@type\":\"WebPage\",\"@id\":\"https:\\\/\\\/vetanco.com\\\/mx\\\/vetanco-mexico-presente-amvecaj-2025\\\/\",\"url\":\"https:\\\/\\\/vetanco.com\\\/mx\\\/vetanco-mexico-presente-amvecaj-2025\\\/\",\"name\":\"Vetanco M\u00e9xico presente en AMVECAJ 2025\u00a0 - Vetanco Mexico\",\"isPartOf\":{\"@id\":\"https:\\\/\\\/vetanco.com\\\/mx\\\/#website\"},\"primaryImageOfPage\":{\"@id\":\"https:\\\/\\\/vetanco.com\\\/mx\\\/vetanco-mexico-presente-amvecaj-2025\\\/#primaryimage\"},\"image\":{\"@id\":\"https:\\\/\\\/vetanco.com\\\/mx\\\/vetanco-mexico-presente-amvecaj-2025\\\/#primaryimage\"},\"thumbnailUrl\":\"https:\\\/\\\/vetanco.com\\\/mx\\\/wp-content\\\/uploads\\\/2024\\\/11\\\/NOTA_01.jpg\",\"datePublished\":\"2025-02-14T13:46:00+00:00\",\"dateModified\":\"2025-02-28T15:21:57+00:00\",\"author\":{\"@id\":\"https:\\\/\\\/vetanco.com\\\/mx\\\/#\\\/schema\\\/person\\\/46afb38cfab0fe11bf52a9ded679bfcd\"},\"description\":\"El evento congreg\u00f3 a m\u00e1s de 2.200 profesionales del sector porcino mexicano y abord\u00f3 las principales tem\u00e1ticas de inter\u00e9s para la industria.\",\"breadcrumb\":{\"@id\":\"https:\\\/\\\/vetanco.com\\\/mx\\\/vetanco-mexico-presente-amvecaj-2025\\\/#breadcrumb\"},\"inLanguage\":\"es\",\"potentialAction\":[{\"@type\":\"ReadAction\",\"target\":[\"https:\\\/\\\/vetanco.com\\\/mx\\\/vetanco-mexico-presente-amvecaj-2025\\\/\"]}]},{\"@type\":\"ImageObject\",\"inLanguage\":\"es\",\"@id\":\"https:\\\/\\\/vetanco.com\\\/mx\\\/vetanco-mexico-presente-amvecaj-2025\\\/#primaryimage\",\"url\":\"https:\\\/\\\/vetanco.com\\\/mx\\\/wp-content\\\/uploads\\\/2024\\\/11\\\/NOTA_01.jpg\",\"contentUrl\":\"https:\\\/\\\/vetanco.com\\\/mx\\\/wp-content\\\/uploads\\\/2024\\\/11\\\/NOTA_01.jpg\",\"width\":1280,\"height\":960},{\"@type\":\"BreadcrumbList\",\"@id\":\"https:\\\/\\\/vetanco.com\\\/mx\\\/vetanco-mexico-presente-amvecaj-2025\\\/#breadcrumb\",\"itemListElement\":[{\"@type\":\"ListItem\",\"position\":1,\"name\":\"In\u00edcio\",\"item\":\"https:\\\/\\\/vetanco.com\\\/mx\\\/\"},{\"@type\":\"ListItem\",\"position\":2,\"name\":\"Vetanco M\u00e9xico presente en AMVECAJ 2025\u00a0\"}]},{\"@type\":\"WebSite\",\"@id\":\"https:\\\/\\\/vetanco.com\\\/mx\\\/#website\",\"url\":\"https:\\\/\\\/vetanco.com\\\/mx\\\/\",\"name\":\"Vetanco Mexico\",\"description\":\"Productos Seguros para Alimentos Seguros\",\"potentialAction\":[{\"@type\":\"SearchAction\",\"target\":{\"@type\":\"EntryPoint\",\"urlTemplate\":\"https:\\\/\\\/vetanco.com\\\/mx\\\/?s={search_term_string}\"},\"query-input\":{\"@type\":\"PropertyValueSpecification\",\"valueRequired\":true,\"valueName\":\"search_term_string\"}}],\"inLanguage\":\"es\"},{\"@type\":\"Person\",\"@id\":\"https:\\\/\\\/vetanco.com\\\/mx\\\/#\\\/schema\\\/person\\\/46afb38cfab0fe11bf52a9ded679bfcd\",\"name\":\"julian\",\"image\":{\"@type\":\"ImageObject\",\"inLanguage\":\"es\",\"@id\":\"https:\\\/\\\/secure.gravatar.com\\\/avatar\\\/bc79426ed0651bb3545f906602e15ffcf6e4bdb7b02b2394b18705841d207f29?s=96&d=mm&r=g\",\"url\":\"https:\\\/\\\/secure.gravatar.com\\\/avatar\\\/bc79426ed0651bb3545f906602e15ffcf6e4bdb7b02b2394b18705841d207f29?s=96&d=mm&r=g\",\"contentUrl\":\"https:\\\/\\\/secure.gravatar.com\\\/avatar\\\/bc79426ed0651bb3545f906602e15ffcf6e4bdb7b02b2394b18705841d207f29?s=96&d=mm&r=g\",\"caption\":\"julian\"},\"url\":\"https:\\\/\\\/vetanco.com\\\/mx\\\/author\\\/julian\\\/\"}]}<\/script>\n<!-- \/ Yoast SEO plugin. -->","yoast_head_json":{"title":"Vetanco M\u00e9xico presente en AMVECAJ 2025\u00a0 - Vetanco Mexico","description":"El evento congreg\u00f3 a m\u00e1s de 2.200 profesionales del sector porcino mexicano y abord\u00f3 las principales tem\u00e1ticas de inter\u00e9s para la industria.","robots":{"index":"index","follow":"follow","max-snippet":"max-snippet:-1","max-image-preview":"max-image-preview:large","max-video-preview":"max-video-preview:-1"},"canonical":"https:\/\/vetanco.com\/mx\/vetanco-mexico-presente-amvecaj-2025\/","og_locale":"es_ES","og_type":"article","og_title":"Vetanco M\u00e9xico presente en AMVECAJ 2025\u00a0 - Vetanco Mexico","og_description":"El evento congreg\u00f3 a m\u00e1s de 2.200 profesionales del sector porcino mexicano y abord\u00f3 las principales tem\u00e1ticas de inter\u00e9s para la industria.","og_url":"https:\/\/vetanco.com\/mx\/vetanco-mexico-presente-amvecaj-2025\/","og_site_name":"Vetanco Mexico","article_published_time":"2025-02-14T13:46:00+00:00","article_modified_time":"2025-02-28T15:21:57+00:00","og_image":[{"width":1280,"height":960,"url":"https:\/\/vetanco.com\/mx\/wp-content\/uploads\/2024\/11\/NOTA_01.jpg","type":"image\/jpeg"}],"author":"julian","twitter_card":"summary_large_image","twitter_misc":{"Escrito por":"julian","Tiempo de lectura":"4 minutos"},"schema":{"@context":"https:\/\/schema.org","@graph":[{"@type":"Article","@id":"https:\/\/vetanco.com\/mx\/vetanco-mexico-presente-amvecaj-2025\/#article","isPartOf":{"@id":"https:\/\/vetanco.com\/mx\/vetanco-mexico-presente-amvecaj-2025\/"},"author":{"name":"julian","@id":"https:\/\/vetanco.com\/mx\/#\/schema\/person\/46afb38cfab0fe11bf52a9ded679bfcd"},"headline":"Vetanco M\u00e9xico presente en AMVECAJ 2025\u00a0","datePublished":"2025-02-14T13:46:00+00:00","dateModified":"2025-02-28T15:21:57+00:00","mainEntityOfPage":{"@id":"https:\/\/vetanco.com\/mx\/vetanco-mexico-presente-amvecaj-2025\/"},"wordCount":204,"commentCount":0,"image":{"@id":"https:\/\/vetanco.com\/mx\/vetanco-mexico-presente-amvecaj-2025\/#primaryimage"},"thumbnailUrl":"https:\/\/vetanco.com\/mx\/wp-content\/uploads\/2024\/11\/NOTA_01.jpg","keywords":["AMVECAJ","AMVECAJ 2025","Vetanco","Vetanco M\u00e9xico"],"articleSection":["Eventos"],"inLanguage":"es","potentialAction":[{"@type":"CommentAction","name":"Comment","target":["https:\/\/vetanco.com\/mx\/vetanco-mexico-presente-amvecaj-2025\/#respond"]}]},{"@type":"WebPage","@id":"https:\/\/vetanco.com\/mx\/vetanco-mexico-presente-amvecaj-2025\/","url":"https:\/\/vetanco.com\/mx\/vetanco-mexico-presente-amvecaj-2025\/","name":"Vetanco M\u00e9xico presente en AMVECAJ 2025\u00a0 - Vetanco Mexico","isPartOf":{"@id":"https:\/\/vetanco.com\/mx\/#website"},"primaryImageOfPage":{"@id":"https:\/\/vetanco.com\/mx\/vetanco-mexico-presente-amvecaj-2025\/#primaryimage"},"image":{"@id":"https:\/\/vetanco.com\/mx\/vetanco-mexico-presente-amvecaj-2025\/#primaryimage"},"thumbnailUrl":"https:\/\/vetanco.com\/mx\/wp-content\/uploads\/2024\/11\/NOTA_01.jpg","datePublished":"2025-02-14T13:46:00+00:00","dateModified":"2025-02-28T15:21:57+00:00","author":{"@id":"https:\/\/vetanco.com\/mx\/#\/schema\/person\/46afb38cfab0fe11bf52a9ded679bfcd"},"description":"El evento congreg\u00f3 a m\u00e1s de 2.200 profesionales del sector porcino mexicano y abord\u00f3 las principales tem\u00e1ticas de inter\u00e9s para la industria.","breadcrumb":{"@id":"https:\/\/vetanco.com\/mx\/vetanco-mexico-presente-amvecaj-2025\/#breadcrumb"},"inLanguage":"es","potentialAction":[{"@type":"ReadAction","target":["https:\/\/vetanco.com\/mx\/vetanco-mexico-presente-amvecaj-2025\/"]}]},{"@type":"ImageObject","inLanguage":"es","@id":"https:\/\/vetanco.com\/mx\/vetanco-mexico-presente-amvecaj-2025\/#primaryimage","url":"https:\/\/vetanco.com\/mx\/wp-content\/uploads\/2024\/11\/NOTA_01.jpg","contentUrl":"https:\/\/vetanco.com\/mx\/wp-content\/uploads\/2024\/11\/NOTA_01.jpg","width":1280,"height":960},{"@type":"BreadcrumbList","@id":"https:\/\/vetanco.com\/mx\/vetanco-mexico-presente-amvecaj-2025\/#breadcrumb","itemListElement":[{"@type":"ListItem","position":1,"name":"In\u00edcio","item":"https:\/\/vetanco.com\/mx\/"},{"@type":"ListItem","position":2,"name":"Vetanco M\u00e9xico presente en AMVECAJ 2025\u00a0"}]},{"@type":"WebSite","@id":"https:\/\/vetanco.com\/mx\/#website","url":"https:\/\/vetanco.com\/mx\/","name":"Vetanco Mexico","description":"Productos Seguros para Alimentos Seguros","potentialAction":[{"@type":"SearchAction","target":{"@type":"EntryPoint","urlTemplate":"https:\/\/vetanco.com\/mx\/?s={search_term_string}"},"query-input":{"@type":"PropertyValueSpecification","valueRequired":true,"valueName":"search_term_string"}}],"inLanguage":"es"},{"@type":"Person","@id":"https:\/\/vetanco.com\/mx\/#\/schema\/person\/46afb38cfab0fe11bf52a9ded679bfcd","name":"julian","image":{"@type":"ImageObject","inLanguage":"es","@id":"https:\/\/secure.gravatar.com\/avatar\/bc79426ed0651bb3545f906602e15ffcf6e4bdb7b02b2394b18705841d207f29?s=96&d=mm&r=g","url":"https:\/\/secure.gravatar.com\/avatar\/bc79426ed0651bb3545f906602e15ffcf6e4bdb7b02b2394b18705841d207f29?s=96&d=mm&r=g","contentUrl":"https:\/\/secure.gravatar.com\/avatar\/bc79426ed0651bb3545f906602e15ffcf6e4bdb7b02b2394b18705841d207f29?s=96&d=mm&r=g","caption":"julian"},"url":"https:\/\/vetanco.com\/mx\/author\/julian\/"}]}},"_links":{"self":[{"href":"https:\/\/vetanco.com\/mx\/wp-json\/wp\/v2\/posts\/12699","targetHints":{"allow":["GET"]}}],"collection":[{"href":"https:\/\/vetanco.com\/mx\/wp-json\/wp\/v2\/posts"}],"about":[{"href":"https:\/\/vetanco.com\/mx\/wp-json\/wp\/v2\/types\/post"}],"author":[{"embeddable":true,"href":"https:\/\/vetanco.com\/mx\/wp-json\/wp\/v2\/users\/8"}],"replies":[{"embeddable":true,"href":"https:\/\/vetanco.com\/mx\/wp-json\/wp\/v2\/comments?post=12699"}],"version-history":[{"count":1,"href":"https:\/\/vetanco.com\/mx\/wp-json\/wp\/v2\/posts\/12699\/revisions"}],"predecessor-version":[{"id":12701,"href":"https:\/\/vetanco.com\/mx\/wp-json\/wp\/v2\/posts\/12699\/revisions\/12701"}],"wp:featuredmedia":[{"embeddable":true,"href":"https:\/\/vetanco.com\/mx\/wp-json\/wp\/v2\/media\/11361"}],"wp:attachment":[{"href":"https:\/\/vetanco.com\/mx\/wp-json\/wp\/v2\/media?parent=12699"}],"wp:term":[{"taxonomy":"category","embeddable":true,"href":"https:\/\/vetanco.com\/mx\/wp-json\/wp\/v2\/categories?post=12699"},{"taxonomy":"post_tag","embeddable":true,"href":"https:\/\/vetanco.com\/mx\/wp-json\/wp\/v2\/tags?post=12699"}],"curies":[{"name":"wp","href":"https:\/\/api.w.org\/{rel}","templated":true}]}}